{"id":639754,"date":"2024-11-06T00:01:03","date_gmt":"2024-11-06T06:01:03","guid":{"rendered":"https:\/\/www.diarioimagen.net\/?p=639754"},"modified":"2024-11-06T22:50:59","modified_gmt":"2024-11-07T04:50:59","slug":"se-reduce-el-poder-adquisitivo-de-sueldos-profesionales-en-mexico","status":"publish","type":"post","link":"https:\/\/www.diarioimagen.net\/?p=639754","title":{"rendered":"Se reduce el poder adquisitivo de sueldos profesionales en\u00a0M\u00e9xico"},"content":{"rendered":"<p>&nbsp;<\/p>\n<h2 style=\"text-align: center;\">Aumentos al minisalario lo ponen en jaque<\/h2>\n<p>&nbsp;<\/p>\n<ul>\n<li><strong><em>La remuneraci\u00f3n b\u00e1sica sube 13.5% anual y el ajuste en el resto de los niveles crece 5.5% anual<\/em><\/strong><\/li>\n<\/ul>\n<p>&nbsp;<\/p>\n<div id=\"attachment_639855\" style=\"width: 470px\" class=\"wp-caption aligncenter\"><a href=\"https:\/\/www.diarioimagen.net\/?attachment_id=639855\" rel=\"attachment wp-att-639855\"><img loading=\"lazy\" decoding=\"async\" aria-describedby=\"caption-attachment-639855\" class=\"size-full wp-image-639855\" src=\"https:\/\/www.diarioimagen.net\/wp-content\/uploads\/2024\/11\/se-reduce-poder-adquisitivo.jpg\" alt=\"\" width=\"460\" height=\"270\" srcset=\"https:\/\/www.diarioimagen.net\/wp-content\/uploads\/2024\/11\/se-reduce-poder-adquisitivo.jpg 460w, https:\/\/www.diarioimagen.net\/wp-content\/uploads\/2024\/11\/se-reduce-poder-adquisitivo-240x141.jpg 240w\" sizes=\"auto, (max-width: 460px) 100vw, 460px\" \/><\/a><p id=\"caption-attachment-639855\" class=\"wp-caption-text\">En los \u00faltimos seis a\u00f1os, el salario m\u00ednimo en el pa\u00eds ha tenido aumentos en promedio de 13.5% anual, mientras que en el resto de los niveles de sueldo estos ajustes han sido de alrededor de 5.5% anual.<\/p><\/div>\n<p>&nbsp;<\/p>\n<p>Un informe de la firma WTW indica que el salario m\u00ednimo en M\u00e9xico ha tenido una mejora del 26% en su poder adquisitivo, aunque esta no ha sido la misma realidad para los sueldos profesionales y gerenciales.<\/p>\n<p>De acuerdo con el informe Transformaci\u00f3n salarial y de capacidad de compra de los sueldos de la consultor\u00eda, entre 2018-2024 el poder adquisitivo de los trabajos profesionales disminuy\u00f3 25% y a nivel de gerencia media esa p\u00e9rdida se elev\u00f3 al 36 por ciento.<\/p>\n<p>Desde el 2018 los incrementos al salario m\u00ednimo han tenido un ritmo m\u00e1s acelerado en comparaci\u00f3n con el resto de las remuneraciones, esto ha generado un rezago en el poder adquisitivo de otros perfiles salariales, seg\u00fan el an\u00e1lisis de la firma.<\/p>\n<p>\u201cSabemos que es necesario continuar incrementando el salario del personal de los niveles m\u00e1s b\u00e1sicos. Sin embargo, este aumento deber\u00e1 estar sustentado en mayor productividad y crecimiento del PIB, apoyado en personal m\u00e1s capacitado, que agregue m\u00e1s valor al trabajo, porque de no ser as\u00ed, lo \u00fanico que se lograr\u00e1 es mejorar la distribuci\u00f3n de la riqueza, pero acompa\u00f1ada de inflaci\u00f3n, que terminar\u00e1 por afectar a los dem\u00e1s segmentos de la poblaci\u00f3n\u201d, dice Jorge Romero, director asociado de Compensaci\u00f3n y Beneficios de WTW M\u00e9xico.<\/p>\n<p>Por ejemplo, en los \u00faltimos seis a\u00f1os el salario m\u00ednimo ha tenido aumentos en promedio de 13.5% anual, en el resto de los niveles de sueldo esos ajustes han sido de alrededor de 5.5% anual. Eso significa que la remuneraci\u00f3n b\u00e1sica ha crecido por arriba de la inflaci\u00f3n, a diferencia del resto de los perfiles salariales que han compensado poco el incremento de precios al consumidor, de acuerdo con los hallazgos de la consultor\u00eda.<\/p>\n<p>Es el comportamiento de la inflaci\u00f3n en los \u00faltimos a\u00f1os, indica Jorge Romero, lo que ha influido en buena medida en la disparidad entre el poder adquisitivo de quienes se han beneficiado de los aumentos a la remuneraci\u00f3n b\u00e1sica y entre las personas que se encontraban en niveles salariales m\u00e1s elevados.<\/p>\n<p>Pero la merma de la capacidad de consumo de los trabajadores con salarios profesionales o gerenciales no es el \u00fanico reto que enfrentan las empresas en torno al crecimiento del aumento a la remuneraci\u00f3n b\u00e1sica.<\/p>\n<p>De acuerdo con estimaciones de AON, de mantenerse los aumentos al salario m\u00ednimo en tasas de 12% anual, la referencia salarial equiparar\u00e1 las compensaciones profesionales en 2028 debido a que el crecimiento en el resto de la estructura salarial ser\u00e1 m\u00e1s moderado.<\/p>\n<p style=\"text-align: center;\"><strong>Continuar\u00e1 la pol\u00edtica de recuperaci\u00f3n<br \/>\nsalarial iniciada en el sexenio pasado<\/strong><\/p>\n<p>La presidenta Claudia Sheinbaum continuar\u00e1 con la pol\u00edtica de recuperaci\u00f3n salarial iniciada en el sexenio pasado, aunque se prev\u00e9n crecimientos m\u00e1s moderados, la mandataria estima que los ajustes deber\u00e1n ser cercanos al 12% anual para alcanzar la meta planteada para el 2030: equiparar la remuneraci\u00f3n b\u00e1sica a 2.5 canastas b\u00e1sicas.<\/p>\n<p>Mientras tanto, las proyecciones de incremento salarial de las empresas para 2025 van de los 5.7 a los 6.3%, de acuerdo con la Encuesta de compensaci\u00f3n para personal sindicalizado y no sindicalizado de AON. Es decir, los ajustes ser\u00e1n la mitad del aumento a la referencia salarial.<\/p>\n<p>Sueldo competitivo se mantiene como demanda principal<\/p>\n<p>El estudio Tendencias del entorno laboral en M\u00e9xico 2024 de Kelly evidencia que el salario competitivo es el factor principal que consideran las personas para permanecer en un empleo.<\/p>\n<p>\u201cAsegurarse de que los salarios est\u00e9n alineados con las expectativas del mercado es fundamental para retener talento. Un sueldo competitivo no solo mejora la satisfacci\u00f3n, sino que tambi\u00e9n reduce la intenci\u00f3n de abandonar la empresa\u201d, indica la firma de Capital Humano en su informe.<\/p>\n<p style=\"text-align: center;\"><strong>Inicio de negociaciones sobre salario<br \/>\nm\u00ednimo 2025 a finales de noviembre<\/strong><\/p>\n<p>A finales de noviembre, la Direcci\u00f3n T\u00e9cnica de la Comisi\u00f3n Nacional de los Salarios M\u00ednimos presentar\u00e1 al Consejo de Representantes el Informe Anual sobre el Comportamiento de la Econom\u00eda, con elementos t\u00e9cnicos a considerar en el proceso de negociaci\u00f3n para afinar los salarios m\u00ednimos de 2025.<\/p>\n<p>En preparaci\u00f3n para el inicio del di\u00e1logo social tripartito para fijar los salarios m\u00ednimos del pr\u00f3ximo a\u00f1o, en la reuni\u00f3n mensual de octubre, la Comisi\u00f3n Nacional de los Salarios M\u00ednimos (Conasami) incluy\u00f3 una estimaci\u00f3n del costo de los recientes incrementos en el sector formal.<\/p>\n<p>El salario m\u00ednimo en M\u00e9xico en 2024 es de 248.93 pesos diarios y 374.89 pesos diarios para la Zona Libre de la Frontera Norte, por lo que un aumento del 12% representar\u00eda un incremento de 29.87 pesos y 44.98 pesos, respectivamente, para 2025.<\/p>\n","protected":false},"excerpt":{"rendered":"<p>Un informe de la firma WTW indica que el salario m\u00ednimo en M\u00e9xico ha tenido una mejora del 26% en su poder adquisitivo, aunque esta no ha sido la misma realidad para los sueldos profesionales y gerenciales.<\/p>\n","protected":false},"author":3,"featured_media":639855,"comment_status":"open","ping_status":"open","sticky":false,"template":"","format":"standard","meta":{"_monsterinsights_skip_tracking":false,"_monsterinsights_sitenote_active":false,"_monsterinsights_sitenote_note":"","_monsterinsights_sitenote_category":0,"footnotes":""},"categories":[17,8],"tags":[43678,90889,79292,80801],"class_list":["post-639754","post","type-post","status-publish","format-standard","has-post-thumbnail","hentry","category-especiales","category-finanzas","tag-finanzas","tag-profesional","tag-reduce","tag-sueldo"],"_links":{"self":[{"href":"https:\/\/www.diarioimagen.net\/index.php?rest_route=\/wp\/v2\/posts\/639754","targetHints":{"allow":["GET"]}}],"collection":[{"href":"https:\/\/www.diarioimagen.net\/index.php?rest_route=\/wp\/v2\/posts"}],"about":[{"href":"https:\/\/www.diarioimagen.net\/index.php?rest_route=\/wp\/v2\/types\/post"}],"author":[{"embeddable":true,"href":"https:\/\/www.diarioimagen.net\/index.php?rest_route=\/wp\/v2\/users\/3"}],"replies":[{"embeddable":true,"href":"https:\/\/www.diarioimagen.net\/index.php?rest_route=%2Fwp%2Fv2%2Fcomments&post=639754"}],"version-history":[{"count":0,"href":"https:\/\/www.diarioimagen.net\/index.php?rest_route=\/wp\/v2\/posts\/639754\/revisions"}],"wp:featuredmedia":[{"embeddable":true,"href":"https:\/\/www.diarioimagen.net\/index.php?rest_route=\/wp\/v2\/media\/639855"}],"wp:attachment":[{"href":"https:\/\/www.diarioimagen.net\/index.php?rest_route=%2Fwp%2Fv2%2Fmedia&parent=639754"}],"wp:term":[{"taxonomy":"category","embeddable":true,"href":"https:\/\/www.diarioimagen.net\/index.php?rest_route=%2Fwp%2Fv2%2Fcategories&post=639754"},{"taxonomy":"post_tag","embeddable":true,"href":"https:\/\/www.diarioimagen.net\/index.php?rest_route=%2Fwp%2Fv2%2Ftags&post=639754"}],"curies":[{"name":"wp","href":"https:\/\/api.w.org\/{rel}","templated":true}]}}