{"id":639760,"date":"2024-11-06T00:07:45","date_gmt":"2024-11-06T06:07:45","guid":{"rendered":"https:\/\/www.diarioimagen.net\/?p=639760"},"modified":"2024-11-07T01:26:43","modified_gmt":"2024-11-07T07:26:43","slug":"mas-de-50-mil-personas-presenciaron-la-inauguracion-de-ciudad-universitaria-de-la-uaemex","status":"publish","type":"post","link":"https:\/\/www.diarioimagen.net\/?p=639760","title":{"rendered":"M\u00e1s de 50 mil personas presenciaron la inauguraci\u00f3n de\u00a0Ciudad Universitaria de la UAEM\u00e9x"},"content":{"rendered":"<p>&nbsp;<\/p>\n<div id=\"attachment_639841\" style=\"width: 470px\" class=\"wp-caption aligncenter\"><a href=\"https:\/\/www.diarioimagen.net\/?attachment_id=639841\" rel=\"attachment wp-att-639841\"><img loading=\"lazy\" decoding=\"async\" aria-describedby=\"caption-attachment-639841\" class=\"size-full wp-image-639841\" src=\"https:\/\/www.diarioimagen.net\/wp-content\/uploads\/2024\/11\/uaem-mas-de-50-mil.jpg\" alt=\"\" width=\"460\" height=\"270\" srcset=\"https:\/\/www.diarioimagen.net\/wp-content\/uploads\/2024\/11\/uaem-mas-de-50-mil.jpg 460w, https:\/\/www.diarioimagen.net\/wp-content\/uploads\/2024\/11\/uaem-mas-de-50-mil-240x141.jpg 240w\" sizes=\"auto, (max-width: 460px) 100vw, 460px\" \/><\/a><p id=\"caption-attachment-639841\" class=\"wp-caption-text\">Personas provenientes de diversos puntos de la entidad ocuparon las gradas del Estadio Universitario y se apostaron en las faldas del Cerro de Coatepec, donde desplegaron mantas de agradecimiento al presidente de la Rep\u00fablica Adolfo L\u00f3pez Mateos, quien fuera alumno de esta instituci\u00f3n educativa.<\/p><\/div>\n<p>&nbsp;<\/p>\n<p><strong>Toluca, Estado de M\u00e9xico.<\/strong>\u2014 El 5 de noviembre de 1964 m\u00e1s de 50 mil personas se reunieron para presenciar la inauguraci\u00f3n de la Ciudad Universitaria de la Universidad Aut\u00f3noma del Estado de M\u00e9xico (UAEM\u00e9x) y reconocer al presidente de la Rep\u00fablica Adolfo L\u00f3pez Mateos, hijo predilecto de esta casa de estudios y de la entidad.<\/p>\n<p>Seg\u00fan las cr\u00f3nicas period\u00edsticas de la \u00e9poca, el Estadio Universitario fue insuficiente para tal aforo, as\u00ed que miles de personas provenientes de diversos puntos de la entidad se apostaron en las faldas del Cerro de Coatepec, donde desplegaron mantas de agradecimiento al mandatario federal, quien este d\u00eda realiz\u00f3 el \u00faltimo acto de su gobierno en la capital mexiquense.<\/p>\n<p>El mediod\u00eda de aquel jueves, al centro del grader\u00edo, un retrato de Adolfo L\u00f3pez Mateos -quien fuera estudiante, bibliotecario, acad\u00e9mico y director del antiguo Instituto Cient\u00edfico y Literario del Estado de M\u00e9xico, antecedente de la UAEM\u00e9x- dominaba el escenario, acompa\u00f1ado de las iniciales del mandatario federal, dicen, de 40 metros de altura.<\/p>\n<p>En tanto, en la cancha, ocho mil estudiantes de secundaria y primaria desarrollaron un cuadro pl\u00e1stico, formando la frase \u00a1Viva ALM!, que se sum\u00f3 al j\u00fabilo, ovaciones, porras, aplausos, flores, confeti y m\u00fasica de bandas de guerra.<\/p>\n<p>Acompa\u00f1ado del titular de la Secretar\u00eda de Educaci\u00f3n P\u00fablica, Jaime Torres Bodet; el gobernador mexiquense, Juan Fern\u00e1ndez Albarr\u00e1n, y el rector de la Aut\u00f3noma mexiquense, Jorge Hern\u00e1ndez Garc\u00eda, Adolfo L\u00f3pez Mateos entreg\u00f3 una obra conformada apenas por las hoy facultades de Ingenier\u00eda, Derecho y Contadur\u00eda y Administraci\u00f3n, as\u00ed como el Estadio Universitario \u201cAlberto \u2018Chivo\u2019 C\u00f3rdoba\u201d y la Torre Reloj \u2013ubicada en las inmediaciones de la Facultad de Arquitectura y Dise\u00f1o. Ya entonces la Ciudad Universitaria, hoy consolidada como emblem\u00e1tica para la comunidad verde y oro, era fastuosa.<\/p>\n<p>Construido sobre una superficie de 25 hect\u00e1reas y que tuvo un costo de 20 millones de pesos, este campus signific\u00f3 la consolidaci\u00f3n del apoyo y gesti\u00f3n en beneficio de la instituci\u00f3n educativa de tres de sus egresados: el presidente Adolfo L\u00f3pez Mateos, el gobernador Juan Fern\u00e1ndez Albarr\u00e1n y el ex gobernador Gustavo Baz Prada \u2013quien entreg\u00f3 los terrenos a la instituci\u00f3n y en cuyo mandato inici\u00f3 la construcci\u00f3n del campus.<\/p>\n<p>Cabe destacar que tambi\u00e9n aquel d\u00eda, el nativo del municipio de Atizap\u00e1n de Zaragoza inaugur\u00f3 las instalaciones de la Facultad de Medicina, con una inversi\u00f3n superior a los 5 millones de pesos.<\/p>\n<p>Luego de la inauguraci\u00f3n de la Ciudad Universitaria, en el patio poniente del Edificio de Rector\u00eda se realiz\u00f3 un banquete, al que asisti\u00f3 como invitado de honor el presidente Adolfo L\u00f3pez Mateos.<\/p>\n<p>La construcci\u00f3n de Ciudad Universitaria, hace seis d\u00e9cadas, fue una soluci\u00f3n al crecimiento de la matr\u00edcula estudiantil de la Universidad Aut\u00f3noma del Estado de M\u00e9xico, que hasta entonces ten\u00eda como sede principal el antiguo Edificio de Rector\u00eda. Entonces se dijo que las instalaciones de la instituci\u00f3n en el Cerro de Coatepec ten\u00edan la capacidad de albergar hasta dos mil estudiantes. En la actualidad, m\u00e1s de 20 mil personas realizan diariamente actividades de docencia, investigaci\u00f3n y difusi\u00f3n de la cultura en este representativo espacio.<\/p>\n","protected":false},"excerpt":{"rendered":"<p>El 5 de noviembre de 1964 m\u00e1s de 50 mil personas se reunieron para presenciar la inauguraci\u00f3n de la Ciudad Universitaria de la Universidad Aut\u00f3noma del Estado de M\u00e9xico (UAEM\u00e9x) y reconocer al presidente de la Rep\u00fablica Adolfo L\u00f3pez Mateos, hijo predilecto de esta casa de estudios y de la entidad.<\/p>\n","protected":false},"author":3,"featured_media":639841,"comment_status":"open","ping_status":"open","sticky":false,"template":"","format":"standard","meta":{"_monsterinsights_skip_tracking":false,"_monsterinsights_sitenote_active":false,"_monsterinsights_sitenote_note":"","_monsterinsights_sitenote_category":0,"footnotes":""},"categories":[5],"tags":[101173,10681,67878],"class_list":["post-639760","post","type-post","status-publish","format-standard","has-post-thumbnail","hentry","category-estado-de-mexico","tag-50-personas","tag-inauguracion","tag-uaemex"],"_links":{"self":[{"href":"https:\/\/www.diarioimagen.net\/index.php?rest_route=\/wp\/v2\/posts\/639760","targetHints":{"allow":["GET"]}}],"collection":[{"href":"https:\/\/www.diarioimagen.net\/index.php?rest_route=\/wp\/v2\/posts"}],"about":[{"href":"https:\/\/www.diarioimagen.net\/index.php?rest_route=\/wp\/v2\/types\/post"}],"author":[{"embeddable":true,"href":"https:\/\/www.diarioimagen.net\/index.php?rest_route=\/wp\/v2\/users\/3"}],"replies":[{"embeddable":true,"href":"https:\/\/www.diarioimagen.net\/index.php?rest_route=%2Fwp%2Fv2%2Fcomments&post=639760"}],"version-history":[{"count":0,"href":"https:\/\/www.diarioimagen.net\/index.php?rest_route=\/wp\/v2\/posts\/639760\/revisions"}],"wp:featuredmedia":[{"embeddable":true,"href":"https:\/\/www.diarioimagen.net\/index.php?rest_route=\/wp\/v2\/media\/639841"}],"wp:attachment":[{"href":"https:\/\/www.diarioimagen.net\/index.php?rest_route=%2Fwp%2Fv2%2Fmedia&parent=639760"}],"wp:term":[{"taxonomy":"category","embeddable":true,"href":"https:\/\/www.diarioimagen.net\/index.php?rest_route=%2Fwp%2Fv2%2Fcategories&post=639760"},{"taxonomy":"post_tag","embeddable":true,"href":"https:\/\/www.diarioimagen.net\/index.php?rest_route=%2Fwp%2Fv2%2Ftags&post=639760"}],"curies":[{"name":"wp","href":"https:\/\/api.w.org\/{rel}","templated":true}]}}