{"id":639763,"date":"2024-11-06T00:08:51","date_gmt":"2024-11-06T06:08:51","guid":{"rendered":"https:\/\/www.diarioimagen.net\/?p=639763"},"modified":"2024-11-06T22:50:03","modified_gmt":"2024-11-07T04:50:03","slug":"uaemex-y-agencia-espacial-mexicana-graduaron-primera-generacion-de-diplomado-superior-de-agricultura-de-precision","status":"publish","type":"post","link":"https:\/\/www.diarioimagen.net\/?p=639763","title":{"rendered":"UAEM\u00e9x y Agencia Espacial Mexicana graduaron primera generaci\u00f3n de Diplomado Superior de Agricultura de Precisi\u00f3n"},"content":{"rendered":"<p>&nbsp;<\/p>\n<div id=\"attachment_639837\" style=\"width: 470px\" class=\"wp-caption aligncenter\"><a href=\"https:\/\/www.diarioimagen.net\/?attachment_id=639837\" rel=\"attachment wp-att-639837\"><img loading=\"lazy\" decoding=\"async\" aria-describedby=\"caption-attachment-639837\" class=\"size-full wp-image-639837\" src=\"https:\/\/www.diarioimagen.net\/wp-content\/uploads\/2024\/11\/uaem-agencia-espacial.jpg\" alt=\"\" width=\"460\" height=\"270\" srcset=\"https:\/\/www.diarioimagen.net\/wp-content\/uploads\/2024\/11\/uaem-agencia-espacial.jpg 460w, https:\/\/www.diarioimagen.net\/wp-content\/uploads\/2024\/11\/uaem-agencia-espacial-240x141.jpg 240w\" sizes=\"auto, (max-width: 460px) 100vw, 460px\" \/><\/a><p id=\"caption-attachment-639837\" class=\"wp-caption-text\">Esta colaboraci\u00f3n piloto con la AEM posibilita un modelo replicable en otras entidades, capaz de apoyar la seguridad alimentaria del pa\u00eds.<\/p><\/div>\n<p>&nbsp;<\/p>\n<p><strong>Toluca, Estado de M\u00e9xico.<\/strong>\u2014 Como parte de la coordinaci\u00f3n entre la Universidad Aut\u00f3noma del Estado de M\u00e9xico (UAEM\u00e9x), a trav\u00e9s de la Facultad de Geograf\u00eda, y la Secretar\u00eda de Infraestructura, Comunicaciones y Transportes (SICT), a trav\u00e9s de la Agencia Espacial Mexicana (AEM), desarrollaron el Diplomado Superior de Agricultura de Precisi\u00f3n (apoyo satelital a la agricultura como opci\u00f3n de titulaci\u00f3n) gradu\u00f3 a su primera generaci\u00f3n.<\/p>\n<p>El profesorado y alumnado de este programa acad\u00e9mico realiz\u00f3 pr\u00e1cticas de an\u00e1lisis y procesamiento con datos e im\u00e1genes de sat\u00e9lites como Landsat-8 de NASA, GEOSAT-2, SPOT 6 y 7, D2\/AtlaCom-1, Sentinel-2, as\u00ed como de ejidos mexiquenses como San Francisco Chalchihuapan.<\/p>\n<p>El trabajo acad\u00e9mico conjunto, respaldado por la Facultad de Geograf\u00eda de la UAEM\u00e9x, coadyuva al objetivo sexenal de hacer de la soberan\u00eda alimentaria el eje rector de la pol\u00edtica para el campo, lo que han logrado pa\u00edses con agencia espacial que han implementado agricultura de precisi\u00f3n por sat\u00e9lite.<\/p>\n<p>Gracias a este apoyo satelital, regiones de naciones como China, Israel, Rusia, Estados Unidos e India consiguen m\u00e1s producci\u00f3n por hect\u00e1rea, reducci\u00f3n de pesticidas, mayor eficacia en prevenci\u00f3n de plagas, y m\u00e1s ahorro de agua, que el mayor porcentaje de pa\u00edses del mundo.<\/p>\n<p>Estudios del Banco Interamericano de Desarrollo (BID) demuestran que la agricultura de precisi\u00f3n permite a las comunidades rurales lograr mayor sustentabilidad, crear nuevas oportunidades de empleo calificado y reducir la brecha entre productores y comercializadores.<\/p>\n<p>La Secretar\u00eda de Infraestructura, Comunicaciones y Transportes (SICT), a trav\u00e9s de la Agencia Espacial Mexicana (AEM), redobla esfuerzos en acciones coordinadas para transformar a M\u00e9xico en potencia cient\u00edfica y apoyar la soberan\u00eda alimentaria del pa\u00eds mediante educaci\u00f3n especializada.<\/p>\n<p>Al respecto, el secretario de Extensi\u00f3n y Vinculaci\u00f3n de la UAEM\u00e9x, Francisco Zepeda Mondrag\u00f3n, y la directora de la Facultad de Geograf\u00eda, Alejandra Gonz\u00e1lez Becerril, subrayaron que esta colaboraci\u00f3n piloto con la AEM posibilita un modelo replicable en otras entidades, capaz de apoyar la seguridad alimentaria del pa\u00eds.<\/p>\n","protected":false},"excerpt":{"rendered":"<p>Como parte de la coordinaci\u00f3n entre la Universidad Aut\u00f3noma del Estado de M\u00e9xico (UAEM\u00e9x), a trav\u00e9s de la Facultad de Geograf\u00eda, y la Secretar\u00eda de Infraestructura, Comunicaciones y Transportes (SICT), a trav\u00e9s de la Agencia Espacial Mexicana (AEM), desarrollaron el Diplomado Superior de Agricultura de Precisi\u00f3n (apoyo satelital a la agricultura como opci\u00f3n de titulaci\u00f3n) gradu\u00f3 a su primera generaci\u00f3n.<\/p>\n","protected":false},"author":3,"featured_media":639837,"comment_status":"open","ping_status":"open","sticky":false,"template":"","format":"standard","meta":{"_monsterinsights_skip_tracking":false,"_monsterinsights_sitenote_active":false,"_monsterinsights_sitenote_note":"","_monsterinsights_sitenote_category":0,"footnotes":""},"categories":[5],"tags":[1293,70344,67878],"class_list":["post-639763","post","type-post","status-publish","format-standard","has-post-thumbnail","hentry","category-estado-de-mexico","tag-agricultura","tag-diplomado","tag-uaemex"],"_links":{"self":[{"href":"https:\/\/www.diarioimagen.net\/index.php?rest_route=\/wp\/v2\/posts\/639763","targetHints":{"allow":["GET"]}}],"collection":[{"href":"https:\/\/www.diarioimagen.net\/index.php?rest_route=\/wp\/v2\/posts"}],"about":[{"href":"https:\/\/www.diarioimagen.net\/index.php?rest_route=\/wp\/v2\/types\/post"}],"author":[{"embeddable":true,"href":"https:\/\/www.diarioimagen.net\/index.php?rest_route=\/wp\/v2\/users\/3"}],"replies":[{"embeddable":true,"href":"https:\/\/www.diarioimagen.net\/index.php?rest_route=%2Fwp%2Fv2%2Fcomments&post=639763"}],"version-history":[{"count":0,"href":"https:\/\/www.diarioimagen.net\/index.php?rest_route=\/wp\/v2\/posts\/639763\/revisions"}],"wp:featuredmedia":[{"embeddable":true,"href":"https:\/\/www.diarioimagen.net\/index.php?rest_route=\/wp\/v2\/media\/639837"}],"wp:attachment":[{"href":"https:\/\/www.diarioimagen.net\/index.php?rest_route=%2Fwp%2Fv2%2Fmedia&parent=639763"}],"wp:term":[{"taxonomy":"category","embeddable":true,"href":"https:\/\/www.diarioimagen.net\/index.php?rest_route=%2Fwp%2Fv2%2Fcategories&post=639763"},{"taxonomy":"post_tag","embeddable":true,"href":"https:\/\/www.diarioimagen.net\/index.php?rest_route=%2Fwp%2Fv2%2Ftags&post=639763"}],"curies":[{"name":"wp","href":"https:\/\/api.w.org\/{rel}","templated":true}]}}