{"id":639765,"date":"2024-11-06T00:06:54","date_gmt":"2024-11-06T06:06:54","guid":{"rendered":"https:\/\/www.diarioimagen.net\/?p=639765"},"modified":"2024-11-06T02:31:26","modified_gmt":"2024-11-06T08:31:26","slug":"inyectan-100-mdp-al-issemym-y-basifican-a-320-trabajadores","status":"publish","type":"post","link":"https:\/\/www.diarioimagen.net\/?p=639765","title":{"rendered":"Inyectan 100 mdp al ISSEMyM y basifican a 320\u00a0trabajadores"},"content":{"rendered":"<p>&nbsp;<\/p>\n<h2 style=\"text-align: center;\">Rescate hist\u00f3rico<\/h2>\n<p>&nbsp;<\/p>\n<ul>\n<li><strong><em>Se otorga justicia laboral y social a personal m\u00e9dico y administrativo<\/em><\/strong><\/li>\n<\/ul>\n<p><strong>\u00a0<\/strong><\/p>\n<div id=\"attachment_639873\" style=\"width: 470px\" class=\"wp-caption aligncenter\"><a href=\"https:\/\/www.diarioimagen.net\/?attachment_id=639873\" rel=\"attachment wp-att-639873\"><img loading=\"lazy\" decoding=\"async\" aria-describedby=\"caption-attachment-639873\" class=\"size-full wp-image-639873\" src=\"https:\/\/www.diarioimagen.net\/wp-content\/uploads\/2024\/11\/inyectan-100-mdp.jpg\" alt=\"\" width=\"460\" height=\"270\" srcset=\"https:\/\/www.diarioimagen.net\/wp-content\/uploads\/2024\/11\/inyectan-100-mdp.jpg 460w, https:\/\/www.diarioimagen.net\/wp-content\/uploads\/2024\/11\/inyectan-100-mdp-240x141.jpg 240w\" sizes=\"auto, (max-width: 460px) 100vw, 460px\" \/><\/a><p id=\"caption-attachment-639873\" class=\"wp-caption-text\">El gobierno de Delfina G\u00f3mez \u00c1lvarez invierte m\u00e1s de 100 millones de pesos en el proceso de regularizaci\u00f3n del ISSEMyM y entreg\u00f3 210 plazas de bases a trabajadores del \u00e1rea m\u00e9dica y administrativa.<\/p><\/div>\n<p>&nbsp;<\/p>\n<p><strong>Toluca, Estado de M\u00e9xico.\u2014 <\/strong>Como parte del rescate hist\u00f3rico al Instituto de Seguridad Social del Estado de M\u00e9xico y Municipios (ISSEMyM), la gobernadora Delfina G\u00f3mez \u00c1lvarez invierte m\u00e1s de 100 millones de pesos en este proceso de regularizaci\u00f3n y entreg\u00f3 210 plazas de bases a trabajadores del \u00e1rea m\u00e9dica y administrativa, sum\u00e1ndose a 110 entregadas en junio pasado, para hacer un total de 320 entregadas durante este a\u00f1o.<\/p>\n<p>\u201cVamos a hacer algo por ISSEMyM. Hay un gran compromiso para nuestros derechohabientes, estamos haciendo todo el esfuerzo y esperamos que con el apoyo y el trabajo solidario lo podamos logra\u201d, asegur\u00f3 la Gobernadora Delfina G\u00f3mez \u00c1lvarez.<\/p>\n<p>En esta segunda fase se beneficia a 104 suplentes y 106 trabajadores activos en \u00e1reas clave; incluye la basificaci\u00f3n de un total de 56 enfermeras generales, 50 del \u00e1rea de relaciones p\u00fablicas, 20 m\u00e9dicos generales y 19 m\u00e9dicos. Adem\u00e1s, seis t\u00e9cnicos radi\u00f3logos, 10 t\u00e9cnicos laboratoristas, 13 qu\u00edmicos y 36 trabajadores sociales.<\/p>\n<p>La mandataria estatal reconoci\u00f3 que una mejor calidad en el servicio empieza por reconocer a quienes brindan la atenci\u00f3n, por ello, su gobierno invierte m\u00e1s de 100 millones de pesos en este proceso de regularizaci\u00f3n y basificaci\u00f3n, beneficiando a 210 familias y fortaleciendo a 44 unidades m\u00e9dicas en 35 municipios de la entidad.<\/p>\n<p>Reiter\u00f3 su compromiso de sumar esfuerzos para mejorar las condiciones de quienes dedican su vida al servicio p\u00fablico, a quienes pidi\u00f3 seguir dando la mejor atenci\u00f3n posible, con la pasi\u00f3n y el profesionalismo que los caracteriza.<\/p>\n<p>\u201cUstedes como servidores p\u00fablicos no solamente son m\u00e9dicos sino tambi\u00e9n son seres humanos extraordinarios, cuando un enfermo llega con su familia, pues uno llega desesperado, con miedo, con preocupaci\u00f3n y siempre surge una mano amiga, siempre surge una palabra de vamos a echarle ganas y eso nos levanta como familia\u201d, refiri\u00f3 la Gobernadora Delfina G\u00f3mez \u00c1lvarez.<\/p>\n<p>En este evento estuvieron Ricardo Sodi Cuellar, Presidente del Tribunal Superior de Justicia y Consejo de la Judicatura del Estado de M\u00e9xico; Maurilio Hern\u00e1ndez Gonz\u00e1lez, Presidente de la Mesa Directiva de la C\u00e1mara de Diputados LXII Legislatura Mexiquense; y Jos\u00e9 Francisco V\u00e1zquez Rodr\u00edguez, Presidente de la Junta de Coordinaci\u00f3n Pol\u00edtica de la LXII Legislatura Local.<\/p>\n<p>Horacio Duarte Olivares, Secretario General de Gobierno; Trinidad Franco Arpero, Oficial Mayor; Karina Labastida Sotelo, Directora General del DIFEM; Carlos Eduardo Barrera D\u00edaz, Rector de la UAEM\u00e9x; Ignacio Salgado Garc\u00eda, Director General del ISSEMYM; Herminio Cahu\u00e9 Calder\u00f3n, Secretario General del SUTEYM; y servidoras p\u00fablicas beneficiaras.<\/p>\n","protected":false},"excerpt":{"rendered":"<p>Como parte del rescate hist\u00f3rico al Instituto de Seguridad Social del Estado de M\u00e9xico y Municipios (ISSEMyM), la gobernadora Delfina G\u00f3mez \u00c1lvarez invierte m\u00e1s de 100 millones de pesos en este proceso de regularizaci\u00f3n y entreg\u00f3 210 plazas de bases a trabajadores del \u00e1rea m\u00e9dica y administrativa, sum\u00e1ndose a 110 entregadas en junio pasado, para hacer un total de 320 entregadas durante este a\u00f1o.<\/p>\n","protected":false},"author":3,"featured_media":639873,"comment_status":"open","ping_status":"open","sticky":false,"template":"","format":"standard","meta":{"_monsterinsights_skip_tracking":false,"_monsterinsights_sitenote_active":false,"_monsterinsights_sitenote_note":"","_monsterinsights_sitenote_category":0,"footnotes":""},"categories":[5,99730],"tags":[57859,699,38118],"class_list":["post-639765","post","type-post","status-publish","format-standard","has-post-thumbnail","hentry","category-estado-de-mexico","category-edomex","tag-delfina-gomez-alvarez","tag-issemym","tag-trabajadores"],"_links":{"self":[{"href":"https:\/\/www.diarioimagen.net\/index.php?rest_route=\/wp\/v2\/posts\/639765","targetHints":{"allow":["GET"]}}],"collection":[{"href":"https:\/\/www.diarioimagen.net\/index.php?rest_route=\/wp\/v2\/posts"}],"about":[{"href":"https:\/\/www.diarioimagen.net\/index.php?rest_route=\/wp\/v2\/types\/post"}],"author":[{"embeddable":true,"href":"https:\/\/www.diarioimagen.net\/index.php?rest_route=\/wp\/v2\/users\/3"}],"replies":[{"embeddable":true,"href":"https:\/\/www.diarioimagen.net\/index.php?rest_route=%2Fwp%2Fv2%2Fcomments&post=639765"}],"version-history":[{"count":0,"href":"https:\/\/www.diarioimagen.net\/index.php?rest_route=\/wp\/v2\/posts\/639765\/revisions"}],"wp:featuredmedia":[{"embeddable":true,"href":"https:\/\/www.diarioimagen.net\/index.php?rest_route=\/wp\/v2\/media\/639873"}],"wp:attachment":[{"href":"https:\/\/www.diarioimagen.net\/index.php?rest_route=%2Fwp%2Fv2%2Fmedia&parent=639765"}],"wp:term":[{"taxonomy":"category","embeddable":true,"href":"https:\/\/www.diarioimagen.net\/index.php?rest_route=%2Fwp%2Fv2%2Fcategories&post=639765"},{"taxonomy":"post_tag","embeddable":true,"href":"https:\/\/www.diarioimagen.net\/index.php?rest_route=%2Fwp%2Fv2%2Ftags&post=639765"}],"curies":[{"name":"wp","href":"https:\/\/api.w.org\/{rel}","templated":true}]}}