{"id":639769,"date":"2024-11-06T00:05:15","date_gmt":"2024-11-06T06:05:15","guid":{"rendered":"https:\/\/www.diarioimagen.net\/?p=639769"},"modified":"2024-11-06T22:54:25","modified_gmt":"2024-11-07T04:54:25","slug":"entrega-de-apoyos-a-personas-con-discapacidad-y-adultos-mayores","status":"publish","type":"post","link":"https:\/\/www.diarioimagen.net\/?p=639769","title":{"rendered":"Entrega de apoyos a personas con discapacidad y adultos mayores"},"content":{"rendered":"<p>&nbsp;<\/p>\n<ul>\n<li><strong><em>Pensi\u00f3n del Binestar correspondiente a noviembre-diciembre<\/em> <\/strong><\/li>\n<\/ul>\n<p>&nbsp;<\/p>\n<div id=\"attachment_639875\" style=\"width: 470px\" class=\"wp-caption aligncenter\"><a href=\"https:\/\/www.diarioimagen.net\/?attachment_id=639875\" rel=\"attachment wp-att-639875\"><img loading=\"lazy\" decoding=\"async\" aria-describedby=\"caption-attachment-639875\" class=\"size-full wp-image-639875\" src=\"https:\/\/www.diarioimagen.net\/wp-content\/uploads\/2024\/11\/entrega-de-apoyos.jpg\" alt=\"\" width=\"460\" height=\"270\" srcset=\"https:\/\/www.diarioimagen.net\/wp-content\/uploads\/2024\/11\/entrega-de-apoyos.jpg 460w, https:\/\/www.diarioimagen.net\/wp-content\/uploads\/2024\/11\/entrega-de-apoyos-240x141.jpg 240w\" sizes=\"auto, (max-width: 460px) 100vw, 460px\" \/><\/a><p id=\"caption-attachment-639875\" class=\"wp-caption-text\">Inici\u00f3 el pago de las Pensiones para el Bienestar de Personas con Discapacidad y para Personas Adultas Mayores, correspondiente al bimestre noviembre-diciembre de 2024.<\/p><\/div>\n<p>&nbsp;<\/p>\n<p><strong>Toluca, Estado de M\u00e9xico.\u2014<\/strong> La Secretar\u00eda de Bienestar del Gobierno de M\u00e9xico anunci\u00f3 el calendario de pagos de las Pensiones para el Bienestar de Personas con Discapacidad y para Personas Adultas Mayores, correspondiente al bimestre noviembre-diciembre de 2024.<\/p>\n<p>Estos programas consisten en la entrega de un apoyo bimestral de 3 mil 100 pesos y 6 mil pesos, respectivamente, con el prop\u00f3sito de elevar el nivel de vida de las y los beneficiarios.<\/p>\n<p>En el caso del programa para Personas con Discapacidad, se tiene una participaci\u00f3n bipartita, ya que el Gobierno del Estado de M\u00e9xico que encabeza la Maestra Delfina G\u00f3mez \u00c1lvarez aporta el 50 por ciento de los recursos.<\/p>\n<p>Este a\u00f1o se elevaron a rango constitucional estos programas, por lo cual, los Gobiernos federal y estatal deber\u00e1n garantizar su entrega, para ello, el calendario est\u00e1 organizado alfab\u00e9ticamente, de acuerdo con la inicial del primer apellido:<\/p>\n<p>Lunes 4 de noviembre, la letra A;<\/p>\n<p>Martes 5 de noviembre, la letra B;<\/p>\n<p>Mi\u00e9rcoles 6 y jueves 7 de noviembre, la letra C;<\/p>\n<p>Viernes 8 de noviembre, las letras D, E y F;<\/p>\n<p>Lunes 11 y martes 12 de noviembre, la letra G;<\/p>\n<p>Mi\u00e9rcoles 13 de noviembre, las letras H, I, J y K;<\/p>\n<p>Jueves 14 de noviembre, la letra L;<\/p>\n<p>Viernes 15 y martes 19 de noviembre, la letra M;<\/p>\n<p>Mi\u00e9rcoles 20 de noviembre, las letras N, \u00d1 y O;<\/p>\n<p>Jueves 21 de noviembre, las letras P y Q;<\/p>\n<p>Viernes 22 y lunes 25 de noviembre, la letra R;<\/p>\n<p>Martes 26 de noviembre; la letra S;<\/p>\n<p>Mi\u00e9rcoles 27 de noviembre, la letra T, U y V.<\/p>\n<p>Jueves 28 de noviembre, las letras W, Y, X y Z.<\/p>\n","protected":false},"excerpt":{"rendered":"<p>La Secretar\u00eda de Bienestar del Gobierno de M\u00e9xico anunci\u00f3 el calendario de pagos de las Pensiones para el Bienestar de Personas con Discapacidad y para Personas Adultas Mayores, correspondiente al bimestre noviembre-diciembre de 2024.<\/p>\n","protected":false},"author":3,"featured_media":639875,"comment_status":"open","ping_status":"open","sticky":false,"template":"","format":"standard","meta":{"_monsterinsights_skip_tracking":false,"_monsterinsights_sitenote_active":false,"_monsterinsights_sitenote_note":"","_monsterinsights_sitenote_category":0,"footnotes":""},"categories":[5,99730],"tags":[15930,78270,18874],"class_list":["post-639769","post","type-post","status-publish","format-standard","has-post-thumbnail","hentry","category-estado-de-mexico","category-edomex","tag-adultos-mayores","tag-inicio","tag-pago"],"_links":{"self":[{"href":"https:\/\/www.diarioimagen.net\/index.php?rest_route=\/wp\/v2\/posts\/639769","targetHints":{"allow":["GET"]}}],"collection":[{"href":"https:\/\/www.diarioimagen.net\/index.php?rest_route=\/wp\/v2\/posts"}],"about":[{"href":"https:\/\/www.diarioimagen.net\/index.php?rest_route=\/wp\/v2\/types\/post"}],"author":[{"embeddable":true,"href":"https:\/\/www.diarioimagen.net\/index.php?rest_route=\/wp\/v2\/users\/3"}],"replies":[{"embeddable":true,"href":"https:\/\/www.diarioimagen.net\/index.php?rest_route=%2Fwp%2Fv2%2Fcomments&post=639769"}],"version-history":[{"count":0,"href":"https:\/\/www.diarioimagen.net\/index.php?rest_route=\/wp\/v2\/posts\/639769\/revisions"}],"wp:featuredmedia":[{"embeddable":true,"href":"https:\/\/www.diarioimagen.net\/index.php?rest_route=\/wp\/v2\/media\/639875"}],"wp:attachment":[{"href":"https:\/\/www.diarioimagen.net\/index.php?rest_route=%2Fwp%2Fv2%2Fmedia&parent=639769"}],"wp:term":[{"taxonomy":"category","embeddable":true,"href":"https:\/\/www.diarioimagen.net\/index.php?rest_route=%2Fwp%2Fv2%2Fcategories&post=639769"},{"taxonomy":"post_tag","embeddable":true,"href":"https:\/\/www.diarioimagen.net\/index.php?rest_route=%2Fwp%2Fv2%2Ftags&post=639769"}],"curies":[{"name":"wp","href":"https:\/\/api.w.org\/{rel}","templated":true}]}}