{"id":639771,"date":"2024-11-06T00:01:46","date_gmt":"2024-11-06T06:01:46","guid":{"rendered":"https:\/\/www.diarioimagen.net\/?p=639771"},"modified":"2024-11-06T02:27:50","modified_gmt":"2024-11-06T08:27:50","slug":"inconformidades-de-priistas-mexiquenses-por-incongruencia-de-la-dirigencia-estatal","status":"publish","type":"post","link":"https:\/\/www.diarioimagen.net\/?p=639771","title":{"rendered":"Inconformidades de priistas mexiquenses por incongruencia de la dirigencia estatal"},"content":{"rendered":"<p>&nbsp;<\/p>\n<ul>\n<li><em><strong>Falta de apoyo a comit\u00e9s municipales<\/strong><\/em><\/li>\n<\/ul>\n<p><strong>\u00a0<\/strong><\/p>\n<h6>Arturo Baena<\/h6>\n<p>&nbsp;<\/p>\n<div id=\"attachment_639865\" style=\"width: 470px\" class=\"wp-caption aligncenter\"><a href=\"https:\/\/www.diarioimagen.net\/?attachment_id=639865\" rel=\"attachment wp-att-639865\"><img loading=\"lazy\" decoding=\"async\" aria-describedby=\"caption-attachment-639865\" class=\"size-full wp-image-639865\" src=\"https:\/\/www.diarioimagen.net\/wp-content\/uploads\/2024\/11\/inconformidades-de-priistas.jpg\" alt=\"\" width=\"460\" height=\"270\" srcset=\"https:\/\/www.diarioimagen.net\/wp-content\/uploads\/2024\/11\/inconformidades-de-priistas.jpg 460w, https:\/\/www.diarioimagen.net\/wp-content\/uploads\/2024\/11\/inconformidades-de-priistas-240x141.jpg 240w\" sizes=\"auto, (max-width: 460px) 100vw, 460px\" \/><\/a><p id=\"caption-attachment-639865\" class=\"wp-caption-text\">En la reuni\u00f3n de dirigentes municipales del PRI se escucharon reclamos por la falta de apoyo, por parte de las dirigencias nacional y estatal, para el pago de servicios en sus edificios sede.<\/p><\/div>\n<p>&nbsp;<\/p>\n<p><strong>Valle de M\u00e9xico.\u2014<\/strong> La dirigencia estatal del PRI exige mucho y no da nada a cambio. Nuestro partido est\u00e1 en debacle y se est\u00e1 quedando sin liderazgos. Es necesario y urgente un cambio y limpia al interior de nuestro instituto pol\u00edtico.<\/p>\n<p>Asi coincidieron presidentes de los Comit\u00e9s Municipales del PRI mexiquense, quienes fueron llamados por Ana Lilia Herrera Anzaldo, dirigente estatal del PRI mexiquense, a apoyar (en Redes Sociales) a los representantes populares de ese instituto pol\u00edtico.<\/p>\n<p>Reunidos en el auditorio del tricolor, en donde, por cierto, no asistieron varios dirigentes municipales, se escucharon quejas y reclamos por el nulo apoyo para el pago de renta, luz y agua de los edificios,\u00a0 as\u00ed como la falta de atenci\u00f3n por parte de la dirigencia que encabeza Herrera Anzaldo hacia los verdaderos priistas del Estado de M\u00e9xico,\u00a0 .<\/p>\n<p>Ah\u00ed, entre los que levantaron la voz,\u00a0 fueron:\u00a0 Enrique Granados Filorio. presidente del comit\u00e9 municipal de Ixtapaluca; Bertha Ch\u00e1vez, de Villa de Allende, de Ixtapan de la Sal, Atizap\u00e1n, entre otros, quienes\u00a0 reclamaron la falta de compromisos del Comit\u00e9 Ejecutivo Nacional y del Estatal.<\/p>\n<p>\u201cHay incongruencia del PRI,\u00a0 pues te solicitan difundir programas de representantes populares en redes sociales, cuando muchos de \u00e9stos ni del Estado de M\u00e9xico son\u201d, dijeron.<\/p>\n<p>Finalmente, los priistas mexiquenses, arremetieron:<\/p>\n<p>\u201cDeben hacer cambios y acciones para que se tome en cuenta a la militancia y de no ser as\u00ed,\u00a0 habr\u00e1 m\u00e1s renuncias como la que ya sucedi\u00f3 en Tlalnepantla\u201d, concluyeron.<\/p>\n","protected":false},"excerpt":{"rendered":"<p>La dirigencia estatal del PRI exige mucho y no da nada a cambio. Nuestro partido est\u00e1 en debacle y se est\u00e1 quedando sin liderazgos. Es necesario y urgente un cambio y limpia al interior de nuestro instituto pol\u00edtico.<\/p>\n","protected":false},"author":3,"featured_media":639865,"comment_status":"open","ping_status":"open","sticky":false,"template":"","format":"standard","meta":{"_monsterinsights_skip_tracking":false,"_monsterinsights_sitenote_active":false,"_monsterinsights_sitenote_note":"","_monsterinsights_sitenote_category":0,"footnotes":""},"categories":[5],"tags":[101174,362],"class_list":["post-639771","post","type-post","status-publish","format-standard","has-post-thumbnail","hentry","category-estado-de-mexico","tag-dirigencia-estatal","tag-pri"],"_links":{"self":[{"href":"https:\/\/www.diarioimagen.net\/index.php?rest_route=\/wp\/v2\/posts\/639771","targetHints":{"allow":["GET"]}}],"collection":[{"href":"https:\/\/www.diarioimagen.net\/index.php?rest_route=\/wp\/v2\/posts"}],"about":[{"href":"https:\/\/www.diarioimagen.net\/index.php?rest_route=\/wp\/v2\/types\/post"}],"author":[{"embeddable":true,"href":"https:\/\/www.diarioimagen.net\/index.php?rest_route=\/wp\/v2\/users\/3"}],"replies":[{"embeddable":true,"href":"https:\/\/www.diarioimagen.net\/index.php?rest_route=%2Fwp%2Fv2%2Fcomments&post=639771"}],"version-history":[{"count":0,"href":"https:\/\/www.diarioimagen.net\/index.php?rest_route=\/wp\/v2\/posts\/639771\/revisions"}],"wp:featuredmedia":[{"embeddable":true,"href":"https:\/\/www.diarioimagen.net\/index.php?rest_route=\/wp\/v2\/media\/639865"}],"wp:attachment":[{"href":"https:\/\/www.diarioimagen.net\/index.php?rest_route=%2Fwp%2Fv2%2Fmedia&parent=639771"}],"wp:term":[{"taxonomy":"category","embeddable":true,"href":"https:\/\/www.diarioimagen.net\/index.php?rest_route=%2Fwp%2Fv2%2Fcategories&post=639771"},{"taxonomy":"post_tag","embeddable":true,"href":"https:\/\/www.diarioimagen.net\/index.php?rest_route=%2Fwp%2Fv2%2Ftags&post=639771"}],"curies":[{"name":"wp","href":"https:\/\/api.w.org\/{rel}","templated":true}]}}