{"id":639808,"date":"2024-11-06T00:02:42","date_gmt":"2024-11-06T06:02:42","guid":{"rendered":"https:\/\/www.diarioimagen.net\/?p=639808"},"modified":"2024-11-06T02:16:30","modified_gmt":"2024-11-06T08:16:30","slug":"el-sistema-mas-antidemocratico","status":"publish","type":"post","link":"https:\/\/www.diarioimagen.net\/?p=639808","title":{"rendered":"El sistema m\u00e1s\u00a0antidemocr\u00e1tico"},"content":{"rendered":"<h2>De pe a pa<\/h2>\n<h5>Alberto Vieyra G.<\/h5>\n<p>&nbsp;<\/p>\n<p>Los ojos y los o\u00eddos del mundo est\u00e1n puestos en la elecci\u00f3n presidencial yanquis, donde impera el sistema democr\u00e1tico m\u00e1s antidemocr\u00e1tico del mundo.<\/p>\n<p>Unos 270 millones de norteamericanos eligieron indirectamente este martes al presidente n\u00famero 47 de los Estados Unidos, pero todo qued\u00f3 en manos de los 538 electores que conforman el Colegio Electoral. Quien obtenga 270 votos ser\u00e1 el pr\u00f3ximo mandam\u00e1s en el pa\u00eds de las barras y las estrellas.<\/p>\n<p>Los norteamericanos solamente ten\u00edan dos sopas: El desequilibrado mental Donald Trump, la bestia trumpiana, o el debut del matriarcado en los <em>yunaites<\/em> con Kamala Harris.<\/p>\n<p>Y es que el sistema norteamericano fue ideado por los llamados padres fundadores para el predominio de las grandes \u00e9lites. Los votantes que se tragan la p\u00edldora de semejante mascarada y son quienes protagonizaron lo que ellos creen que es el sistema m\u00e1s democr\u00e1tico del planeta tierra, un sistema que est\u00e1 en agon\u00eda, sobre todo porque esa decadencia la ha llevado a los extremos un hombre populista y mentiroso como Donald Trump, quien les ech\u00f3 a los gringos y al mundo 30 mil mentiras cuando estuvo en la Casa Blanca donde sigui\u00f3 haciendo dos naciones: Una de buenos y otra de malos, que \u00e9l encabeza con su discurso de odio.<\/p>\n<p>Estados Unidos lleg\u00f3 a esta elecci\u00f3n presidencial terriblemente dividido y con graves problemas en su econom\u00eda y sin faltar la guerra que patrocina en el medio oriente con un Israel que busca ser borrado del mapa y que Estados Unidos trata de apoyar con todos los recursos como su principal aliado contra el terrorismo y sus enemigos en aquella regi\u00f3n \u00e1rabe.<\/p>\n<p>En fin, sabremos si el loco Donald Trump no mete a los Estados Unidos en un grav\u00edsimo conflicto post electoral que tendr\u00eda repercusiones a nivel mundial, pero sobre todo en M\u00e9xico, donde los gringos vomitan a un gobierno cuatrote\u00edsta que est\u00e1 destrozando instituciones en M\u00e9xico entre ellas la Suprema Corte de Justicia de la Naci\u00f3n, La que por cierto hoy fue protagonista fundamental en materia noticiosa en M\u00e9xico porque 8 ministros tienen en su pu\u00f1o a Morena y a una Presidenta de la Rep\u00fablica an\u00e1rquica que ha metido a M\u00e9xico junto con sus diputados y senadores en una crisis inconstitucional con su maldita reforma al Poder Judicial exacerbada con la famosa ley de la \u201csupremac\u00eda legislativa\u201d que no es otra cosa que la dictadura o un golpe de Estado contra la Constituci\u00f3n de M\u00e9xico y los derechos de los mexicanos.<\/p>\n<p>Ya veremos qu\u00e9 gestos hace la presidenta cient\u00edfica y su espuria mayor\u00eda calificada en el Congreso de la Uni\u00f3n y veremos tambi\u00e9n si entre los 8 ministros de la Corte que deben declarar inconstitucionales esas marranadas morenistas y si no resulta uno o una traidora que venga a regar el tepache actuando en favor de Morena y en contra de los supremos intereses del pueblo de M\u00e9xico.<\/p>\n<p><em><a href=\"mailto:info@agenciamn.com\" target=\"_blank\" rel=\"noopener noreferrer\">info@agenciamn.com<\/a><\/em><\/p>\n","protected":false},"excerpt":{"rendered":"<p><span style=\"color: #005497;\"><strong>Alberto Vieyra G.<\/strong><\/span><\/p>\n","protected":false},"author":3,"featured_media":0,"comment_status":"open","ping_status":"open","sticky":false,"template":"","format":"standard","meta":{"_monsterinsights_skip_tracking":false,"_monsterinsights_sitenote_active":false,"_monsterinsights_sitenote_note":"","_monsterinsights_sitenote_category":0,"footnotes":""},"categories":[4596],"tags":[43697,4597,43674],"class_list":["post-639808","post","type-post","status-publish","format-standard","hentry","category-alberto-vieyra-g","tag-alberto-vieyra-g","tag-de-pe-a-pa","tag-opinion"],"_links":{"self":[{"href":"https:\/\/www.diarioimagen.net\/index.php?rest_route=\/wp\/v2\/posts\/639808","targetHints":{"allow":["GET"]}}],"collection":[{"href":"https:\/\/www.diarioimagen.net\/index.php?rest_route=\/wp\/v2\/posts"}],"about":[{"href":"https:\/\/www.diarioimagen.net\/index.php?rest_route=\/wp\/v2\/types\/post"}],"author":[{"embeddable":true,"href":"https:\/\/www.diarioimagen.net\/index.php?rest_route=\/wp\/v2\/users\/3"}],"replies":[{"embeddable":true,"href":"https:\/\/www.diarioimagen.net\/index.php?rest_route=%2Fwp%2Fv2%2Fcomments&post=639808"}],"version-history":[{"count":0,"href":"https:\/\/www.diarioimagen.net\/index.php?rest_route=\/wp\/v2\/posts\/639808\/revisions"}],"wp:attachment":[{"href":"https:\/\/www.diarioimagen.net\/index.php?rest_route=%2Fwp%2Fv2%2Fmedia&parent=639808"}],"wp:term":[{"taxonomy":"category","embeddable":true,"href":"https:\/\/www.diarioimagen.net\/index.php?rest_route=%2Fwp%2Fv2%2Fcategories&post=639808"},{"taxonomy":"post_tag","embeddable":true,"href":"https:\/\/www.diarioimagen.net\/index.php?rest_route=%2Fwp%2Fv2%2Ftags&post=639808"}],"curies":[{"name":"wp","href":"https:\/\/api.w.org\/{rel}","templated":true}]}}