{"id":639810,"date":"2024-11-06T00:02:14","date_gmt":"2024-11-06T06:02:14","guid":{"rendered":"https:\/\/www.diarioimagen.net\/?p=639810"},"modified":"2024-11-07T00:57:18","modified_gmt":"2024-11-07T06:57:18","slug":"ministro-perez-dayan-pasa-a-la-historia-como-el-judas-de-la-corte","status":"publish","type":"post","link":"https:\/\/www.diarioimagen.net\/?p=639810","title":{"rendered":"Ministro P\u00e9rez Day\u00e1n pasa a la historia como el \u201cJudas\u201d\u00a0de\u00a0la\u00a0Corte"},"content":{"rendered":"<h2>La Retaguardia<\/h2>\n<h5>Adriana Moreno Cordero<\/h5>\n<p>&nbsp;<\/p>\n<ul>\n<li><strong><em>\u201cDisentir del oficialismo lleva sus costos\u201d: Alejandro Moreno<\/em><\/strong><\/li>\n<\/ul>\n<p><em>\u00a0<\/em><\/p>\n<p>Con raz\u00f3n, la presidenta <strong>Claudia Sheinbaum<\/strong> dec\u00eda tan confiada que ten\u00eda un \u201cplan B\u201d para el tema de la controvertida reforma al Poder Judicial que, al concretarse, deja a M\u00e9xico en la indefensi\u00f3n total.<\/p>\n<p>Pr\u00e1cticamente se le dio un tiro de gracia a la democracia y hoy el pa\u00eds camina al autoritarismo m\u00e1s acendrado, todo, en nombre del \u201cpueblo bueno y sabio\u201d.<\/p>\n<p>Retomando el tema inicial, si por algo estaba confiada la jefa del Ejecutivo es porque simplemente actu\u00f3 como lo hizo Morena en esta errada y llamada Cuarta Transformaci\u00f3n en su segundo piso: sac\u00e1ndose de la manga sendos expedientes en contra de quienes osen ponerse en contra de los designios del oficialismo y con ello, ahora en la Suprema Corte de Justicia de la Naci\u00f3n, compraron y amenazaron a uno de los ministros que estaban en contra de la reforma judicial.<\/p>\n<p>La noticia corri\u00f3 \u201ccomo reguero de p\u00f3lvora\u201d; se trataba del ministro <strong>Alberto P\u00e9rez Day\u00e1n<\/strong> que sorpresivamente se pronunci\u00f3 en contra del proyecto del ministro <strong>Juan Luis Gonz\u00e1lez Alc\u00e1ntara<\/strong> y luego, cuando ya hab\u00eda pasado a la historia como el <em>Judas<\/em> de la Corte, declar\u00f3 en entrevista sin tratar de despeinarse:<\/p>\n<p>\u201cSimplemente decid\u00ed de acuerdo con lo que he expresado en precedentes. No existe denuncia ni carpeta de investigaci\u00f3n en mi contra, eso es falso\u201d.<\/p>\n<p>Es evidente que no le quedaba de otra a P\u00e9rez Day\u00e1n porque a esas horas, ya las redes sociales deban cuenta de que el oficialismo le hab\u00eda ense\u00f1ado un medio abultado expediente al referido ministro que termin\u00f3 por doblarse y seguir las instrucciones que le gir\u00f3 ni m\u00e1s ni menos que Sheinbaum Pardo. O sea, P\u00e9rez Day\u00e1n se convirti\u00f3 en ese \u201cplan B\u201d anunciado por la Presidenta en la llamada \u201cma\u00f1anera del pueblo\u201d hace dos d\u00edas.<\/p>\n<p>La mec\u00e1nica de presionar, acosar y hostigar que ha venido utilizando el partido guinda. Si nos remitimos al tiempo de la carrera de las \u201ccorcholatas\u201d presidenciales a la que dio el banderazo de salida <strong>Andr\u00e9s Manuel L\u00f3pez Obrador<\/strong>, como se recordar\u00e1, el hoy flamante secretario de Econom\u00eda, <strong>Marcelo Ebrard<\/strong>, protest\u00f3 por la preferencia del tabasque\u00f1o, a quien finalmente se convirti\u00f3 en su sucesora.<\/p>\n<p>Para no hacer \u201cel cuento m\u00e1s largo\u201d, se coment\u00f3 no s\u00f3lo en los corrillos pol\u00edticos que a Ebrard le hab\u00edan sacado abultado expediente que ten\u00eda informaci\u00f3n importante y reveladora de cuando el hoy titular de la SE era jefe de Gobierno de la Ciudad de M\u00e9xico. La sola menci\u00f3n de la L\u00ednea 12 del Metro \u2014por citar solo un ejemplo\u2014 le caus\u00f3 escozor al ex jefe del gobierno capitalino e igualmente, como le hizo ayer P\u00e9rez Day\u00e1n, tambi\u00e9n se dobl\u00f3.<\/p>\n<p>Con \u201ccantos de sirenas\u201d, pero preferentemente con presi\u00f3n y amenazas de \u201csacar los trapitos al sol\u201d, los morenistas adquieren voluntades. Otra es que les prometen \u201cel oro y el moro\u201d a aquellos que est\u00e1n dispuestos de vender su voluntad al mejor postor para a la hora de la hora, no cumplir absolutamente nada.<\/p>\n<p>En la discusi\u00f3n de la controvertida reforma al poder Judicial, se dio el m\u00e1s claro ejemplo de la forma de operar del oficialismo haciendo famosos a Miguel \u00c1ngel Yunes Linares y a su reto\u00f1o, el senador <strong>Miguel \u00c1ngel Yunes M\u00e1rquez<\/strong>, que no podr\u00e1n quitarse el sello de traidores y hasta monedas les avientan cuando se dejan ver por Veracruz, donde, por cierto, gozan del rechazo de quien ser\u00e1 la gobernadora, <strong>Roc\u00edo Nahle,<\/strong> que ya los censur\u00f3.<\/p>\n<p>Menudo \u201cpremio\u201d se gan\u00f3 P\u00e9rez Day\u00e1n, ya se puede sentir muy complacido porque otro personaje como lo es el impresentable presidente de la Mesa Directiva del Senado de la Rep\u00fablica, <strong>Gerardo Fern\u00e1ndez Noro\u00f1a<\/strong>, reconoci\u00f3 al <em>Judas<\/em> de la Corte y se lanz\u00f3 a la yugular de los siete ministros que fueron coherentes con su posici\u00f3n en contra de esta delirante reforma y los llam\u00f3 \u201cfascistas\u201d.<\/p>\n<p>Por lo dem\u00e1s, la hist\u00f3rica sesi\u00f3n en la Suprema Corte, exhibi\u00f3 toda la ignorancia que tiene ni m\u00e1s ni menos que la llamada \u201cministra del pueblo\u201d, <strong>Lenia Batres<\/strong>, que no sab\u00eda lo que le\u00eda, totalmente hecha bolas, a grado tal que ministros como Luis Mar\u00eda Aguilar y Javier Laynez, le corrigieron la plana.<\/p>\n<p>La ministra <em>pirata<\/em>, <strong>Yasm\u00edn Esquivel<\/strong>, por su parte, se congratul\u00f3 por esas correcciones porque supone que eso le da ventaja para ser, supuestamente, la pr\u00f3xima presidenta de la SCJN. \u00bfLo lograr\u00e1?<\/p>\n<p><strong>Municiones<\/strong><\/p>\n<p><strong>***<\/strong> El presidente y senador del PRI, <strong>Alejandro Moreno<\/strong>, mostr\u00f3 su posici\u00f3n por las redes sociales, en la que se\u00f1al\u00f3: \u201choy, en una de las sesiones m\u00e1s importantes en la historia de la Suprema Corte de Justicia de la Naci\u00f3n, hemos visto el inusual \u2018giro\u2019 que ha dado un ministro de la Suprema Corte. Me refiero al ministro Alberto P\u00e9rez Day\u00e1n, quien con su \u2018giro\u2019 procedimental, ha asegurado que la reforma del oficialismo pueda quitar a todos los jueces del pa\u00eds mediante una t\u00f3mbola. Respecto al mismo ministro, la semana pasada nos enteramos a trav\u00e9s de un portal medi\u00e1tico argentino, que en su contra hab\u00eda denuncias por \u2018acoso sexual\u2019 en la Fiscal\u00eda de la CDMX. El ministro lo neg\u00f3 enviando una r\u00e9plica, pero luego de lo votado hoy crecen las dudas\u201d. Y luego, por el premio \u2014antes se\u00f1alado\u2014, que se llev\u00f3 P\u00e9rez Day\u00e1n, bastante ping\u00fce por cierto por los servicios otorgados al morenismo, pues todav\u00eda m\u00e1s. Pero, en un futuro no tan lejano, \u00bfd\u00f3nde veremos al ministro que se dobl\u00f3?, \u00bfacaso en una posici\u00f3n cercana a Arturo Zald\u00edvar?, no ser\u00eda nada extra\u00f1o. Bien dijo Moreno C\u00e1rdenas, \u201cdisentir del oficialismo lleva sus costos\u201d.<\/p>\n<p><strong>***<\/strong> Y hablando de c\u00f3mo los morenistas y afines al lopezobradorismo suelen aferrarse con \u201cu\u00f1as y dientes\u201d, resulta el colmo del cinismo que la se\u00f1alada <strong>Rosario Piedra Ibarra<\/strong> haya salido en la terna de la cual saldr\u00e1 quien encabezar\u00e1 la Comisi\u00f3n Nacional de los Derechos Humanos (CNDH). Hay varias versiones en torno a ese hecho y una de ellas es que, supuestamente, Morena y r\u00e9moras le estar\u00edan dando \u201catole con el dedo\u201d a la se\u00f1ora Piedra. Sin embargo, en otro sentido, tambi\u00e9n se comenta que el que haya sido incluida en la referida terna es para armar una especie de teatro para al final imponerla, lo cual ser\u00eda un desprop\u00f3sito. Pero ante los berrinches y pataleos de la Piedra (porque eso es finalmente), por no perder sus privilegios, estuvo de antolog\u00eda, \u00bfser\u00e1? Las otras dos aspirantes son <strong>Nashieli Ram\u00edrez Hern\u00e1ndez<\/strong> y <strong>Paulina Hern\u00e1ndez Diz<\/strong>.<\/p>\n<p><strong>***<\/strong> Al momento de escribir estas l\u00edneas, en las elecciones del \u201csupermartes\u201d en Estados Unidos, <strong>Donald Trump<\/strong> llevaba 99 votos electorales, mientras la dem\u00f3crata <strong>Kamala Harris<\/strong> ten\u00eda s\u00f3lo 27.<\/p>\n<p><u><a href=\"mailto:morcora@gmail.com\" target=\"_blank\" rel=\"noopener noreferrer\"><em>morcora@gmail.com<\/em><\/a><\/u><\/p>\n","protected":false},"excerpt":{"rendered":"<p><span style=\"color: #005497;\"><strong>Adriana Moreno Cordero<\/strong><\/span><\/p>\n","protected":false},"author":3,"featured_media":0,"comment_status":"open","ping_status":"open","sticky":false,"template":"","format":"standard","meta":{"_monsterinsights_skip_tracking":false,"_monsterinsights_sitenote_active":false,"_monsterinsights_sitenote_note":"","_monsterinsights_sitenote_category":0,"footnotes":""},"categories":[69370],"tags":[69369,69368,43674],"class_list":["post-639810","post","type-post","status-publish","format-standard","hentry","category-adriana-moreno-cordero","tag-adriana-moreno-cordero","tag-la-retaguardia","tag-opinion"],"_links":{"self":[{"href":"https:\/\/www.diarioimagen.net\/index.php?rest_route=\/wp\/v2\/posts\/639810","targetHints":{"allow":["GET"]}}],"collection":[{"href":"https:\/\/www.diarioimagen.net\/index.php?rest_route=\/wp\/v2\/posts"}],"about":[{"href":"https:\/\/www.diarioimagen.net\/index.php?rest_route=\/wp\/v2\/types\/post"}],"author":[{"embeddable":true,"href":"https:\/\/www.diarioimagen.net\/index.php?rest_route=\/wp\/v2\/users\/3"}],"replies":[{"embeddable":true,"href":"https:\/\/www.diarioimagen.net\/index.php?rest_route=%2Fwp%2Fv2%2Fcomments&post=639810"}],"version-history":[{"count":0,"href":"https:\/\/www.diarioimagen.net\/index.php?rest_route=\/wp\/v2\/posts\/639810\/revisions"}],"wp:attachment":[{"href":"https:\/\/www.diarioimagen.net\/index.php?rest_route=%2Fwp%2Fv2%2Fmedia&parent=639810"}],"wp:term":[{"taxonomy":"category","embeddable":true,"href":"https:\/\/www.diarioimagen.net\/index.php?rest_route=%2Fwp%2Fv2%2Fcategories&post=639810"},{"taxonomy":"post_tag","embeddable":true,"href":"https:\/\/www.diarioimagen.net\/index.php?rest_route=%2Fwp%2Fv2%2Ftags&post=639810"}],"curies":[{"name":"wp","href":"https:\/\/api.w.org\/{rel}","templated":true}]}}