{"id":639817,"date":"2024-11-06T00:03:08","date_gmt":"2024-11-06T06:03:08","guid":{"rendered":"https:\/\/www.diarioimagen.net\/?p=639817"},"modified":"2024-11-06T02:15:30","modified_gmt":"2024-11-06T08:15:30","slug":"quien-se-esta-sobrepasando","status":"publish","type":"post","link":"https:\/\/www.diarioimagen.net\/?p=639817","title":{"rendered":"\u00bfQui\u00e9n se est\u00e1\u00a0sobrepasando?"},"content":{"rendered":"<h2>Espacio Electoral<\/h2>\n<h5>Eleazar Flores<\/h5>\n<p>&nbsp;<\/p>\n<p><strong>REQUISITOS PARA INGRESAR AL PJ-.<\/strong> Conocidos los requisitos que deber\u00e1n cubrir quienes se interesen por integrar el renovado personal de la Suprema Corte de Justicia de la Naci\u00f3n, parece ser un procedimiento sencillo, menos las CINCO CARTAS DE RECOMENDACI\u00d3N de los vecinos de la persona interesada-solicitante.<\/p>\n<p>Podr\u00e1 suponer que es el requisito m\u00e1s sencillo, pero no tanto, desde el momento en que el o la persona requirente de la CARTA DEL BUEN VECINO, en su vivir diario, pudo haber tenido una buena relaci\u00f3n de vecindad\u00a0 \u00bfy si no fuera as\u00ed?, podr\u00eda presentarse el momento del desquite.<\/p>\n<p>Eso de mostrar el certificado de estudios con un promedio m\u00ednimo de 8.0 u 8.5 de calificaci\u00f3n total se da por descontado desde el momento en que las personas interesadas tienen en sus manos el documento de la instituci\u00f3n acad\u00e9mica respectiva. Adem\u00e1s, la experiencia pasa a un \u00faltimo t\u00e9rmino y entre menor oficio m\u00e1s posibilidades, por no haber andado los caminos de la corrupci\u00f3n.<\/p>\n<p><strong>POSTURA PRESIDENCIAL-.<\/strong> Con este panorama expuesto, en cuanto a los requerimientos del personal interesado a ingresar a la burocracia judicial federal, vale conocer la postura de la Presidenta con \u201cA\u201d, en torno a los puntos de vista ya externados por algunos ministros de la misma Suprema Corte, evidenci\u00e1ndose diferencias entre algunos de ellos, de los m\u00e1s importantes.<\/p>\n<p>\u201cYo creo que vale la pena que todos sepan que quien est\u00e1 cometiendo una falta es la Corte\u201d, que se est\u00e1 sobrepasando advirti\u00f3, con su evidente tono \u201cCONCILIADOR\u201d, la presidenta Sheinbaum cuando califica como ADVERSARIOS a quienes se oponen a dichas REFORMAS SUPREMACISTAS. Eso de adversarios, recuerda ese\u00a0 lenguaje del pasado presidencial reciente.<\/p>\n<p>La Corte se est\u00e1 sobrepasando de sus funciones, al querer legislar y cambiar una decisi\u00f3n del Constituyente, insisti\u00f3 en su ma\u00f1anera del pueblo la doctora, para quien los argumentos legales de profesionales, especialistas, y hasta doctores del Derecho, son menos v\u00e1lidos de lo que dicen los legisladores que hasta sin asistir votan, como lo hizo Pedro Haces Barba, culpando al SISTEMA del fantasmag\u00f3rico voto el pasado fin de semana.<\/p>\n<p>Fantasmag\u00f3rico porque el l\u00edder obrero Haces hizo lo posible por votar, justamente cuando estaba en la Uni\u00f3n Americana cuando el equipo de beisbol DODGERS de los \u00c1ngeles alcanzaba su octava corona, seguramente en homenaje al INMORTAL 34, perteneciente por siempre al buen beisbolista, pero much\u00edsimo mejor persona, FERNANDO VALENZUELA ANGUAMEA.<\/p>\n<p>Lo peor de todo este sainete es que fue el propio Haces Barba quien neg\u00f3 haber votar, como tambi\u00e9n haber estado en el estadio de beisbol, \u00bfluego entonces?<\/p>\n<p>Con o sin objeciones, d\u00e9 por hecho que la \u201csupremac\u00eda legislativa\u201d seguir\u00e1 adelante, pues recuerde que fue una herencia tabasque\u00f1a, que su sucesora tendr\u00e1 que sacar adelante, con el d\u00f3cil respaldo legislativo, senatorial y diputadil.<\/p>\n<p><em><a href=\"mailto:elefa44@gmail.com\" target=\"_blank\" rel=\"noopener noreferrer\">elefa44@gmail.com<\/a><\/em><\/p>\n","protected":false},"excerpt":{"rendered":"<p><span style=\"color: #005497;\"><strong>Eleazar Flores<\/strong><\/span><\/p>\n","protected":false},"author":3,"featured_media":0,"comment_status":"open","ping_status":"open","sticky":false,"template":"","format":"standard","meta":{"_monsterinsights_skip_tracking":false,"_monsterinsights_sitenote_active":false,"_monsterinsights_sitenote_note":"","_monsterinsights_sitenote_category":0,"footnotes":""},"categories":[81743],"tags":[81744,81776,43674],"class_list":["post-639817","post","type-post","status-publish","format-standard","hentry","category-eleazar-flores","tag-eleazar-flores","tag-espacio-electoral","tag-opinion"],"_links":{"self":[{"href":"https:\/\/www.diarioimagen.net\/index.php?rest_route=\/wp\/v2\/posts\/639817","targetHints":{"allow":["GET"]}}],"collection":[{"href":"https:\/\/www.diarioimagen.net\/index.php?rest_route=\/wp\/v2\/posts"}],"about":[{"href":"https:\/\/www.diarioimagen.net\/index.php?rest_route=\/wp\/v2\/types\/post"}],"author":[{"embeddable":true,"href":"https:\/\/www.diarioimagen.net\/index.php?rest_route=\/wp\/v2\/users\/3"}],"replies":[{"embeddable":true,"href":"https:\/\/www.diarioimagen.net\/index.php?rest_route=%2Fwp%2Fv2%2Fcomments&post=639817"}],"version-history":[{"count":0,"href":"https:\/\/www.diarioimagen.net\/index.php?rest_route=\/wp\/v2\/posts\/639817\/revisions"}],"wp:attachment":[{"href":"https:\/\/www.diarioimagen.net\/index.php?rest_route=%2Fwp%2Fv2%2Fmedia&parent=639817"}],"wp:term":[{"taxonomy":"category","embeddable":true,"href":"https:\/\/www.diarioimagen.net\/index.php?rest_route=%2Fwp%2Fv2%2Fcategories&post=639817"},{"taxonomy":"post_tag","embeddable":true,"href":"https:\/\/www.diarioimagen.net\/index.php?rest_route=%2Fwp%2Fv2%2Ftags&post=639817"}],"curies":[{"name":"wp","href":"https:\/\/api.w.org\/{rel}","templated":true}]}}