{"id":639830,"date":"2024-11-06T00:12:32","date_gmt":"2024-11-06T06:12:32","guid":{"rendered":"https:\/\/www.diarioimagen.net\/?p=639830"},"modified":"2024-11-06T02:06:07","modified_gmt":"2024-11-06T08:06:07","slug":"cae-finalmente-la-corte-de-norma-pina-ante-lopez-obrador","status":"publish","type":"post","link":"https:\/\/www.diarioimagen.net\/?p=639830","title":{"rendered":"Cae, finalmente, la Corte de Norma\u00a0Pi\u00f1a ante L\u00f3pez\u00a0Obrador"},"content":{"rendered":"<h2>Tras la puerta del poder<\/h2>\n<h5>Roberto Vizca\u00edno<\/h5>\n<p>&nbsp;<\/p>\n<p>El \u00faltimo contrapeso de la divisi\u00f3n de poderes, que daba legitimidad a la democracia mexicana, cay\u00f3 ayer 4 a 7 en el Pleno de la Suprema Corte.<\/p>\n<p>La regla indica que el Pleno de la Corte necesita 8 votos de 11 para invalidar una reforma constitucional y s\u00f3lo hubo al final 7.<\/p>\n<p>L<strong>a derrota<\/strong> de la esperanza de un importante sector social y de expertos, analistas, intelectuales, acad\u00e9micos, juristas, barras de abogado de M\u00e9xico y el mundo por preservar libertades y respeto al Estado de Derecho en M\u00e9xico <strong>ocurri\u00f3 temprano<\/strong>, cuando el ministro <strong>Alberto P\u00e9rez Day\u00e1n<\/strong> anunci\u00f3 que votar\u00eda t\u00e1citamente a favor de la reforma oficialista \u2014propuesta por el entonces presidente <strong>Andr\u00e9s Manuel L\u00f3pez Obrador<\/strong>\u2014 casi a la apertura del Pleno de la Corte que deb\u00eda debatir y pronunciarse por el proyecto del ministro <strong>Juan Luis Gonz\u00e1lez Alc\u00e1ntara Carranc\u00e1<\/strong> que planteaba anular parcialmente la reforma al Poder Judicial.<\/p>\n<p>Con ello, el ministro <strong>P\u00e9rez Day\u00e1n<\/strong> pasar\u00e1 a la historia como qui\u00e9n junto a los senadores <strong>Miguel Yunes<\/strong>, <strong>Jos\u00e9 Sabino Herrera<\/strong> y <strong>Araceli Saucedo<\/strong>; y a los magistrados del Tribunal Electoral, <strong>M\u00f3nica Soto<\/strong>, <strong>Felipe Fuentes<\/strong> y <strong>Felipe de la Mata<\/strong>; y los consejeros del INE, <strong>Guadalupe Taddei<\/strong>, <strong>Norma de la Cruz<\/strong>, <strong>Carla Humphrey<\/strong>, <strong>Rita Bell L\u00f3pez<\/strong>, <strong>Dania Ravel<\/strong>, <strong>Uuc-kib Espadas<\/strong>, <strong>Arturo Castillo<\/strong> y <strong>Jorge Monta\u00f1o,<\/strong> sin cuyos votos no hubiera sido posible aprobar esta reforma al Poder Judicial que impone la elecci\u00f3n de ministros, magistrados y jueces en todo el pa\u00eds.<\/p>\n<p>Todos ellos cedieron ante el soborno, presiones, amenazas, d\u00e1divas, ofrecimientos durante las diferentes etapas y en distintos frentes del proceso de aprobaci\u00f3n legislativa y judicial.<\/p>\n<p>Hoy, gracias a ellos desaparece la Suprema Corte en la que cada ministro surg\u00eda de una terna propuesta por el Presidente en turno ante el Senado, y que hab\u00eda logrado un nivel aceptable, no total, de independencia y autonom\u00eda del Ejecutivo.<\/p>\n<p>En adelante, todos los ministros, magistrados y jueces deber\u00e1n ser electos en una elecci\u00f3n abierta en todo el pa\u00eds.<\/p>\n<p>Con ello se pone fin a la carrera judicial en la que jueces, magistrados y ministros llegaban por la v\u00eda del ascenso meritorio y la suma de experiencia dentro del Sistema Judicial.<\/p>\n<p>Expertos advierten que este nuevo sistema de voto popular abre la puerta a que todos los cargos del Poder Judicial sean ocupados por personajes propuestos, financiados e impulsados esencialmente por el gobierno y su partido, por empresarios\u2026 y por el narco y el crimen organizado.<\/p>\n<p>Ellos propondr\u00e1n\u2026 y los mexicanos \u2014maiceados mayoritariamente con los bonos de los programas sociales\u2014 los validar\u00e1n con su voto.<\/p>\n<p>Es el trance final de la desaparici\u00f3n del sistema de pesos y contrapesos en que oper\u00f3 por d\u00e9cadas la separaci\u00f3n de Poderes.<\/p>\n<p>Con este paso final, la presidenta Claudia Sheinbaum tiene el control del Legislativo a trav\u00e9s de las mayor\u00edas de Morena y de sus aliados PT y Verde en el Senado y C\u00e1mara de Diputados donde dominan desde las presidencias de las c\u00e1maras y la mayor\u00eda de las comisiones, as\u00ed como de las juntas de coordinaci\u00f3n pol\u00edtica.<\/p>\n<p>Y ahora, con el paso libre a la reforma del Poder Judicial, podr\u00e1 integrar a los ministros, magistrados y jueves que quiera en la vasta red de ese poder, para orientarlo hacia donde quiera.<\/p>\n<p>Adicionalmente, <strong>Sheinbaum<\/strong> cuenta con la alineaci\u00f3n de 24 de 32 gobernadores surgidos de Morena, a 25 Congresos locales incluido el de la capital del pa\u00eds, y la mayor\u00eda y m\u00e1s importantes de las 2,400 alcald\u00edas, y alineados a los m\u00e1s importantes empresarios e inversores nacionales y extranjeros y como cereza al crimen organizado y al narco que controlan a sus anchas a grandes regiones de la rep\u00fablica.<\/p>\n<p>La plena y m\u00e1s apabullante <em>autocracia constitucional<\/em>, se\u00f1alan opositores y analistas.<\/p>\n<p>Es la realidad del dicho popular respecto del autoritarismo de que:<\/p>\n<p>\u201cLa mejor democracia es aquella\u2026 en la que s\u00f3lo mando yo\u201d.<\/p>\n<p style=\"text-align: center;\"><strong>Una empresa que se reval\u00faa<\/strong><\/p>\n<p>La multinacional de origen chino <strong>Time Ceramics<\/strong><em>,<\/em> con m\u00e1s de 30 a\u00f1os de experiencia en la producci\u00f3n de cer\u00e1mica, cuyas operaciones se han extendido a regiones como \u00c1frica, Pakist\u00e1n y recientemente a M\u00e9xico \u2014espec\u00edficamente al estado de Hidalgo\u2014 intenta desde aqu\u00ed consolidar su presencia en el mercado latinoamericano.<\/p>\n<p>La central de <strong>Time Ceramics Group<\/strong> se localiza en Fujian, China. Y los miembros de su junta directiva tienen una amplia experiencia en el mercado y la gesti\u00f3n de la f\u00e1brica de estos productos esenciales para la construcci\u00f3n y desarrollo de nuevos centros habitacionales en el pa\u00eds.<\/p>\n<p>X: <em><a href=\"https:\/\/x.com\/_rvizcaino\" target=\"_blank\" rel=\"noopener noreferrer\">@_RVizcaino<\/a><a href=\"mailto:rvizcainoa@gmail.com\" target=\"_blank\" rel=\"noopener noreferrer\"><br \/>\n<\/a><a href=\"https:\/\/www.facebook.com\/rvizcainoa\" target=\"_blank\" rel=\"noopener noreferrer\">facebook.com\/rvizcainoa<\/a><\/em><\/p>\n","protected":false},"excerpt":{"rendered":"<p><span style=\"color: #005497;\"><strong>Roberto Vizca\u00edno<\/strong><\/span><\/p>\n","protected":false},"author":3,"featured_media":0,"comment_status":"open","ping_status":"open","sticky":false,"template":"","format":"standard","meta":{"_monsterinsights_skip_tracking":false,"_monsterinsights_sitenote_active":false,"_monsterinsights_sitenote_note":"","_monsterinsights_sitenote_category":0,"footnotes":""},"categories":[136],"tags":[43674,93,94],"class_list":["post-639830","post","type-post","status-publish","format-standard","hentry","category-roberto-vizcaino-opinion","tag-opinion","tag-roberto-vizcaino","tag-tras-la-puerta-del-poder"],"_links":{"self":[{"href":"https:\/\/www.diarioimagen.net\/index.php?rest_route=\/wp\/v2\/posts\/639830","targetHints":{"allow":["GET"]}}],"collection":[{"href":"https:\/\/www.diarioimagen.net\/index.php?rest_route=\/wp\/v2\/posts"}],"about":[{"href":"https:\/\/www.diarioimagen.net\/index.php?rest_route=\/wp\/v2\/types\/post"}],"author":[{"embeddable":true,"href":"https:\/\/www.diarioimagen.net\/index.php?rest_route=\/wp\/v2\/users\/3"}],"replies":[{"embeddable":true,"href":"https:\/\/www.diarioimagen.net\/index.php?rest_route=%2Fwp%2Fv2%2Fcomments&post=639830"}],"version-history":[{"count":0,"href":"https:\/\/www.diarioimagen.net\/index.php?rest_route=\/wp\/v2\/posts\/639830\/revisions"}],"wp:attachment":[{"href":"https:\/\/www.diarioimagen.net\/index.php?rest_route=%2Fwp%2Fv2%2Fmedia&parent=639830"}],"wp:term":[{"taxonomy":"category","embeddable":true,"href":"https:\/\/www.diarioimagen.net\/index.php?rest_route=%2Fwp%2Fv2%2Fcategories&post=639830"},{"taxonomy":"post_tag","embeddable":true,"href":"https:\/\/www.diarioimagen.net\/index.php?rest_route=%2Fwp%2Fv2%2Ftags&post=639830"}],"curies":[{"name":"wp","href":"https:\/\/api.w.org\/{rel}","templated":true}]}}