{"id":639914,"date":"2024-11-07T00:01:05","date_gmt":"2024-11-07T06:01:05","guid":{"rendered":"https:\/\/www.diarioimagen.net\/?p=639914"},"modified":"2024-11-07T23:22:52","modified_gmt":"2024-11-08T05:22:52","slug":"sheinbaum-no-hay-motivo-de-preocupacion-tras-la-victoria-de-trump","status":"publish","type":"post","link":"https:\/\/www.diarioimagen.net\/?p=639914","title":{"rendered":"Sheinbaum: no hay motivo de preocupaci\u00f3n tras\u00a0la\u00a0victoria de Trump"},"content":{"rendered":"<p>&nbsp;<\/p>\n<h2 style=\"text-align: center;\">Seguir\u00e1n los di\u00e1logos de alto nivel<\/h2>\n<p><em>\u00a0<\/em><\/p>\n<ul>\n<li><strong><em>Habr\u00e1 buena relaci\u00f3n con nuevo gobierno, asegura<\/em><\/strong><\/li>\n<\/ul>\n<p>&nbsp;<\/p>\n<div id=\"attachment_640001\" style=\"width: 470px\" class=\"wp-caption aligncenter\"><a href=\"https:\/\/www.diarioimagen.net\/?attachment_id=640001\" rel=\"attachment wp-att-640001\"><img loading=\"lazy\" decoding=\"async\" aria-describedby=\"caption-attachment-640001\" class=\"size-full wp-image-640001\" src=\"https:\/\/www.diarioimagen.net\/wp-content\/uploads\/2024\/11\/claudia-3.jpg\" alt=\"\" width=\"460\" height=\"270\" srcset=\"https:\/\/www.diarioimagen.net\/wp-content\/uploads\/2024\/11\/claudia-3.jpg 460w, https:\/\/www.diarioimagen.net\/wp-content\/uploads\/2024\/11\/claudia-3-240x141.jpg 240w\" sizes=\"auto, (max-width: 460px) 100vw, 460px\" \/><\/a><p id=\"caption-attachment-640001\" class=\"wp-caption-text\">La presidenta Claudia Sheinbaum asegur\u00f3 que \u00abno hay motivo ninguno de preocupaci\u00f3n\u00bb tras el triunfo de Donald Trump en la elecci\u00f3n presidencial de Estados Unidos.<\/p><\/div>\n<p>&nbsp;<\/p>\n<p>La presidenta Claudia Sheinbaum asegur\u00f3 que \u201cno hay motivo ninguno de preocupaci\u00f3n\u201d tras el triunfo de Donald Trump en las elecciones presidenciales de Estados Unidos y que los dos pa\u00edses van a tener una buena relaci\u00f3n.<\/p>\n<p>Vamos a esperar a que termine el conteo, para emitir un comunicado oficial\u201d, coment\u00f3 Sheinbaum sobre el triunfo electoral de Trump.<\/p>\n<p>\u201cA nuestros paisanos y paisanas, a sus familiares que est\u00e1n aqu\u00ed, a las empresarias y a los empresarios mexicanos, no hay motivo alguno de preocupaci\u00f3n. M\u00e9xico siempre sale adelante, somos un pa\u00eds libre, independiente, soberano y va a haber buena relaci\u00f3n con los Estados Unidos\u201d, coment\u00f3 la mandataria en su ma\u00f1anera del pueblo de este mi\u00e9rcoles 6 de noviembre.<\/p>\n<p>Se\u00f1al\u00f3 que M\u00e9xico, Estados Unidos y Canad\u00e1 hoy tienen una integraci\u00f3n econ\u00f3mica muy importante, \u201cque favorece a Estados Unidos y a M\u00e9xico. Es una fortaleza de ambos, no competimos entre nosotros, sino al rev\u00e9s, nos complementamos\u201d.<\/p>\n<p>Agreg\u00f3 la Presidenta que seguir\u00e1n los di\u00e1logos de alto nivel en temas como migraci\u00f3n, narcotr\u00e1fico, armas, entre otros.<\/p>\n<p style=\"text-align: center;\"><strong>\u201cVolatilidad del peso, por elecciones en EU\u201d<\/strong><\/p>\n<p>La actual volatilidad del tipo de cambio es consecuencia, sobre todo, de la elecci\u00f3n en Estados Unidos \u201cy no debe haber motivo para preocupaci\u00f3n\u201d. La econom\u00eda de M\u00e9xico est\u00e1 fuerte, se\u00f1al\u00f3 la presidenta Sheinbaum Pardo.<\/p>\n<p>Ante los resultados del proceso, que perfilan el triunfo de Donald Trump, se\u00f1al\u00f3 que habr\u00e1 tranquilidad de los mercados y \u201cde todos\u201d.<\/p>\n<p>El peso ha estado estos d\u00edas subiendo y bajando. Los analistas hablan que la mayor influencia es por la elecci\u00f3n en Estados Unidos y por eso digo que no debe haber motivo para que tengamos preocupaciones. Va a haber una relaci\u00f3n, estoy convencida de ello\u201d.<\/p>\n<p>Nuestra econom\u00eda, precis\u00f3, \u201cest\u00e1 muy s\u00f3lida, est\u00e1 muy fuerte. Ah\u00ed est\u00e1 siempre el Banco de M\u00e9xico, que toma sus propias decisiones frente a ello\u201d.<\/p>\n<p>La divisa mexicana, en los mercados internacionales, abri\u00f3 este mi\u00e9rcoles en 20.64 pesos por d\u00f3lar, lo que significa una depreciaci\u00f3n de 2.69% o 54 centavos respecto a la jornada anterior, con lo que se ubica como la moneda m\u00e1s perdedora al inicio de la jornada, de acuerdo con informaci\u00f3n de Bloomberg.<\/p>\n<p style=\"text-align: center;\"><strong>Sheinbaum se re\u00fane con Larry Fink, director de BlackRock<\/strong><\/p>\n<p>Sheinbaum Pardo sostuvo este mi\u00e9rcoles un encuentro con Larry Fink, fundador y director del fondo de inversiones BlackRock, en Palacio Nacional.<\/p>\n<p>El encuentro no s\u00f3lo se da luego de que el gobierno de la mandataria present\u00f3 la estrategia en el sector el\u00e9ctrico del pa\u00eds, sino un d\u00eda despu\u00e9s de la elecci\u00f3n en Estados Unidos.<\/p>\n","protected":false},"excerpt":{"rendered":"<p>La presidenta Claudia Sheinbaum asegur\u00f3 que \u201cno hay motivo ninguno de preocupaci\u00f3n\u201d tras el triunfo de Donald Trump en las elecciones presidenciales de Estados Unidos y que los dos pa\u00edses van a tener una buena relaci\u00f3n.<\/p>\n","protected":false},"author":3,"featured_media":640001,"comment_status":"open","ping_status":"open","sticky":false,"template":"","format":"standard","meta":{"_monsterinsights_skip_tracking":false,"_monsterinsights_sitenote_active":false,"_monsterinsights_sitenote_note":"","_monsterinsights_sitenote_category":0,"footnotes":""},"categories":[17],"tags":[72207,81772,48496],"class_list":["post-639914","post","type-post","status-publish","format-standard","has-post-thumbnail","hentry","category-especiales","tag-claudia-sheinbaum-pardo","tag-donald-trum","tag-triunfo"],"_links":{"self":[{"href":"https:\/\/www.diarioimagen.net\/index.php?rest_route=\/wp\/v2\/posts\/639914","targetHints":{"allow":["GET"]}}],"collection":[{"href":"https:\/\/www.diarioimagen.net\/index.php?rest_route=\/wp\/v2\/posts"}],"about":[{"href":"https:\/\/www.diarioimagen.net\/index.php?rest_route=\/wp\/v2\/types\/post"}],"author":[{"embeddable":true,"href":"https:\/\/www.diarioimagen.net\/index.php?rest_route=\/wp\/v2\/users\/3"}],"replies":[{"embeddable":true,"href":"https:\/\/www.diarioimagen.net\/index.php?rest_route=%2Fwp%2Fv2%2Fcomments&post=639914"}],"version-history":[{"count":0,"href":"https:\/\/www.diarioimagen.net\/index.php?rest_route=\/wp\/v2\/posts\/639914\/revisions"}],"wp:featuredmedia":[{"embeddable":true,"href":"https:\/\/www.diarioimagen.net\/index.php?rest_route=\/wp\/v2\/media\/640001"}],"wp:attachment":[{"href":"https:\/\/www.diarioimagen.net\/index.php?rest_route=%2Fwp%2Fv2%2Fmedia&parent=639914"}],"wp:term":[{"taxonomy":"category","embeddable":true,"href":"https:\/\/www.diarioimagen.net\/index.php?rest_route=%2Fwp%2Fv2%2Fcategories&post=639914"},{"taxonomy":"post_tag","embeddable":true,"href":"https:\/\/www.diarioimagen.net\/index.php?rest_route=%2Fwp%2Fv2%2Ftags&post=639914"}],"curies":[{"name":"wp","href":"https:\/\/api.w.org\/{rel}","templated":true}]}}