{"id":639917,"date":"2024-11-07T00:03:11","date_gmt":"2024-11-07T06:03:11","guid":{"rendered":"https:\/\/www.diarioimagen.net\/?p=639917"},"modified":"2024-11-07T23:23:33","modified_gmt":"2024-11-08T05:23:33","slug":"gobierno-federal-presenta-el-nuevo-plan-nacional-de-energia","status":"publish","type":"post","link":"https:\/\/www.diarioimagen.net\/?p=639917","title":{"rendered":"Gobierno federal presenta el nuevo Plan Nacional de Energ\u00eda"},"content":{"rendered":"<p>&nbsp;<\/p>\n<p><a href=\"https:\/\/www.diarioimagen.net\/?attachment_id=640010\" rel=\"attachment wp-att-640010\"><img loading=\"lazy\" decoding=\"async\" class=\"aligncenter size-full wp-image-640010\" src=\"https:\/\/www.diarioimagen.net\/wp-content\/uploads\/2024\/11\/gobierno-federal-presenta.jpg\" alt=\"\" width=\"460\" height=\"270\" srcset=\"https:\/\/www.diarioimagen.net\/wp-content\/uploads\/2024\/11\/gobierno-federal-presenta.jpg 460w, https:\/\/www.diarioimagen.net\/wp-content\/uploads\/2024\/11\/gobierno-federal-presenta-240x141.jpg 240w\" sizes=\"auto, (max-width: 460px) 100vw, 460px\" \/><\/a><\/p>\n<p>&nbsp;<\/p>\n<p>El gobierno de Claudia Sheinbaum present\u00f3 este mi\u00e9rcoles el Plan Nacional de Energ\u00eda, el cual est\u00e1 basado en cuatro ejes y que buscar\u00e1 que se delineen estrategias para fortalecer el sector el\u00e9ctrico en M\u00e9xico, consolidar el papel de la Comisi\u00f3n Federal de Electricidad (CFE) como pilar en la soberan\u00eda energ\u00e9tica, fortalecer la participaci\u00f3n p\u00fablica en la generaci\u00f3n el\u00e9ctrica y avanzar en la transici\u00f3n hacia energ\u00edas limpias.<\/p>\n<p>Luz Elena Gonz\u00e1lez Escobar, secretaria de Energ\u00eda, subray\u00f3 que esta estrategia permitir\u00e1 al Estado regular el sector con una visi\u00f3n a largo plazo y colaborar estrechamente con las secretar\u00edas y gobiernos locales para la ejecuci\u00f3n de proyectos.<\/p>\n<p>Uno de los ejes se centra en recuperar la capacidad de planeaci\u00f3n del Estado en el sector el\u00e9ctrico, perdida tras la reforma de 2013.<\/p>\n<p>Otro buscar\u00e1 priorizar la justicia energ\u00e9tica y el acceso universal a la electricidad. Para lograrlo, el gobierno se compromete a mantener las tarifas el\u00e9ctricas por debajo de la inflaci\u00f3n y a brindar subsidios a hogares vulnerables.<\/p>\n<p>Luz Elena Gonz\u00e1lez Escobar mencion\u00f3 que, bajo la instrucci\u00f3n de la presidenta Claudia Sheinbaum, se mantendr\u00e1 una participaci\u00f3n privada en el sector el\u00e9ctrico de hasta el 46%, fomentando la incorporaci\u00f3n de energ\u00edas renovables. Se estima que la inversi\u00f3n privada podr\u00eda a\u00f1adir entre 6,000 y 9,000 MW de energ\u00eda limpia, apoyando proyectos de desarrollo local y generando beneficios econ\u00f3micos en las comunidades propietarias de las tierras.<\/p>\n<p>Por su parte, Emilia Esther Calleja Alor, directora general de la CFE, detall\u00f3 que el proyecto implica una inversi\u00f3n de 23,400 millones de d\u00f3lares, distribuidos en generaci\u00f3n, transmisi\u00f3n y distribuci\u00f3n.<\/p>\n<p>Mientras tanto, en generaci\u00f3n se destinar\u00e1n 12,300 millones de d\u00f3lares para a\u00f1adir 13,024 megawatts (MW) de capacidad instalada, suficiente para abastecer a m\u00faltiples estados. Otros 7,500 millones de d\u00f3lares se asignar\u00e1n a reforzar la infraestructura de transmisi\u00f3n, mientras que 3,600 millones de d\u00f3lares se invertir\u00e1n en la red de distribuci\u00f3n de baja tensi\u00f3n que lleva la electricidad a hogares y comercios.<\/p>\n<p>La titular de la Comisi\u00f3n tambi\u00e9n explic\u00f3 que el plan incluye tres escenarios de generaci\u00f3n para 2030, priorizando un incremento en el uso de fuentes de energ\u00eda limpia, lo que permitir\u00eda reducir las emisiones de CO<sub>2<\/sub> en hasta un 12.7 por ciento.<\/p>\n","protected":false},"excerpt":{"rendered":"<p>El gobierno de Claudia Sheinbaum present\u00f3 este mi\u00e9rcoles el Plan Nacional de Energ\u00eda, el cual est\u00e1 basado en cuatro ejes y que buscar\u00e1 que se delineen estrategias para fortalecer el sector el\u00e9ctrico en M\u00e9xico, consolidar el papel de la Comisi\u00f3n Federal de Electricidad (CFE) como pilar en la soberan\u00eda energ\u00e9tica, fortalecer la participaci\u00f3n p\u00fablica en la generaci\u00f3n el\u00e9ctrica y avanzar en la transici\u00f3n hacia energ\u00edas limpias.<\/p>\n","protected":false},"author":3,"featured_media":640010,"comment_status":"open","ping_status":"open","sticky":false,"template":"","format":"standard","meta":{"_monsterinsights_skip_tracking":false,"_monsterinsights_sitenote_active":false,"_monsterinsights_sitenote_note":"","_monsterinsights_sitenote_category":0,"footnotes":""},"categories":[17,3],"tags":[43673,101181],"class_list":["post-639917","post","type-post","status-publish","format-standard","has-post-thumbnail","hentry","category-especiales","category-nacional","tag-nacional","tag-plan-nacional-de-energia"],"_links":{"self":[{"href":"https:\/\/www.diarioimagen.net\/index.php?rest_route=\/wp\/v2\/posts\/639917","targetHints":{"allow":["GET"]}}],"collection":[{"href":"https:\/\/www.diarioimagen.net\/index.php?rest_route=\/wp\/v2\/posts"}],"about":[{"href":"https:\/\/www.diarioimagen.net\/index.php?rest_route=\/wp\/v2\/types\/post"}],"author":[{"embeddable":true,"href":"https:\/\/www.diarioimagen.net\/index.php?rest_route=\/wp\/v2\/users\/3"}],"replies":[{"embeddable":true,"href":"https:\/\/www.diarioimagen.net\/index.php?rest_route=%2Fwp%2Fv2%2Fcomments&post=639917"}],"version-history":[{"count":0,"href":"https:\/\/www.diarioimagen.net\/index.php?rest_route=\/wp\/v2\/posts\/639917\/revisions"}],"wp:featuredmedia":[{"embeddable":true,"href":"https:\/\/www.diarioimagen.net\/index.php?rest_route=\/wp\/v2\/media\/640010"}],"wp:attachment":[{"href":"https:\/\/www.diarioimagen.net\/index.php?rest_route=%2Fwp%2Fv2%2Fmedia&parent=639917"}],"wp:term":[{"taxonomy":"category","embeddable":true,"href":"https:\/\/www.diarioimagen.net\/index.php?rest_route=%2Fwp%2Fv2%2Fcategories&post=639917"},{"taxonomy":"post_tag","embeddable":true,"href":"https:\/\/www.diarioimagen.net\/index.php?rest_route=%2Fwp%2Fv2%2Ftags&post=639917"}],"curies":[{"name":"wp","href":"https:\/\/api.w.org\/{rel}","templated":true}]}}