{"id":639936,"date":"2024-11-07T00:01:34","date_gmt":"2024-11-07T06:01:34","guid":{"rendered":"https:\/\/www.diarioimagen.net\/?p=639936"},"modified":"2024-11-07T01:50:35","modified_gmt":"2024-11-07T07:50:35","slug":"gestion-de-jenaro-martinez-al-frente-del-smsem-inicio-con-el-pie-derecho","status":"publish","type":"post","link":"https:\/\/www.diarioimagen.net\/?p=639936","title":{"rendered":"Gesti\u00f3n de Jenaro Mart\u00ednez al frente del SMSEM inici\u00f3 con el pie derecho"},"content":{"rendered":"<p>&nbsp;<\/p>\n<ul>\n<li><em><strong>Nueva casa de descanso en Valle de Bravo<\/strong><\/em><\/li>\n<\/ul>\n<p><strong>\u00a0<\/strong><\/p>\n<h6>Arturo Baena<\/h6>\n<p>&nbsp;<\/p>\n<div id=\"attachment_640037\" style=\"width: 470px\" class=\"wp-caption aligncenter\"><a href=\"https:\/\/www.diarioimagen.net\/?attachment_id=640037\" rel=\"attachment wp-att-640037\"><img loading=\"lazy\" decoding=\"async\" aria-describedby=\"caption-attachment-640037\" class=\"size-full wp-image-640037\" src=\"https:\/\/www.diarioimagen.net\/wp-content\/uploads\/2024\/11\/gestion-de-jenaro.jpg\" alt=\"\" width=\"460\" height=\"270\" srcset=\"https:\/\/www.diarioimagen.net\/wp-content\/uploads\/2024\/11\/gestion-de-jenaro.jpg 460w, https:\/\/www.diarioimagen.net\/wp-content\/uploads\/2024\/11\/gestion-de-jenaro-240x141.jpg 240w\" sizes=\"auto, (max-width: 460px) 100vw, 460px\" \/><\/a><p id=\"caption-attachment-640037\" class=\"wp-caption-text\">Entr\u00f3 en operaci\u00f3n la nueva Casa de Descanso de los maestros mexiquenses\u00a0 en Valle de Bravo, el cuarto centro vacacional del magisterio.<\/p><\/div>\n<p>&nbsp;<\/p>\n<p><strong>Valle de M\u00e9xico.\u2014<\/strong> Con el pie derecho, inici\u00f3 de la gesti\u00f3n de Jenaro Mart\u00ednez Reyes, al frente del Sindicato de Maestros al Servicio del Estado de M\u00e9xico (SMSEM), pues entr\u00f3 en operaci\u00f3n la nueva Casa de Descanso de los maestros mexiquenses\u00a0 en Valle de Bravo, el cuarto centro vacacional del magisterio.<\/p>\n<p>El secretario general instruy\u00f3 la puesta en funcionamiento de este complejo, que est\u00e1 integrado por 20 caba\u00f1as de estilo r\u00fastico, amuebladas, con capacidad para 10 personas, asador, estancia y comedor. Cabe recordar que el arranque de la construcci\u00f3n de esta casa de descanso tuvo lugar bajo la gesti\u00f3n de la dirigencia 2018-2021 y recientemente fue inaugurada por la dirigencia 2021-2024 del SMSEM.<\/p>\n<p>La Casa de Descanso de la Unidad Sindical SMSEM-Valle de Bravo se encuentra enclavada en medio de los bosques del Pueblo M\u00e1gico de Valle de Bravo, a una hora de la capital mexiquense y a 120 minutos de la Ciudad de M\u00e9xico. Cuenta, adem\u00e1s, con amplios jardines, estacionamiento, palapas con asador, \u00e1rea de juegos infantiles y el restaurante \u201cEl Recreo\u201d.<\/p>\n<p>La dirigencia del SMSEM inform\u00f3, tambi\u00e9n, que dar\u00e1 continuidad a todas las obras que actualmente se desarrollan en beneficio del magisterio, entre las que se encuentra la rehabilitaci\u00f3n integral de la Casa de Descanso SMSEM Barra de Coyuca, en Guerrero, que sufri\u00f3 severos da\u00f1os por el paso del hurac\u00e1n \u201cOtis\u201d en 2023 y m\u00e1s recientemente por el fen\u00f3meno meteorol\u00f3gico \u201cJohn\u201d, en septiembre de 2024.<\/p>\n","protected":false},"excerpt":{"rendered":"<p>Con el pie derecho, inici\u00f3 de la gesti\u00f3n de Jenaro Mart\u00ednez Reyes, al frente del Sindicato de Maestros al Servicio del Estado de M\u00e9xico (SMSEM), pues entr\u00f3 en operaci\u00f3n la nueva Casa de Descanso de los maestros mexiquenses\u00a0 en Valle de Bravo, el cuarto centro vacacional del magisterio.<\/p>\n","protected":false},"author":3,"featured_media":640037,"comment_status":"open","ping_status":"open","sticky":false,"template":"","format":"standard","meta":{"_monsterinsights_skip_tracking":false,"_monsterinsights_sitenote_active":false,"_monsterinsights_sitenote_note":"","_monsterinsights_sitenote_category":0,"footnotes":""},"categories":[5],"tags":[100965,657],"class_list":["post-639936","post","type-post","status-publish","format-standard","has-post-thumbnail","hentry","category-estado-de-mexico","tag-jenaro-martinez-reyes","tag-smsem"],"_links":{"self":[{"href":"https:\/\/www.diarioimagen.net\/index.php?rest_route=\/wp\/v2\/posts\/639936","targetHints":{"allow":["GET"]}}],"collection":[{"href":"https:\/\/www.diarioimagen.net\/index.php?rest_route=\/wp\/v2\/posts"}],"about":[{"href":"https:\/\/www.diarioimagen.net\/index.php?rest_route=\/wp\/v2\/types\/post"}],"author":[{"embeddable":true,"href":"https:\/\/www.diarioimagen.net\/index.php?rest_route=\/wp\/v2\/users\/3"}],"replies":[{"embeddable":true,"href":"https:\/\/www.diarioimagen.net\/index.php?rest_route=%2Fwp%2Fv2%2Fcomments&post=639936"}],"version-history":[{"count":0,"href":"https:\/\/www.diarioimagen.net\/index.php?rest_route=\/wp\/v2\/posts\/639936\/revisions"}],"wp:featuredmedia":[{"embeddable":true,"href":"https:\/\/www.diarioimagen.net\/index.php?rest_route=\/wp\/v2\/media\/640037"}],"wp:attachment":[{"href":"https:\/\/www.diarioimagen.net\/index.php?rest_route=%2Fwp%2Fv2%2Fmedia&parent=639936"}],"wp:term":[{"taxonomy":"category","embeddable":true,"href":"https:\/\/www.diarioimagen.net\/index.php?rest_route=%2Fwp%2Fv2%2Fcategories&post=639936"},{"taxonomy":"post_tag","embeddable":true,"href":"https:\/\/www.diarioimagen.net\/index.php?rest_route=%2Fwp%2Fv2%2Ftags&post=639936"}],"curies":[{"name":"wp","href":"https:\/\/api.w.org\/{rel}","templated":true}]}}