{"id":639948,"date":"2024-11-07T00:02:10","date_gmt":"2024-11-07T06:02:10","guid":{"rendered":"https:\/\/www.diarioimagen.net\/?p=639948"},"modified":"2024-11-07T23:26:47","modified_gmt":"2024-11-08T05:26:47","slug":"huracan-rafael-se-intensifica-a-categoria-tres-y-afecta-a-cuba","status":"publish","type":"post","link":"https:\/\/www.diarioimagen.net\/?p=639948","title":{"rendered":"Hurac\u00e1n \u201cRafael\u201d se intensifica a categor\u00eda tres\u00a0y\u00a0afecta a\u00a0Cuba"},"content":{"rendered":"<p>&nbsp;<\/p>\n<h2 style=\"text-align: center;\">Sin peligro para Quintana Roo<\/h2>\n<p>&nbsp;<\/p>\n<ul>\n<li><strong><em>Hasta ayer, tra\u00eda vientos sostenidos de 175 km\/h y rachas de hasta 215 km\/h<\/em><\/strong><\/li>\n<\/ul>\n<p>&nbsp;<\/p>\n<div id=\"attachment_640004\" style=\"width: 470px\" class=\"wp-caption aligncenter\"><a href=\"https:\/\/www.diarioimagen.net\/?attachment_id=640004\" rel=\"attachment wp-att-640004\"><img loading=\"lazy\" decoding=\"async\" aria-describedby=\"caption-attachment-640004\" class=\"size-full wp-image-640004\" src=\"https:\/\/www.diarioimagen.net\/wp-content\/uploads\/2024\/11\/huracan-rafael.jpg\" alt=\"\" width=\"460\" height=\"270\" srcset=\"https:\/\/www.diarioimagen.net\/wp-content\/uploads\/2024\/11\/huracan-rafael.jpg 460w, https:\/\/www.diarioimagen.net\/wp-content\/uploads\/2024\/11\/huracan-rafael-240x141.jpg 240w\" sizes=\"auto, (max-width: 460px) 100vw, 460px\" \/><\/a><p id=\"caption-attachment-640004\" class=\"wp-caption-text\">El hurac\u00e1n Rafael evolucion\u00f3 a categor\u00eda 3 ayer mientras se acercaba a la costa occidental de Cuba, no representa riesgo para Q. Roo.<\/p><\/div>\n<p>&nbsp;<\/p>\n<p><strong>Miami.\u2014<\/strong> El Centro Nacional de Huracanes (NHC, por sus siglas en ingl\u00e9s) de Estados Unidos inform\u00f3 que el hurac\u00e1n Rafael evolucion\u00f3 a categor\u00eda 3 en la escala Saffir-Simpson el d\u00eda de ayer mientras se acercaba a la costa occidental de Cuba.<\/p>\n<p>Al menos hasta el cierre de esta edici\u00f3n, ten\u00eda vientos sostenidos de 175 km\/h y rachas de hasta 215 km\/h. Para hoy \u2018Rafael\u2019 ya pudo haber impactado la Isla de la Juventud y el oeste de Cuba, trayendo consigo condiciones clim\u00e1ticas extremadamente peligrosas.<\/p>\n<p>En este escenario, Quintana Roo no se encuentra en la trayectoria del hurac\u00e1n, pero el sistema cicl\u00f3nico si ha ocasionado lluvias intermitentes y chubascos de entre 5 y 25 mm en la regi\u00f3n. Es por ello que en toda la Pen\u00ednsula de Yucat\u00e1n hay un monitoreo constante por parte de las autoridades locales a fin de prevenir posibles inundaciones y efectos secundarios derivados de los remanentes de este fen\u00f3meno.<\/p>\n<p>En cuanto a las \u00e1reas de la costa occidental del Golfo de M\u00e9xico, el NHC se\u00f1al\u00f3 que a\u00fan es temprano para evaluar impactos; sin embargo, recomend\u00f3 a los residentes mantenerse atentos a las actualizaciones del pron\u00f3stico.<\/p>\n<p>La trayectoria del hurac\u00e1n estaba ayer a unos 95 kil\u00f3metros al este-sureste de la Isla de la Juventud y a 510 kil\u00f3metros al este de Canc\u00fan, Quintana Roo, con direcci\u00f3n noroeste a 22 km\/h, y sus efectos pudieron sentirse en algunas \u00e1reas del Caribe.<\/p>\n<p>Para el oeste de Cuba y la Isla de la Juventud, las autoridades advirtieron sobre la llegada de marejadas cicl\u00f3nicas de gran altura y vientos huracanados que podr\u00edan causar da\u00f1os significativos, as\u00ed como lluvias intensas que representan un alto riesgo de inundaciones. En las Islas Caim\u00e1n tambi\u00e9n podr\u00edan experimentar fuertes lluvias.<\/p>\n","protected":false},"excerpt":{"rendered":"<p>El Centro Nacional de Huracanes (NHC, por sus siglas en ingl\u00e9s) de Estados Unidos inform\u00f3 que el hurac\u00e1n Rafael evolucion\u00f3 a categor\u00eda 3 en la escala Saffir-Simpson el d\u00eda de ayer mientras se acercaba a la costa occidental de Cuba.<\/p>\n","protected":false},"author":3,"featured_media":640004,"comment_status":"open","ping_status":"open","sticky":false,"template":"","format":"standard","meta":{"_monsterinsights_skip_tracking":false,"_monsterinsights_sitenote_active":false,"_monsterinsights_sitenote_note":"","_monsterinsights_sitenote_category":0,"footnotes":""},"categories":[17,3],"tags":[78088,14047,438,101177],"class_list":["post-639948","post","type-post","status-publish","format-standard","has-post-thumbnail","hentry","category-especiales","category-nacional","tag-categoria","tag-clima","tag-cuba","tag-rafael"],"_links":{"self":[{"href":"https:\/\/www.diarioimagen.net\/index.php?rest_route=\/wp\/v2\/posts\/639948","targetHints":{"allow":["GET"]}}],"collection":[{"href":"https:\/\/www.diarioimagen.net\/index.php?rest_route=\/wp\/v2\/posts"}],"about":[{"href":"https:\/\/www.diarioimagen.net\/index.php?rest_route=\/wp\/v2\/types\/post"}],"author":[{"embeddable":true,"href":"https:\/\/www.diarioimagen.net\/index.php?rest_route=\/wp\/v2\/users\/3"}],"replies":[{"embeddable":true,"href":"https:\/\/www.diarioimagen.net\/index.php?rest_route=%2Fwp%2Fv2%2Fcomments&post=639948"}],"version-history":[{"count":0,"href":"https:\/\/www.diarioimagen.net\/index.php?rest_route=\/wp\/v2\/posts\/639948\/revisions"}],"wp:featuredmedia":[{"embeddable":true,"href":"https:\/\/www.diarioimagen.net\/index.php?rest_route=\/wp\/v2\/media\/640004"}],"wp:attachment":[{"href":"https:\/\/www.diarioimagen.net\/index.php?rest_route=%2Fwp%2Fv2%2Fmedia&parent=639948"}],"wp:term":[{"taxonomy":"category","embeddable":true,"href":"https:\/\/www.diarioimagen.net\/index.php?rest_route=%2Fwp%2Fv2%2Fcategories&post=639948"},{"taxonomy":"post_tag","embeddable":true,"href":"https:\/\/www.diarioimagen.net\/index.php?rest_route=%2Fwp%2Fv2%2Ftags&post=639948"}],"curies":[{"name":"wp","href":"https:\/\/api.w.org\/{rel}","templated":true}]}}