{"id":640067,"date":"2024-11-08T00:01:33","date_gmt":"2024-11-08T06:01:33","guid":{"rendered":"https:\/\/www.diarioimagen.net\/?p=640067"},"modified":"2024-11-10T22:40:17","modified_gmt":"2024-11-11T04:40:17","slug":"ratificacion-de-credito-del-fmi-por-solidez-de-economia-sheinbaum","status":"publish","type":"post","link":"https:\/\/www.diarioimagen.net\/?p=640067","title":{"rendered":"Ratificaci\u00f3n de cr\u00e9dito del FMI, por solidez\u00a0de\u00a0econom\u00eda: Sheinbaum"},"content":{"rendered":"<p>&nbsp;<\/p>\n<h2 style=\"text-align: center;\">Descarta que sea necesario usarlo<\/h2>\n<p><em>\u00a0<\/em><\/p>\n<ul>\n<li><strong><em>Anunci\u00f3 la Presidenta que ya est\u00e1 listo el Paquete Econ\u00f3mico 2025<\/em><\/strong><\/li>\n<\/ul>\n<p>&nbsp;<\/p>\n<div id=\"attachment_640168\" style=\"width: 470px\" class=\"wp-caption aligncenter\"><a href=\"https:\/\/www.diarioimagen.net\/?attachment_id=640168\" rel=\"attachment wp-att-640168\"><img loading=\"lazy\" decoding=\"async\" aria-describedby=\"caption-attachment-640168\" class=\"size-full wp-image-640168\" src=\"https:\/\/www.diarioimagen.net\/wp-content\/uploads\/2024\/11\/claudia-4.jpg\" alt=\"\" width=\"460\" height=\"270\" srcset=\"https:\/\/www.diarioimagen.net\/wp-content\/uploads\/2024\/11\/claudia-4.jpg 460w, https:\/\/www.diarioimagen.net\/wp-content\/uploads\/2024\/11\/claudia-4-240x141.jpg 240w\" sizes=\"auto, (max-width: 460px) 100vw, 460px\" \/><\/a><p id=\"caption-attachment-640168\" class=\"wp-caption-text\">Claudia Sheinbaum Pardo afirm\u00f3 que la ratificaci\u00f3n de la l\u00ednea de cr\u00e9dito flexible del FMI a M\u00e9xico por 35 mil millones de d\u00f3lares es muestra de que la econom\u00eda nacional est\u00e1 s\u00f3lida.<\/p><\/div>\n<p>&nbsp;<\/p>\n<p>La presidenta Claudia Sheinbaum Pardo afirm\u00f3 que la l\u00ednea de cr\u00e9dito flexible a M\u00e9xico por 35 mil millones de d\u00f3lares que hace unos d\u00edas ratific\u00f3 el Fondo Monetario Internacional (FMI) es muestra de que la econom\u00eda nacional est\u00e1 s\u00f3lida.<\/p>\n<p>\u201cEs una l\u00ednea de cr\u00e9dito que ya exist\u00eda, lo que dice el FMI es: \u2018Ah\u00ed est\u00e1 esta l\u00ednea de cr\u00e9dito, tu econom\u00eda est\u00e1 solida, por si lo quieres usar en un momento\u2019. Es como si hubiera un cr\u00e9dito en el banco disponible, pero no lo has usado porque no ha habido necesidad\u201d, explic\u00f3 la mandataria federal a pregunta sobre el tema en la ma\u00f1anera de este jueves.<\/p>\n<p>Sheinbaum Pardo reiter\u00f3 que la ratificaci\u00f3n por parte del FMI de esa l\u00ednea de cr\u00e9dito se dio \u201cpor la solidez de la econom\u00eda mexicana, est\u00e1 ah\u00ed por si la utilizamos, no creo que sea necesario, pero en un momento dado si hubiera necesidad, saber que ah\u00ed est\u00e1 la l\u00ednea de cr\u00e9dito. Eso resalta la solidez de la econom\u00eda mexicana y tienes ah\u00ed un pr\u00e9stamo en caso de que sea necesario lo utilices, no creo que vaya a ser necesario utilizarlo\u201d.<\/p>\n<p style=\"text-align: center;\"><strong>Paquete Econ\u00f3mico 2025 s\u00ed va a reducir el d\u00e9ficit: Sheinbaum<\/strong><\/p>\n<p>La primera mandataria tambi\u00e9n anunci\u00f3 que ya est\u00e1 listo el Paquete Econ\u00f3mico 2025, el cual va a reducir el d\u00e9ficit y al mismo tiempo se mantendr\u00e1n los programas sociales.<\/p>\n<p>En la conferencia matutina de Palacio Nacional, Sheinbaum Pardo reiter\u00f3 que las finanzas p\u00fablicas del pa\u00eds est\u00e1n sanas y que se est\u00e1 dando seguimiento al cierre presupuestal de 2024.<\/p>\n<p>\u201cEst\u00e1n bien las finanzas p\u00fablicas, le estamos dando seguimiento puntual, el secretario de Hacienda evidentemente, tenemos reuniones semanales para darle seguimiento al cierre presupuestal de 2024\u201d, argument\u00f3.<\/p>\n<p>Se estima que el Gobierno de M\u00e9xico entregu\u00e9 el Paquete Econ\u00f3mico 2025 al Congreso de la Uni\u00f3n el pr\u00f3ximo 15 de noviembre.<\/p>\n<p style=\"text-align: center;\"><strong>M\u00e9xico est\u00e1 preparado para cambio en nuevo gobierno de EU<\/strong><\/p>\n<p>La presidenta Sheinbaum Pardo asegur\u00f3 que M\u00e9xico est\u00e1 preparado, en caso de que el virtual ganador de los comicios presidenciales en Estados Unidos, Donald Trump, cumpla las amenazas que realiz\u00f3 durante el proceso electoral.<\/p>\n<p>La mandataria confi\u00f3 en que, si hay alguna problem\u00e1tica con la pr\u00f3xima administraci\u00f3n de Trump, se resolver\u00e1 mediante el di\u00e1logo. Adem\u00e1s, destac\u00f3 que M\u00e9xico est\u00e1 s\u00f3lido y unido frente a los amagos del pr\u00f3ximo presidente norteamericano.<\/p>\n<p>\u201cHay di\u00e1logo con Estados Unidos y con el presidente Trump, y si hay su problem\u00e1tica, la vamos a saber resolver. Entonces no creo que estas declaraciones ayuden, estamos preparados, M\u00e9xico est\u00e1 s\u00f3lido frente a estos temas siempre vamos a estar unidos las y los mexicanos, y vamos a enfrentar las problem\u00e1ticas que se puedan llegar a presentar.<\/p>\n<p>\u201cY evidentemente con el di\u00e1logo, pues esperamos que, al rev\u00e9s, sea un proceso de colaboraci\u00f3n, y si no lo iremos enfrentando, estamos preparados para ello y con mucha unidad, y bueno, sin comentarios frente a la declaraci\u00f3n\u201d, resalt\u00f3.<\/p>\n<p>El pasado cuatro de noviembre, Donald Trump amag\u00f3 con imponer aranceles comerciales extraordinarios, en caso de que la mandataria mexicana no tome medidas para frenar el flujo de migrantes y drogas hacia territorio norteamericano.<\/p>\n<p>Este jueves, Claudia Sheinbaum explic\u00f3 que M\u00e9xico tiene una estrategia integral -creada en el sexenio de Andr\u00e9s Manuel L\u00f3pez Obrador y fortalecida en este gobierno- para detener la migraci\u00f3n de centroamericanos y mexicanos hacia Estados Unidos.<\/p>\n<p>Record\u00f3 que esta estrategia permiti\u00f3 una disminuci\u00f3n del 75 por ciento del flujo migratorio en la frontera norte del pa\u00eds, de diciembre de 2023 a octubre de este a\u00f1o.<\/p>\n<p>\u201cTiene que ver con el rescate de migrantes frente a situaciones adversas que se puedan presentar a lo largo del territorio. Tiene que ver con permisos que se daban en la Ciudad de M\u00e9xico y hacia el norte, de lo que se llama CBP, y que ahora se dan en el sur, tiene que ver con los albergues, tiene que ver con la incorporaci\u00f3n de migrantes en M\u00e9xico al mercado laboral, es una estrategia integral.<\/p>\n<p>\u201cRecuerden que M\u00e9xico sigue invirtiendo, y lo vamos a seguir haciendo como un ejemplo, en Centroam\u00e9rica, apoyando m\u00e1s que invirtiendo, apoyando a j\u00f3venes para que no tengan que salir de sus lugares de origen, entonces una estrategia integral que en el 2024, permiti\u00f3 la disminuci\u00f3n de 75% de la llegada de inmigrantes a la frontera norte\u201d, destac\u00f3.<\/p>\n<p style=\"text-align: center;\"><strong>Sheinbaum habl\u00f3 por tel\u00e9fono con Donald Trump<\/strong><\/p>\n<p>Sheinbaum Pardo, inform\u00f3 que sostuvo una llamada telef\u00f3nica con Donald Trump, presidente electo de Estados Unidos, para hablar de la relaci\u00f3n que habr\u00e1 entre ambos pa\u00edses luego de los comicios en los que result\u00f3 ganador.<\/p>\n<p>En redes sociales, con una fotograf\u00eda de ella sonriendo, Sheinbaum Pardo escribi\u00f3: \u201cTuvimos una llamada muy cordial con el presidente electo Donald Trump en la que hablamos de la buena relaci\u00f3n que habr\u00e1 entre M\u00e9xico y Estados Unidos\u201d.<\/p>\n<p>La llamada se llev\u00f3 a cabo en su despecho en Palacio Nacional en punto de las 9:30 horas de este jueves.<\/p>\n<p>Antes, en la ma\u00f1anera, la mandataria indic\u00f3 que la llamada es \u201ccordial, de felicitaci\u00f3n\u201d, y revel\u00f3 que le envi\u00f3 una carta formal que ayer mismo lleg\u00f3 a sus manos o a su equipo.<\/p>\n<p>\u201c(&#8230;) y tambi\u00e9n planteamos felicitarlo personalmente\u201d.<\/p>\n<p>Sheinbaum Pardo destac\u00f3 que ya habr\u00e1 momento para platicar todos los temas de la agenda bilateral, \u201cque son much\u00edsimos\u201d.<\/p>\n","protected":false},"excerpt":{"rendered":"<p>La presidenta Claudia Sheinbaum Pardo afirm\u00f3 que la l\u00ednea de cr\u00e9dito flexible a M\u00e9xico por 35 mil millones de d\u00f3lares que hace unos d\u00edas ratific\u00f3 el Fondo Monetario Internacional (FMI) es muestra de que la econom\u00eda nacional est\u00e1 s\u00f3lida.<\/p>\n","protected":false},"author":3,"featured_media":640168,"comment_status":"open","ping_status":"open","sticky":false,"template":"","format":"standard","meta":{"_monsterinsights_skip_tracking":false,"_monsterinsights_sitenote_active":false,"_monsterinsights_sitenote_note":"","_monsterinsights_sitenote_category":0,"footnotes":""},"categories":[17,8],"tags":[72207,1481,22416],"class_list":["post-640067","post","type-post","status-publish","format-standard","has-post-thumbnail","hentry","category-especiales","category-finanzas","tag-claudia-sheinbaum-pardo","tag-fmi","tag-prestamo"],"_links":{"self":[{"href":"https:\/\/www.diarioimagen.net\/index.php?rest_route=\/wp\/v2\/posts\/640067","targetHints":{"allow":["GET"]}}],"collection":[{"href":"https:\/\/www.diarioimagen.net\/index.php?rest_route=\/wp\/v2\/posts"}],"about":[{"href":"https:\/\/www.diarioimagen.net\/index.php?rest_route=\/wp\/v2\/types\/post"}],"author":[{"embeddable":true,"href":"https:\/\/www.diarioimagen.net\/index.php?rest_route=\/wp\/v2\/users\/3"}],"replies":[{"embeddable":true,"href":"https:\/\/www.diarioimagen.net\/index.php?rest_route=%2Fwp%2Fv2%2Fcomments&post=640067"}],"version-history":[{"count":0,"href":"https:\/\/www.diarioimagen.net\/index.php?rest_route=\/wp\/v2\/posts\/640067\/revisions"}],"wp:featuredmedia":[{"embeddable":true,"href":"https:\/\/www.diarioimagen.net\/index.php?rest_route=\/wp\/v2\/media\/640168"}],"wp:attachment":[{"href":"https:\/\/www.diarioimagen.net\/index.php?rest_route=%2Fwp%2Fv2%2Fmedia&parent=640067"}],"wp:term":[{"taxonomy":"category","embeddable":true,"href":"https:\/\/www.diarioimagen.net\/index.php?rest_route=%2Fwp%2Fv2%2Fcategories&post=640067"},{"taxonomy":"post_tag","embeddable":true,"href":"https:\/\/www.diarioimagen.net\/index.php?rest_route=%2Fwp%2Fv2%2Ftags&post=640067"}],"curies":[{"name":"wp","href":"https:\/\/api.w.org\/{rel}","templated":true}]}}