{"id":640079,"date":"2024-11-08T00:07:52","date_gmt":"2024-11-08T06:07:52","guid":{"rendered":"https:\/\/www.diarioimagen.net\/?p=640079"},"modified":"2024-11-10T22:40:59","modified_gmt":"2024-11-11T04:40:59","slug":"uaemex-e-issemym-celebran-segundo-concurso-de-cortometraje","status":"publish","type":"post","link":"https:\/\/www.diarioimagen.net\/?p=640079","title":{"rendered":"UAEM\u00e9x e ISSEMyM celebran Segundo\u00a0Concurso\u00a0de Cortometraje"},"content":{"rendered":"<p>&nbsp;<\/p>\n<div id=\"attachment_640162\" style=\"width: 470px\" class=\"wp-caption aligncenter\"><a href=\"https:\/\/www.diarioimagen.net\/?attachment_id=640162\" rel=\"attachment wp-att-640162\"><img loading=\"lazy\" decoding=\"async\" aria-describedby=\"caption-attachment-640162\" class=\"size-full wp-image-640162\" src=\"https:\/\/www.diarioimagen.net\/wp-content\/uploads\/2024\/11\/uaem-e-issemym.jpg\" alt=\"\" width=\"460\" height=\"270\" srcset=\"https:\/\/www.diarioimagen.net\/wp-content\/uploads\/2024\/11\/uaem-e-issemym.jpg 460w, https:\/\/www.diarioimagen.net\/wp-content\/uploads\/2024\/11\/uaem-e-issemym-240x141.jpg 240w\" sizes=\"auto, (max-width: 460px) 100vw, 460px\" \/><\/a><p id=\"caption-attachment-640162\" class=\"wp-caption-text\">Bajo el lema \u201cEl Centro Oncol\u00f3gico Estatal contra el c\u00e1ncer de mama y pr\u00f3stata\u201d, se cont\u00f3 con la participaci\u00f3n de 15 proyectos realizados por 64 estudiantes de la Licenciatura en Estudios Cinematogr\u00e1ficos, impartida por la Escuela de Artes Esc\u00e9nicas de la UAEM\u00e9x.<\/p><\/div>\n<p>&nbsp;<\/p>\n<p><strong>Toluca, Estado de M\u00e9xico.<\/strong>\u2014 Con el objetivo de sensibilizar a la sociedad sobre la importancia de la atenci\u00f3n, prevenci\u00f3n y cuidado de la salud a trav\u00e9s del cine, la Universidad Aut\u00f3noma del Estado de M\u00e9xico (UAEM\u00e9x) y el Instituto de Seguridad Social del Estado de M\u00e9xico y Municipios (ISSEMyM) celebraron la premiaci\u00f3n del Segundo Concurso de Cortometraje, en la Cineteca Mexiquense.<\/p>\n<p>Bajo el lema \u201cEl Centro Oncol\u00f3gico Estatal contra el c\u00e1ncer de mama y pr\u00f3stata\u201d, se cont\u00f3 con la participaci\u00f3n de 15 proyectos realizados por 64 estudiantes de la Licenciatura en Estudios Cinematogr\u00e1ficos de la Escuela de Artes Esc\u00e9nicas de la UAEM\u00e9x, resultando ganador del primer lugar el cortometraje \u201cEl \u00faltimo round\u201d, del equipo Perro Muerto Films; el segundo lugar lo gan\u00f3 \u201cMilagros\u201d, de Project: Insert Name; y el tercero, \u201cMi sonido favorito\u201d, del grupo Z5 Films.<\/p>\n<p>En representaci\u00f3n del rector de la UAEM\u00e9x, Carlos Eduardo Barrera D\u00edaz, la secretaria de Difusi\u00f3n Cultural, Mar\u00eda de las Mercedes Portilla Luja coment\u00f3 que para la comunidad universitaria es motivo de orgullo participar en las actividades art\u00edsticas, sociales y cient\u00edficas que conlleven un beneficio para la sociedad mexiquense.<\/p>\n<p>Acompa\u00f1ada del director general del ISSEMyM, Ignacio Salgado Garc\u00eda, Portilla Luja explic\u00f3 que en este sentido, la M\u00e1xima Casa de Estudios mexiquense cuenta con una oferta acad\u00e9mica de 112 programas de posgrado, donde destacan las especialidades en Oncolog\u00eda M\u00e9dica y en Radiooncolog\u00eda, ambas avaladas por la Comisi\u00f3n Interinstitucional para la Formaci\u00f3n de Recursos Humanos para la Salud (CIFRHS).<\/p>\n<p>Asimismo, detall\u00f3 que la Cl\u00ednica Multidisciplinaria de Salud (CMS) de la UAEM\u00e9x cuenta con los estudios de densitometr\u00eda \u00f3sea, mastograf\u00eda y rayos X, los cuales ayudan a la detecci\u00f3n oportuna del c\u00e1ncer y se ofrecen a costos accesibles para su comunidad y el p\u00fablico en general.<\/p>\n<p>En este marco, Portilla Luja puntualiz\u00f3 que la Aut\u00f3noma mexiquense se congratula al sostener una fluida relaci\u00f3n interinstitucional con el ISSEMyM, manteniendo una colaboraci\u00f3n acad\u00e9mica, cient\u00edfica, as\u00ed como en extensi\u00f3n universitaria y difusi\u00f3n cultural.<\/p>\n<p>En su intervenci\u00f3n, Salgado Garc\u00eda asever\u00f3 que en el marco del D\u00eda Internacional de la Lucha contra el C\u00e1ncer de Mama y el D\u00eda Nacional de la Lucha contra el C\u00e1ncer de Pr\u00f3stata, este concurso tuvo el objetivo de fomentar la sensibilizaci\u00f3n y la importancia del cuidado de la salud entre la sociedad mexiquense.<\/p>\n<p>Salgado Garc\u00eda detall\u00f3 que las y los estudiantes pudieron conocer, entrevistar y ser testigos de lo que se vive en el Centro Oncol\u00f3gico Estatal ISSEMyM, por lo que en sus productos cinematogr\u00e1ficos -que formar\u00e1n parte de la cartelera de la Cineteca Mexiquense hasta el 29 de noviembre- se reconoce la labor diaria que hacen las y los m\u00e9dicos y se plasma la experiencia que viven las y los pacientes para contribuir a sensibilizaci\u00f3n y construcci\u00f3n de una cultura de la prevenci\u00f3n.<\/p>\n<p>En tanto, el director del Centro Oncol\u00f3gico Estatal ISSEMyM, Roberto Fidel Garc\u00eda Mill\u00e1n, resalt\u00f3 que el cine, como poderoso medio de expresi\u00f3n, permite explorar y visibilizar realidades que a menudo son silenciadas, por lo que este concurso da voz a las personas que luchan contra esta enfermedad para fomentar la solidaridad y la empat\u00eda, pero tambi\u00e9n para reflexionar sobre la prevenci\u00f3n y el cuidado de la salud.<\/p>\n<p>Al acto asistieron el encargado del despacho de la direcci\u00f3n de la Escuela de Artes Esc\u00e9nicas, Leoncio Ra\u00fal Le\u00f3n Mondrag\u00f3n; la jefa de la Unidad de Comunicaci\u00f3n Social del ISSEMyM, Claudia Anah\u00ed Moreno Manr\u00edquez; invitados e invitadas del ISSEMyM, as\u00ed como la comunidad verde y oro.<\/p>\n","protected":false},"excerpt":{"rendered":"<p>Con el objetivo de sensibilizar a la sociedad sobre la importancia de la atenci\u00f3n, prevenci\u00f3n y cuidado de la salud a trav\u00e9s del cine, la Universidad Aut\u00f3noma del Estado de M\u00e9xico (UAEM\u00e9x) y el Instituto de Seguridad Social del Estado de M\u00e9xico y Municipios (ISSEMyM) celebraron la premiaci\u00f3n del Segundo Concurso de Cortometraje, en la Cineteca Mexiquense.<\/p>\n","protected":false},"author":3,"featured_media":640162,"comment_status":"open","ping_status":"open","sticky":false,"template":"","format":"standard","meta":{"_monsterinsights_skip_tracking":false,"_monsterinsights_sitenote_active":false,"_monsterinsights_sitenote_note":"","_monsterinsights_sitenote_category":0,"footnotes":""},"categories":[5],"tags":[79915,699,67878],"class_list":["post-640079","post","type-post","status-publish","format-standard","has-post-thumbnail","hentry","category-estado-de-mexico","tag-cortometraje","tag-issemym","tag-uaemex"],"_links":{"self":[{"href":"https:\/\/www.diarioimagen.net\/index.php?rest_route=\/wp\/v2\/posts\/640079","targetHints":{"allow":["GET"]}}],"collection":[{"href":"https:\/\/www.diarioimagen.net\/index.php?rest_route=\/wp\/v2\/posts"}],"about":[{"href":"https:\/\/www.diarioimagen.net\/index.php?rest_route=\/wp\/v2\/types\/post"}],"author":[{"embeddable":true,"href":"https:\/\/www.diarioimagen.net\/index.php?rest_route=\/wp\/v2\/users\/3"}],"replies":[{"embeddable":true,"href":"https:\/\/www.diarioimagen.net\/index.php?rest_route=%2Fwp%2Fv2%2Fcomments&post=640079"}],"version-history":[{"count":0,"href":"https:\/\/www.diarioimagen.net\/index.php?rest_route=\/wp\/v2\/posts\/640079\/revisions"}],"wp:featuredmedia":[{"embeddable":true,"href":"https:\/\/www.diarioimagen.net\/index.php?rest_route=\/wp\/v2\/media\/640162"}],"wp:attachment":[{"href":"https:\/\/www.diarioimagen.net\/index.php?rest_route=%2Fwp%2Fv2%2Fmedia&parent=640079"}],"wp:term":[{"taxonomy":"category","embeddable":true,"href":"https:\/\/www.diarioimagen.net\/index.php?rest_route=%2Fwp%2Fv2%2Fcategories&post=640079"},{"taxonomy":"post_tag","embeddable":true,"href":"https:\/\/www.diarioimagen.net\/index.php?rest_route=%2Fwp%2Fv2%2Ftags&post=640079"}],"curies":[{"name":"wp","href":"https:\/\/api.w.org\/{rel}","templated":true}]}}