{"id":640090,"date":"2024-11-08T00:01:11","date_gmt":"2024-11-08T06:01:11","guid":{"rendered":"https:\/\/www.diarioimagen.net\/?p=640090"},"modified":"2024-11-08T02:58:35","modified_gmt":"2024-11-08T08:58:35","slug":"militantes-exigen-a-dirigentes-del-verde-ecologista-transparentar-financiamiento","status":"publish","type":"post","link":"https:\/\/www.diarioimagen.net\/?p=640090","title":{"rendered":"Militantes exigen a dirigentes del Verde Ecologista transparentar financiamiento"},"content":{"rendered":"<p>&nbsp;<\/p>\n<ul>\n<li><em><strong>Solicitan en Edomex realizar auditor\u00edas<\/strong><\/em><\/li>\n<\/ul>\n<p><strong>\u00a0<\/strong><\/p>\n<h6>Arturo Baena<\/h6>\n<p>&nbsp;<\/p>\n<div id=\"attachment_640199\" style=\"width: 470px\" class=\"wp-caption aligncenter\"><a href=\"https:\/\/www.diarioimagen.net\/?attachment_id=640199\" rel=\"attachment wp-att-640199\"><img loading=\"lazy\" decoding=\"async\" aria-describedby=\"caption-attachment-640199\" class=\"size-full wp-image-640199\" src=\"https:\/\/www.diarioimagen.net\/wp-content\/uploads\/2024\/11\/militantes-exigen.jpg\" alt=\"\" width=\"460\" height=\"270\" srcset=\"https:\/\/www.diarioimagen.net\/wp-content\/uploads\/2024\/11\/militantes-exigen.jpg 460w, https:\/\/www.diarioimagen.net\/wp-content\/uploads\/2024\/11\/militantes-exigen-240x141.jpg 240w\" sizes=\"auto, (max-width: 460px) 100vw, 460px\" \/><\/a><p id=\"caption-attachment-640199\" class=\"wp-caption-text\">Militantes del PVEM en Edomex, solicitan al l\u00edder estatal, Jos\u00e9 Alberto Couttolenc Buentello, transparentar financiamiento.<\/p><\/div>\n<p>&nbsp;<\/p>\n<p><strong>Valle de M\u00e9xico.\u2014<\/strong> Con el fin de transparentar en qu\u00e9 y c\u00f3mo se est\u00e1 gastando el financiamiento al Partido Verde Ecologista de M\u00e9xico (PVEM), es necesario que las autoridades electorales, realicen auditor\u00edas a ese instituto pol\u00edtico, toda vez que no se sabe a d\u00f3nde van a parar los recursos que se le asignan.<\/p>\n<p>As\u00ed lo expresaron militantes y simpatizantes del Verde Ecologista, sobre todo en el Valle de M\u00e9xico, al tiempo de destacar qu\u00e9 \u201ca la verdadera militancia, se le tiene en el olvido, no se le apoya y nos enga\u00f1an, al prometernos apoyos que nunca llegan\u201d , dijeron.<\/p>\n<p>Puntualizaron que \u201choy es necesario que se realicen auditor\u00edas y se respete el acuerdo IEEM\/CG\/58\/2024, en el que se precisa que el INE y en el \u00f3rgano de fiscalizaci\u00f3n, en el \u00e1mbito de sus competencias, garantizar\u00e1n la correcta aplicaci\u00f3n de las prerrogativas\u201d, abundaron.<\/p>\n<p>Los quejosos, puntualizaron que el actual financiamiento del PVEM en el Estado de M\u00e9xico, es de 94.1 millones de pesos, pero nadie sabe cu\u00e1l es su destino final\u201d, reiteraron.<\/p>\n<p>Recordaron que hay antecedentes de irregularidades de ese instituto pol\u00edtico, cuando la Sala Superior del Tribunal Electoral del Poder Judicial de la Federaci\u00f3n (TEPJF) confirm\u00f3 la multa por m\u00e1s de 117 mil pesos al PVEM, derivado de irregularidades en los ingresos y gastos de la campa\u00f1a de la elecci\u00f3n por la gubernatura mexiquense.<\/p>\n<p>Afirmaron que\u00a0 \u201cse supone que parte de ese dinero es supuestamente destinado para sufragar las actividades ordinarias de este 2024, con lo que pueden pagar salarios, renta de edificios y actividades consideradas como cotidianas dentro de su quehacer pol\u00edtico; los cuales ser\u00e1n fiscalizados para garantizar un uso correcto, pero esto, no ha sucedido\u201d.<\/p>\n","protected":false},"excerpt":{"rendered":"<p>Con el fin de transparentar en qu\u00e9 y c\u00f3mo se est\u00e1 gastando el financiamiento al Partido Verde Ecologista de M\u00e9xico (PVEM), es necesario que las autoridades electorales, realicen auditor\u00edas a ese instituto pol\u00edtico, toda vez que no se sabe a d\u00f3nde van a parar los recursos que se le asignan.<\/p>\n","protected":false},"author":3,"featured_media":640199,"comment_status":"open","ping_status":"open","sticky":false,"template":"","format":"standard","meta":{"_monsterinsights_skip_tracking":false,"_monsterinsights_sitenote_active":false,"_monsterinsights_sitenote_note":"","_monsterinsights_sitenote_category":0,"footnotes":""},"categories":[5],"tags":[26209,101193,1416],"class_list":["post-640090","post","type-post","status-publish","format-standard","has-post-thumbnail","hentry","category-estado-de-mexico","tag-auditoria","tag-dirigentes","tag-pvem"],"_links":{"self":[{"href":"https:\/\/www.diarioimagen.net\/index.php?rest_route=\/wp\/v2\/posts\/640090","targetHints":{"allow":["GET"]}}],"collection":[{"href":"https:\/\/www.diarioimagen.net\/index.php?rest_route=\/wp\/v2\/posts"}],"about":[{"href":"https:\/\/www.diarioimagen.net\/index.php?rest_route=\/wp\/v2\/types\/post"}],"author":[{"embeddable":true,"href":"https:\/\/www.diarioimagen.net\/index.php?rest_route=\/wp\/v2\/users\/3"}],"replies":[{"embeddable":true,"href":"https:\/\/www.diarioimagen.net\/index.php?rest_route=%2Fwp%2Fv2%2Fcomments&post=640090"}],"version-history":[{"count":0,"href":"https:\/\/www.diarioimagen.net\/index.php?rest_route=\/wp\/v2\/posts\/640090\/revisions"}],"wp:featuredmedia":[{"embeddable":true,"href":"https:\/\/www.diarioimagen.net\/index.php?rest_route=\/wp\/v2\/media\/640199"}],"wp:attachment":[{"href":"https:\/\/www.diarioimagen.net\/index.php?rest_route=%2Fwp%2Fv2%2Fmedia&parent=640090"}],"wp:term":[{"taxonomy":"category","embeddable":true,"href":"https:\/\/www.diarioimagen.net\/index.php?rest_route=%2Fwp%2Fv2%2Fcategories&post=640090"},{"taxonomy":"post_tag","embeddable":true,"href":"https:\/\/www.diarioimagen.net\/index.php?rest_route=%2Fwp%2Fv2%2Ftags&post=640090"}],"curies":[{"name":"wp","href":"https:\/\/api.w.org\/{rel}","templated":true}]}}