{"id":640092,"date":"2024-11-08T00:02:31","date_gmt":"2024-11-08T06:02:31","guid":{"rendered":"https:\/\/www.diarioimagen.net\/?p=640092"},"modified":"2024-11-08T02:59:19","modified_gmt":"2024-11-08T08:59:19","slug":"vivira-el-pan-una-fiesta-democratica-al-elegir-a-la-nueva-dirigencia-anuar-azar","status":"publish","type":"post","link":"https:\/\/www.diarioimagen.net\/?p=640092","title":{"rendered":"Vivir\u00e1 el PAN una fiesta democr\u00e1tica al elegir a la nueva dirigencia: Anuar Azar"},"content":{"rendered":"<p>&nbsp;<\/p>\n<ul>\n<li><em><strong>Conf\u00edan en que se mantendr\u00e1 la unidad<\/strong><\/em><\/li>\n<\/ul>\n<p><strong>\u00a0<\/strong><\/p>\n<h6>Arturo Baena<\/h6>\n<p>&nbsp;<\/p>\n<div id=\"attachment_640201\" style=\"width: 470px\" class=\"wp-caption aligncenter\"><a href=\"https:\/\/www.diarioimagen.net\/?attachment_id=640201\" rel=\"attachment wp-att-640201\"><img loading=\"lazy\" decoding=\"async\" aria-describedby=\"caption-attachment-640201\" class=\"size-full wp-image-640201\" src=\"https:\/\/www.diarioimagen.net\/wp-content\/uploads\/2024\/11\/vivira-el-pan.jpg\" alt=\"\" width=\"460\" height=\"270\" srcset=\"https:\/\/www.diarioimagen.net\/wp-content\/uploads\/2024\/11\/vivira-el-pan.jpg 460w, https:\/\/www.diarioimagen.net\/wp-content\/uploads\/2024\/11\/vivira-el-pan-240x141.jpg 240w\" sizes=\"auto, (max-width: 460px) 100vw, 460px\" \/><\/a><p id=\"caption-attachment-640201\" class=\"wp-caption-text\">Anuar Azar Figueroa, dirigente del PAN en el Estado de M\u00e9xico, afirm\u00f3 que su partido seguir\u00e1 luchando en favor de la justicia social del pueblo de M\u00e9xico.<\/p><\/div>\n<p>&nbsp;<\/p>\n<p><strong>Valle de M\u00e9xico.\u2014<\/strong> El Partido Acci\u00f3n Nacional vivir\u00e1 una fiesta democr\u00e1tica al elegir a qui\u00e9n ser\u00e1 el pr\u00f3ximo presidente(a) del Comit\u00e9 Ejecutivo Nacional (CEN) del PAN. Somos el \u00fanico partido pol\u00edtico que determina a su dirigencia por la v\u00eda del voto directo de sus militantes y qui\u00e9n obtenga el triunfo, sin duda alguna, mantendr\u00e1 la unidad y por ende, el fortalecimiento de nuestro instituto pol\u00edtico.<\/p>\n<p>As\u00ed lo expres\u00f3 Anuar Azar Figueroa, dirigente del PAN en el Estado de M\u00e9xico, al tiempo de puntualizar que \u201cseguiremos luchando en favor de la justicia social del pueblo de M\u00e9xico\u201d, dijo.<\/p>\n<p>El tambi\u00e9n diputado de ese partido en la entidad mexiquense, abund\u00f3 que \u201cen el PAN\u00a0 apostamos por la federalizaci\u00f3n de la seguridad p\u00fablica y el apoyo decisivo a los estados y municipios, para que tengan polic\u00edas fuertes y la gente pueda vivir tranquila y quien gane seguir\u00e1 esa misma l\u00ednea\u201d.<\/p>\n<p>Y es que, efectivamente, la militancia de Acci\u00f3n Nacional, definir\u00e1 de entre\u00a0 Adriana D\u00e1vila, y Jorge Romero, qui\u00e9n ser\u00e1 el pr\u00f3ximo titular del CEN de ese instituto pol\u00edtico, que todo indica que la balanza favorece a Romero Herrera.<\/p>\n<p>Anuar Azar reiter\u00f3 que \u201ccomo la principal fuerza de oposici\u00f3n, Acci\u00f3n Nacional continuar\u00e1 su incansable lucha por la defensa de las libertades y las instituciones democr\u00e1ticas de este pa\u00eds\u201d.<\/p>\n<p>Finalmente, cabe hacer menci\u00f3n que la\u00a0 jornada electoral ser\u00e1 el domingo 10 de noviembre de 2024 entre las 10:00 a las 17:00 horas. Dar\u00e1 inicio con la instalaci\u00f3n de las mesas de votaci\u00f3n y concluir\u00e1 con la publicaci\u00f3n de los resultados de los sufragios en el exterior de cada centro de votaci\u00f3n.<\/p>\n","protected":false},"excerpt":{"rendered":"<p>El Partido Acci\u00f3n Nacional vivir\u00e1 una fiesta democr\u00e1tica al elegir a qui\u00e9n ser\u00e1 el pr\u00f3ximo presidente(a) del Comit\u00e9 Ejecutivo Nacional (CEN) del PAN. Somos el \u00fanico partido pol\u00edtico que determina a su dirigencia por la v\u00eda del voto directo de sus militantes y qui\u00e9n obtenga el triunfo, sin duda alguna, mantendr\u00e1 la unidad y por ende, el fortalecimiento de nuestro instituto pol\u00edtico.<\/p>\n","protected":false},"author":3,"featured_media":640201,"comment_status":"open","ping_status":"open","sticky":false,"template":"","format":"standard","meta":{"_monsterinsights_skip_tracking":false,"_monsterinsights_sitenote_active":false,"_monsterinsights_sitenote_note":"","_monsterinsights_sitenote_category":0,"footnotes":""},"categories":[5],"tags":[93709,75272,66569],"class_list":["post-640092","post","type-post","status-publish","format-standard","has-post-thumbnail","hentry","category-estado-de-mexico","tag-anuar-azar-figueroa","tag-democratica","tag-dirigente"],"_links":{"self":[{"href":"https:\/\/www.diarioimagen.net\/index.php?rest_route=\/wp\/v2\/posts\/640092","targetHints":{"allow":["GET"]}}],"collection":[{"href":"https:\/\/www.diarioimagen.net\/index.php?rest_route=\/wp\/v2\/posts"}],"about":[{"href":"https:\/\/www.diarioimagen.net\/index.php?rest_route=\/wp\/v2\/types\/post"}],"author":[{"embeddable":true,"href":"https:\/\/www.diarioimagen.net\/index.php?rest_route=\/wp\/v2\/users\/3"}],"replies":[{"embeddable":true,"href":"https:\/\/www.diarioimagen.net\/index.php?rest_route=%2Fwp%2Fv2%2Fcomments&post=640092"}],"version-history":[{"count":0,"href":"https:\/\/www.diarioimagen.net\/index.php?rest_route=\/wp\/v2\/posts\/640092\/revisions"}],"wp:featuredmedia":[{"embeddable":true,"href":"https:\/\/www.diarioimagen.net\/index.php?rest_route=\/wp\/v2\/media\/640201"}],"wp:attachment":[{"href":"https:\/\/www.diarioimagen.net\/index.php?rest_route=%2Fwp%2Fv2%2Fmedia&parent=640092"}],"wp:term":[{"taxonomy":"category","embeddable":true,"href":"https:\/\/www.diarioimagen.net\/index.php?rest_route=%2Fwp%2Fv2%2Fcategories&post=640092"},{"taxonomy":"post_tag","embeddable":true,"href":"https:\/\/www.diarioimagen.net\/index.php?rest_route=%2Fwp%2Fv2%2Ftags&post=640092"}],"curies":[{"name":"wp","href":"https:\/\/api.w.org\/{rel}","templated":true}]}}