{"id":640094,"date":"2024-11-08T00:04:52","date_gmt":"2024-11-08T06:04:52","guid":{"rendered":"https:\/\/www.diarioimagen.net\/?p=640094"},"modified":"2024-11-08T03:00:36","modified_gmt":"2024-11-08T09:00:36","slug":"anuncian-estado-de-mexico-cdmx-y-morelos-plan-contra-tala-ilegal","status":"publish","type":"post","link":"https:\/\/www.diarioimagen.net\/?p=640094","title":{"rendered":"Anuncian Estado de M\u00e9xico, CDMX y Morelos plan contra tala ilegal"},"content":{"rendered":"<p>&nbsp;<\/p>\n<ul>\n<li><em><strong>En defensa de Bosque de Agua Metropolitano<\/strong><\/em><\/li>\n<\/ul>\n<p>&nbsp;<\/p>\n<div id=\"attachment_640205\" style=\"width: 470px\" class=\"wp-caption aligncenter\"><a href=\"https:\/\/www.diarioimagen.net\/?attachment_id=640205\" rel=\"attachment wp-att-640205\"><img loading=\"lazy\" decoding=\"async\" aria-describedby=\"caption-attachment-640205\" class=\"size-full wp-image-640205\" src=\"https:\/\/www.diarioimagen.net\/wp-content\/uploads\/2024\/11\/anuncian-edomex.jpg\" alt=\"\" width=\"460\" height=\"270\" srcset=\"https:\/\/www.diarioimagen.net\/wp-content\/uploads\/2024\/11\/anuncian-edomex.jpg 460w, https:\/\/www.diarioimagen.net\/wp-content\/uploads\/2024\/11\/anuncian-edomex-240x141.jpg 240w\" sizes=\"auto, (max-width: 460px) 100vw, 460px\" \/><\/a><p id=\"caption-attachment-640205\" class=\"wp-caption-text\">El gobierno del Estado de M\u00e9xico anunci\u00f3 una estrategia para evitar la tala clandestina, en coordinaci\u00f3n con sus hom\u00f3logos de la Ciudad de M\u00e9xico y de Morelos.<\/p><\/div>\n<p>&nbsp;<\/p>\n<p><strong>Toluca, Estado de M\u00e9xico.\u2014<\/strong> La gobernadora del Estado de M\u00e9xico, Delfina G\u00f3mez \u00c1lvarez, anunci\u00f3 una estrategia para evitar la tala ilegal de \u00e1rboles, en coordinaci\u00f3n con la Jefa de Gobierno de la CDMX, Clara Brugada, la mandataria de Morelos, Margarita Gonz\u00e1lez Saravia, autoridades de la Secretar\u00eda de la Defensa Nacional y Guardia Nacional, en defensa de la zona conocida como Bosque de Agua Metropolitano.<\/p>\n<p>\u201cSe han llegado a acuerdos que, sin duda alguna van a beneficiar a lo que queremos todos, que es dar una mejor atenci\u00f3n a este tema que es la tala clandestina, de manera ilegal, por eso coincido que debe de ser un trabajo de manera coordinada\u201d, asever\u00f3 la gobernadora Delfina G\u00f3mez \u00c1lvarez en la presentaci\u00f3n de la Estrategia Integral y Sist\u00e9mica 2024 contra la Tala Clandestina \u201c3 Estados\u201d.<\/p>\n<p>La mandataria mexiquense record\u00f3 que la tala clandestina tiene consecuencias negativas para el medio ambiente que impactan a la sociedad, por lo que invit\u00f3 a los habitantes a sumarse a este trabajo en equipo para defender los bosques y la conservaci\u00f3n de los recursos naturales.<\/p>\n<p>La estrategia considera establecer bases de operaci\u00f3n interinstitucional en los tres estados; identificar a los generadores de violencia en la zona; trabajo conjunto de las Fiscal\u00edas con la Fiscal\u00eda General de la Rep\u00fablica para establecer mecanismos de acci\u00f3n para atender esta situaci\u00f3n; y apoyar a las comunidades que viven en el Bosque de Agua.<\/p>\n<p>\u201cVamos a trabajar por nuestros bosques, vamos a trabajar por nuestra agua, vamos a trabajar por nuestros seres sintientes, por todo aquello que la Madre Tierra, como dicen nuestros grupos originarios, deben de tener un respeto y que los gobiernos tienen que atender esa necesidad\u201d, afirm\u00f3 la Gobernadora Delfina G\u00f3mez \u00c1lvarez.<\/p>\n","protected":false},"excerpt":{"rendered":"<p>La gobernadora del Estado de M\u00e9xico, Delfina G\u00f3mez \u00c1lvarez, anunci\u00f3 una estrategia para evitar la tala ilegal de \u00e1rboles, en coordinaci\u00f3n con la Jefa de Gobierno de la CDMX, Clara Brugada, la mandataria de Morelos, Margarita Gonz\u00e1lez Saravia, autoridades de la Secretar\u00eda de la Defensa Nacional y Guardia Nacional, en defensa de la zona conocida como Bosque de Agua Metropolitano.<\/p>\n","protected":false},"author":3,"featured_media":640205,"comment_status":"open","ping_status":"open","sticky":false,"template":"","format":"standard","meta":{"_monsterinsights_skip_tracking":false,"_monsterinsights_sitenote_active":false,"_monsterinsights_sitenote_note":"","_monsterinsights_sitenote_category":0,"footnotes":""},"categories":[5],"tags":[57859,74511,46602],"class_list":["post-640094","post","type-post","status-publish","format-standard","has-post-thumbnail","hentry","category-estado-de-mexico","tag-delfina-gomez-alvarez","tag-ilegal","tag-tala"],"_links":{"self":[{"href":"https:\/\/www.diarioimagen.net\/index.php?rest_route=\/wp\/v2\/posts\/640094","targetHints":{"allow":["GET"]}}],"collection":[{"href":"https:\/\/www.diarioimagen.net\/index.php?rest_route=\/wp\/v2\/posts"}],"about":[{"href":"https:\/\/www.diarioimagen.net\/index.php?rest_route=\/wp\/v2\/types\/post"}],"author":[{"embeddable":true,"href":"https:\/\/www.diarioimagen.net\/index.php?rest_route=\/wp\/v2\/users\/3"}],"replies":[{"embeddable":true,"href":"https:\/\/www.diarioimagen.net\/index.php?rest_route=%2Fwp%2Fv2%2Fcomments&post=640094"}],"version-history":[{"count":0,"href":"https:\/\/www.diarioimagen.net\/index.php?rest_route=\/wp\/v2\/posts\/640094\/revisions"}],"wp:featuredmedia":[{"embeddable":true,"href":"https:\/\/www.diarioimagen.net\/index.php?rest_route=\/wp\/v2\/media\/640205"}],"wp:attachment":[{"href":"https:\/\/www.diarioimagen.net\/index.php?rest_route=%2Fwp%2Fv2%2Fmedia&parent=640094"}],"wp:term":[{"taxonomy":"category","embeddable":true,"href":"https:\/\/www.diarioimagen.net\/index.php?rest_route=%2Fwp%2Fv2%2Fcategories&post=640094"},{"taxonomy":"post_tag","embeddable":true,"href":"https:\/\/www.diarioimagen.net\/index.php?rest_route=%2Fwp%2Fv2%2Ftags&post=640094"}],"curies":[{"name":"wp","href":"https:\/\/api.w.org\/{rel}","templated":true}]}}