{"id":640114,"date":"2024-11-08T00:01:17","date_gmt":"2024-11-08T06:01:17","guid":{"rendered":"https:\/\/www.diarioimagen.net\/?p=640114"},"modified":"2024-11-10T23:31:57","modified_gmt":"2024-11-11T05:31:57","slug":"huracan-rafael-genera-condiciones-climaticas-adversas-en-la-peninsula","status":"publish","type":"post","link":"https:\/\/www.diarioimagen.net\/?p=640114","title":{"rendered":"Hurac\u00e1n \u201cRafael\u201d genera condiciones clim\u00e1ticas adversas en la Pen\u00ednsula"},"content":{"rendered":"<p>&nbsp;<\/p>\n<h2 style=\"text-align: center;\">En su ruta por el Golfo de M\u00e9xico<\/h2>\n<p>&nbsp;<\/p>\n<ul>\n<li><strong><em>Lluvias con rachas de viento de 40 a 60 km\/h y oleajes de hasta 2 metros en las costas<\/em><\/strong><\/li>\n<\/ul>\n<p>&nbsp;<\/p>\n<div id=\"attachment_640190\" style=\"width: 470px\" class=\"wp-caption aligncenter\"><a href=\"https:\/\/www.diarioimagen.net\/?attachment_id=640190\" rel=\"attachment wp-att-640190\"><img loading=\"lazy\" decoding=\"async\" aria-describedby=\"caption-attachment-640190\" class=\"size-full wp-image-640190\" src=\"https:\/\/www.diarioimagen.net\/wp-content\/uploads\/2024\/11\/huracan-rafael-1.jpg\" alt=\"\" width=\"460\" height=\"270\" srcset=\"https:\/\/www.diarioimagen.net\/wp-content\/uploads\/2024\/11\/huracan-rafael-1.jpg 460w, https:\/\/www.diarioimagen.net\/wp-content\/uploads\/2024\/11\/huracan-rafael-1-240x141.jpg 240w\" sizes=\"auto, (max-width: 460px) 100vw, 460px\" \/><\/a><p id=\"caption-attachment-640190\" class=\"wp-caption-text\">El hurac\u00e1n \u201cRafael\u201d, clasificado como categor\u00eda 2, genera condiciones clim\u00e1ticas adversas en la pen\u00ednsula de Yucat\u00e1n.<\/p><\/div>\n<p>&nbsp;<\/p>\n<p><strong>Canc\u00fan.\u2014<\/strong> Las bandas nubosas del hurac\u00e1n \u201cRafael\u201d, clasificado como categor\u00eda 2, genera condiciones clim\u00e1ticas adversas en la pen\u00ednsula de Yucat\u00e1n. Se prev\u00e9 la formaci\u00f3n de lluvias intensas, con precipitaciones de entre 25 y 50 mm en los estados de Campeche, Yucat\u00e1n y Quintana Roo.<\/p>\n<p>Hasta el cierre de esta edici\u00f3n, los municipios de L\u00e1zaro C\u00e1rdenas, Benito Ju\u00e1rez, Isla Mujeres, Puerto Morelos y Cozumel se encuentraban en Alerta Azul, considerados en estado de peligro m\u00ednimo por las autoridades correspondientes<\/p>\n<p>Adem\u00e1s, la direcci\u00f3n de Protecci\u00f3n Civil ha informado que se esperan vientos con rachas de 40 a 60 km\/h y oleaje de entre 1 y 2 metros en las costas de Quintana Roo y Yucat\u00e1n.<\/p>\n<p>La gobernadora de Quintana Roo, Mara Lezama Espinosa en sus redes sociales hizo un llamado a la poblaci\u00f3n a mantenerse informada, destacando que en esta temporada de huracanes es esencial seguir la \u201cTriple A\u201d: Atentas, Alerta y A Salvo.<\/p>\n<p>El hurac\u00e1n Rafael, clasificado como categor\u00eda 2 en la escala Saffir-Simpson, hasta el cierre de edici\u00f3n se encontraba a 420 km al oeste-noroeste de La Habana, Cuba, y a 355 km al nor-noreste de Cabo Catoche, Quintana Roo. Presentaba vientos m\u00e1ximos sostenidos de 165 km\/h, con rachas que alcanzan los 205 km\/h, y avanza hacia el oeste-noroeste a una velocidad de 15 km\/h.<\/p>\n<p>La Comisi\u00f3n Nacional del Agua (Conagua) y el Servicio Meteorol\u00f3gico Nacional (SMN) emiti\u00f3 un comunicado reiterando la importancia de estar al tanto de las actualizaciones sobre el desarrollo del hurac\u00e1n Rafael y otros fen\u00f3menos meteorol\u00f3gicos que puedan afectar la regi\u00f3n.<\/p>\n","protected":false},"excerpt":{"rendered":"<p>Las bandas nubosas del hurac\u00e1n \u201cRafael\u201d, clasificado como categor\u00eda 2, genera condiciones clim\u00e1ticas adversas en la pen\u00ednsula de Yucat\u00e1n. Se prev\u00e9 la formaci\u00f3n de lluvias intensas, con precipitaciones de entre 25 y 50 mm en los estados de Campeche, Yucat\u00e1n y Quintana Roo.<\/p>\n","protected":false},"author":3,"featured_media":640190,"comment_status":"open","ping_status":"open","sticky":false,"template":"","format":"standard","meta":{"_monsterinsights_skip_tracking":false,"_monsterinsights_sitenote_active":false,"_monsterinsights_sitenote_note":"","_monsterinsights_sitenote_category":0,"footnotes":""},"categories":[17,3],"tags":[101194,55,101177],"class_list":["post-640114","post","type-post","status-publish","format-standard","has-post-thumbnail","hentry","category-especiales","category-nacional","tag-climaticas","tag-golfo-de-mexico","tag-rafael"],"_links":{"self":[{"href":"https:\/\/www.diarioimagen.net\/index.php?rest_route=\/wp\/v2\/posts\/640114","targetHints":{"allow":["GET"]}}],"collection":[{"href":"https:\/\/www.diarioimagen.net\/index.php?rest_route=\/wp\/v2\/posts"}],"about":[{"href":"https:\/\/www.diarioimagen.net\/index.php?rest_route=\/wp\/v2\/types\/post"}],"author":[{"embeddable":true,"href":"https:\/\/www.diarioimagen.net\/index.php?rest_route=\/wp\/v2\/users\/3"}],"replies":[{"embeddable":true,"href":"https:\/\/www.diarioimagen.net\/index.php?rest_route=%2Fwp%2Fv2%2Fcomments&post=640114"}],"version-history":[{"count":0,"href":"https:\/\/www.diarioimagen.net\/index.php?rest_route=\/wp\/v2\/posts\/640114\/revisions"}],"wp:featuredmedia":[{"embeddable":true,"href":"https:\/\/www.diarioimagen.net\/index.php?rest_route=\/wp\/v2\/media\/640190"}],"wp:attachment":[{"href":"https:\/\/www.diarioimagen.net\/index.php?rest_route=%2Fwp%2Fv2%2Fmedia&parent=640114"}],"wp:term":[{"taxonomy":"category","embeddable":true,"href":"https:\/\/www.diarioimagen.net\/index.php?rest_route=%2Fwp%2Fv2%2Fcategories&post=640114"},{"taxonomy":"post_tag","embeddable":true,"href":"https:\/\/www.diarioimagen.net\/index.php?rest_route=%2Fwp%2Fv2%2Ftags&post=640114"}],"curies":[{"name":"wp","href":"https:\/\/api.w.org\/{rel}","templated":true}]}}