{"id":640130,"date":"2024-11-08T00:04:26","date_gmt":"2024-11-08T06:04:26","guid":{"rendered":"https:\/\/www.diarioimagen.net\/?p=640130"},"modified":"2024-11-08T02:05:52","modified_gmt":"2024-11-08T08:05:52","slug":"amenazas-2","status":"publish","type":"post","link":"https:\/\/www.diarioimagen.net\/?p=640130","title":{"rendered":"Amenazas"},"content":{"rendered":"<h2>De pe a pa<\/h2>\n<h5>Alberto Vieyra G.<\/h5>\n<p>&nbsp;<\/p>\n<p>Muy malas noticias para M\u00e9xico. Por un lado, en Estados Unidos se concret\u00f3 la elecci\u00f3n de otro gobierno del diablo. Arras\u00f3 la bestia trumpiana sobre quien pesan m\u00e1s de 40 delitos y ello nos dice que EU contar\u00e1 con un presidente n\u00famero 47 delincuente al acumular 292 votos electorales del Colegio Electoral y ahora pesan sobre M\u00e9xico grav\u00edsimas amenazas por parte de Donald Trump. Este martes 5 de noviembre ser\u00e1 hist\u00f3rico para M\u00e9xico por las malas noticias.<\/p>\n<p><strong>1.-<\/strong> Donald Trump promete cierre de la frontera con M\u00e9xico desde el primer d\u00eda de gobierno en enero.<\/p>\n<p><strong>2.-<\/strong> Persecuci\u00f3n en M\u00e9xico militarmente contra los criminales de la droga y narcoterroristas.<\/p>\n<p><strong>3.-<\/strong> Aplicaci\u00f3n de aranceles contra productos manufacturados en M\u00e9xico o clonados en China.<\/p>\n<p><strong>4.-<\/strong> Deportaci\u00f3n masiva de indocumentados sean mexicanos o de cualquier otra naci\u00f3n del mundo que entren por M\u00e9xico. Y que la naci\u00f3n azteca se convierta en un pa\u00eds destino de migrantes.<\/p>\n<p><strong>5.-<\/strong> Renegociaci\u00f3n inmediata del Tratado de Libre Comercio con M\u00e9xico y Canad\u00e1.<\/p>\n<p>Y, en fin, que la bestia trumpiana se propone apretar tuercas al gobierno de la presidenta cient\u00edfica Claudia Sheinbaum, quien poco le falta para emular al actor Arturo de C\u00f3rdova cuando dec\u00eda que \u201cno tiene la menor importancia\u201d, que no hay porque tenerle miedo al regreso de Donald Trump a la Casa Blanca.<\/p>\n<p>Ya veremos qu\u00e9 gestos hace do\u00f1a Claudia porque a su maestro el llamado falso Mes\u00edas, Donald Trump lo dobl\u00f3 de la manera m\u00e1s f\u00e1cil, un hecho que a propios y extra\u00f1os les pareci\u00f3 ins\u00f3lito. Para contener la migraci\u00f3n, AMLO le puso a Donald Trump 28 mil soldados de la pomposa Guardia Nacional en la frontera chiapaneca con Guatemala y abri\u00f3 la posibilidad para que miles de migrantes se quedar\u00e1n en M\u00e9xico en donde hoy son empleados en trabajos informales y de explotaci\u00f3n en tranajos que los mexicanos desprecian.<\/p>\n<p>Ya veremos qu\u00e9 tan blandita se pone la se\u00f1ora Presidenta ante la bestia trumpiana, ese desequilibrado mental que por segunda vez estar\u00e1 en la Casa Blanca y que todos conocemos como hombre de mano dura.<\/p>\n<p>Y me asalta una pregunta: \u00bfM\u00e9xico es una naci\u00f3n de traidores?<\/p>\n<p>Ya se ha dicho que los seres humanos, por desgracia tenemos un precio. Y est\u00e1 m\u00e1xima que raya en la vil corrupci\u00f3n y en la condici\u00f3n humana, la hizo suya la corrupta mayor\u00eda de Morena para conseguir al precio que sea doblegar las voluntades de muchos que hasta hace unos meses se consideraban como ac\u00e9rrimos cr\u00edticos del gobierno cuatrote\u00edsta.<\/p>\n<p>Aqu\u00ed lo adelantamos este martes de que, si en la Suprema Corte de Justicia de la Naci\u00f3n no hab\u00eda un \u201cJudas\u201d traidor, la demencial reforma de AMLO y Claudia al Poder Judicial ser\u00eda declarada inconstitucional, pero a la hora de la hora el se\u00f1or ministro Alberto P\u00e9rez Day\u00e1n chaqueteo y con 7 votos en favor y 4 en contra la dictatorial reforma se queda.<\/p>\n<p>La mala noticia para M\u00e9xico es que el traidor ministro P\u00e9rez Day\u00e1n mat\u00f3 con su traici\u00f3n a la raz\u00f3n jur\u00eddica en M\u00e9xico e hizo que impere la dictadura pol\u00edtica morenista que vino a acabar con la Constituci\u00f3n de M\u00e9xico.<\/p>\n<p>Ahora solamente queda un camino, pues la Presidenta cient\u00edfica tendr\u00e1 que enfrentar a un asunto de car\u00e1cter internacional porque la dictatorial reformita viola por los 4 costados los derechos humanos que se consagran en las leyes internacionales y los tratados. Se desconoce qu\u00e9 tiempo tarde en llegar y salir este asunto en la Corte Interamericana de los Derechos Humanos y quiz\u00e1 vaya a dar hasta la ONU. Lo cierto es que con la traici\u00f3n de Alberto P\u00e9rez Day\u00e1n, se acab\u00f3 en M\u00e9xico con la divisi\u00f3n de poderes y ahora la justicia queda enteramente al servicio del gobierno.<\/p>\n<p><em><a href=\"mailto:info@agenciamn.com\" target=\"_blank\" rel=\"noopener noreferrer\">info@agenciamn.com<\/a><\/em><\/p>\n","protected":false},"excerpt":{"rendered":"<p><span style=\"color: #005497;\"><strong>Alberto Vieyra G.<\/strong><\/span><\/p>\n","protected":false},"author":3,"featured_media":0,"comment_status":"open","ping_status":"open","sticky":false,"template":"","format":"standard","meta":{"_monsterinsights_skip_tracking":false,"_monsterinsights_sitenote_active":false,"_monsterinsights_sitenote_note":"","_monsterinsights_sitenote_category":0,"footnotes":""},"categories":[4596],"tags":[43697,4597,43674],"class_list":["post-640130","post","type-post","status-publish","format-standard","hentry","category-alberto-vieyra-g","tag-alberto-vieyra-g","tag-de-pe-a-pa","tag-opinion"],"_links":{"self":[{"href":"https:\/\/www.diarioimagen.net\/index.php?rest_route=\/wp\/v2\/posts\/640130","targetHints":{"allow":["GET"]}}],"collection":[{"href":"https:\/\/www.diarioimagen.net\/index.php?rest_route=\/wp\/v2\/posts"}],"about":[{"href":"https:\/\/www.diarioimagen.net\/index.php?rest_route=\/wp\/v2\/types\/post"}],"author":[{"embeddable":true,"href":"https:\/\/www.diarioimagen.net\/index.php?rest_route=\/wp\/v2\/users\/3"}],"replies":[{"embeddable":true,"href":"https:\/\/www.diarioimagen.net\/index.php?rest_route=%2Fwp%2Fv2%2Fcomments&post=640130"}],"version-history":[{"count":0,"href":"https:\/\/www.diarioimagen.net\/index.php?rest_route=\/wp\/v2\/posts\/640130\/revisions"}],"wp:attachment":[{"href":"https:\/\/www.diarioimagen.net\/index.php?rest_route=%2Fwp%2Fv2%2Fmedia&parent=640130"}],"wp:term":[{"taxonomy":"category","embeddable":true,"href":"https:\/\/www.diarioimagen.net\/index.php?rest_route=%2Fwp%2Fv2%2Fcategories&post=640130"},{"taxonomy":"post_tag","embeddable":true,"href":"https:\/\/www.diarioimagen.net\/index.php?rest_route=%2Fwp%2Fv2%2Ftags&post=640130"}],"curies":[{"name":"wp","href":"https:\/\/api.w.org\/{rel}","templated":true}]}}