{"id":640254,"date":"2024-11-11T00:02:30","date_gmt":"2024-11-11T06:02:30","guid":{"rendered":"https:\/\/www.diarioimagen.net\/?p=640254"},"modified":"2024-11-12T00:09:36","modified_gmt":"2024-11-12T06:09:36","slug":"sheinbaum-pardo-confirmo-asistencia-a-reunion-del-g20","status":"publish","type":"post","link":"https:\/\/www.diarioimagen.net\/?p=640254","title":{"rendered":"Sheinbaum Pardo confirm\u00f3 asistencia a reuni\u00f3n del\u00a0G20"},"content":{"rendered":"<p>&nbsp;<\/p>\n<h2 style=\"text-align: center;\">Primer viaje al exterior<\/h2>\n<p>&nbsp;<\/p>\n<ul>\n<li><strong><em>Defender\u00e1 en Brasil redirigir el 1% del gasto armamentista a la pobreza<\/em><\/strong><\/li>\n<\/ul>\n<p>&nbsp;<\/p>\n<div id=\"attachment_640329\" style=\"width: 470px\" class=\"wp-caption aligncenter\"><img loading=\"lazy\" decoding=\"async\" aria-describedby=\"caption-attachment-640329\" class=\"size-full wp-image-640329\" src=\"https:\/\/www.diarioimagen.net\/wp-content\/uploads\/2024\/11\/claudia-5.jpg\" alt=\"\" width=\"460\" height=\"270\" srcset=\"https:\/\/www.diarioimagen.net\/wp-content\/uploads\/2024\/11\/claudia-5.jpg 460w, https:\/\/www.diarioimagen.net\/wp-content\/uploads\/2024\/11\/claudia-5-240x141.jpg 240w\" sizes=\"auto, (max-width: 460px) 100vw, 460px\" \/><p id=\"caption-attachment-640329\" class=\"wp-caption-text\">Claudia Sheinbaum confirm\u00f3 su asistencia a la reuni\u00f3n del G20, en Brasil, donde, adem\u00e1s de defender su proyecto pol\u00edtico, sugerir\u00e1 destinar el 1% del gasto armamentista a combatir la pobreza y defender los derechos de las mujeres.<\/p><\/div>\n<p>&nbsp;<\/p>\n<p>La presidenta Claudia Sheinbaum confirm\u00f3 su asistencia en la reuni\u00f3n del G20, en Brasil, donde, adem\u00e1s de defender su proyecto pol\u00edtico, sugerir\u00e1 destinar el 1% del gasto armamentista a combatir la pobreza y defender los derechos de las mujeres.<\/p>\n<p>\u201cVamos a ir a defender lo que representa nuestro proyecto y tambi\u00e9n a plantear, por ejemplo, qu\u00e9 pasar\u00eda si el 1% del gasto armamentista se destina a atender a los m\u00e1s necesitados del mundo, y vamos orgullosos de la potencia cultural que representamos y a mostrar los resultados que hay en M\u00e9xico\u201d, dijo.<\/p>\n<p>La participaci\u00f3n de Sheinbaum Pardo en R\u00edo de Janeiro, su primer viaje al exterior desde que asumi\u00f3 el cargo el 1 de octubre, causa expectativa despu\u00e9s de que su antecesor, Andr\u00e9s Manuel L\u00f3pez Obrador, nunca asisti\u00f3 en su mandato al G20 ni a casi ning\u00fan foro internacional.<\/p>\n<p>La primera mandataria adelant\u00f3 que defender\u00e1 que \u201cno es el mercado el que resuelve los problemas\u201d y los resultados del gobierno de L\u00f3pez Obrador y el suyo para combatir la pobreza.<\/p>\n<p>\u201cEso es lo que vamos a ir a plantear al G20 con mucho orgullo, por lo que representa hoy M\u00e9xico en el mundo, y tambi\u00e9n a reivindicar los derechos de las mujeres y c\u00f3mo ha avanzado M\u00e9xico en todo esto, entonces esa es la posici\u00f3n, antes en efecto hab\u00eda una relaci\u00f3n de subordinaci\u00f3n, de agachar la cabeza\u201d, manifest\u00f3.<\/p>\n<p style=\"text-align: center;\"><strong>La participaci\u00f3n de Sheinbaum <\/strong><\/p>\n<p>Ser\u00e1 los d\u00edas 18 y 19 de noviembre cuando se lleve a cabo la cumbre del G20, donde la mandataria mexicana participar\u00e1 en dos reuniones plenarias, una de ellas sobre reformas en materia de gobernanza, anunci\u00f3 el canciller mexicano Juan Ram\u00f3n de la Fuente.<\/p>\n<p>Sostuvo que, \u201chasta ahora, la presencia de la presidenta Sheinbaum ha generado una gran expectativa\u201d, por lo que hay solicitudes de reuniones bilaterales con Canad\u00e1, China, Corea del Sur, Francia, la India, Indonesia, Jap\u00f3n y Reino Unido.<\/p>\n<p>Tambi\u00e9n resalt\u00f3 que Sheinbaum \u201ces la \u00fanica mujer\u201d jefa de Gobierno o Estado que ha confirmado su presencia, hasta el momento.<\/p>\n<p>Canad\u00e1, China, Corea, Francia, India, Jap\u00f3n y Reino Unido son algunos de los gobiernos que han hecho esta petici\u00f3n, sin embargo, el secretario de Relaciones Exteriores se\u00f1al\u00f3 que solo se podr\u00e1n concretar algunos de estos encuentros, toda vez que la presidenta Claudia Sheinabum solo estar\u00e1 el primero de los dos d\u00edas en Brasil.<\/p>\n<p>Por otro lado, Juan Ram\u00f3n de la Fuente adelant\u00f3 que M\u00e9xico apoyar\u00e1 la iniciativa que presentar\u00e1 Brasil contra el hambre y la pobreza, la cual se busca sea de alcance global y cuente con el apoyo del resto de pa\u00edses del G20.<\/p>\n<p style=\"text-align: center;\"><strong>Invitados a cumbre del G20<\/strong><\/p>\n<p>Juan Ram\u00f3n de la Fuente tambi\u00e9n inform\u00f3 que esta edici\u00f3n del G20 contar\u00e1 con la presencia de 30 l\u00edderes de Estado, toda vez que el presidente Lula da Silva invit\u00f3 a mandatarios de Bolivia, Chile, Colombia, Vietnam y Qatar, entre otros pa\u00edses.<\/p>\n<p>Adem\u00e1s, record\u00f3 que el principio del consenso rige al G20, es por ello que todos sus miembros tienen el mismo peso. Y record\u00f3 que cada a\u00f1o cambia su presidencia, es decir, esta es rotatoria. En este a\u00f1o es Brasil y por ello la cumbre se llevar\u00e1 a cabo en el pa\u00eds sudamericano.<\/p>\n<p style=\"text-align: center;\"><strong>Primer viaje de la Presidenta al exterior<\/strong><\/p>\n<p>La presidenta Sheinbaum pardo se\u00f1al\u00f3 que viajar\u00e1 en avi\u00f3n comercial, como lo acostumbr\u00f3 durante su sexenio el ex presidente Andr\u00e9s Manuel L\u00f3pez Obrador. Y comparti\u00f3 que ser\u00e1 una comitiva la que la acompa\u00f1e, entre ellos el canciller Juan Ram\u00f3n de la Fuente y Luz Elena Gonz\u00e1lez Escobar, secretaria de Energ\u00eda, as\u00ed como su encargada de Comunicaci\u00f3n Social y una fot\u00f3grafa.<\/p>\n","protected":false},"excerpt":{"rendered":"<p>La presidenta Claudia Sheinbaum confirm\u00f3 su asistencia en la reuni\u00f3n del G20, en Brasil, donde, adem\u00e1s de defender su proyecto pol\u00edtico, sugerir\u00e1 destinar el 1% del gasto armamentista a combatir la pobreza y defender los derechos de las mujeres.<\/p>\n","protected":false},"author":3,"featured_media":640329,"comment_status":"open","ping_status":"open","sticky":false,"template":"","format":"standard","meta":{"_monsterinsights_skip_tracking":false,"_monsterinsights_sitenote_active":false,"_monsterinsights_sitenote_note":"","_monsterinsights_sitenote_category":0,"footnotes":""},"categories":[17,3],"tags":[72207,23472,4798],"class_list":["post-640254","post","type-post","status-publish","format-standard","has-post-thumbnail","hentry","category-especiales","category-nacional","tag-claudia-sheinbaum-pardo","tag-g20","tag-viaje"],"_links":{"self":[{"href":"https:\/\/www.diarioimagen.net\/index.php?rest_route=\/wp\/v2\/posts\/640254","targetHints":{"allow":["GET"]}}],"collection":[{"href":"https:\/\/www.diarioimagen.net\/index.php?rest_route=\/wp\/v2\/posts"}],"about":[{"href":"https:\/\/www.diarioimagen.net\/index.php?rest_route=\/wp\/v2\/types\/post"}],"author":[{"embeddable":true,"href":"https:\/\/www.diarioimagen.net\/index.php?rest_route=\/wp\/v2\/users\/3"}],"replies":[{"embeddable":true,"href":"https:\/\/www.diarioimagen.net\/index.php?rest_route=%2Fwp%2Fv2%2Fcomments&post=640254"}],"version-history":[{"count":0,"href":"https:\/\/www.diarioimagen.net\/index.php?rest_route=\/wp\/v2\/posts\/640254\/revisions"}],"wp:featuredmedia":[{"embeddable":true,"href":"https:\/\/www.diarioimagen.net\/index.php?rest_route=\/wp\/v2\/media\/640329"}],"wp:attachment":[{"href":"https:\/\/www.diarioimagen.net\/index.php?rest_route=%2Fwp%2Fv2%2Fmedia&parent=640254"}],"wp:term":[{"taxonomy":"category","embeddable":true,"href":"https:\/\/www.diarioimagen.net\/index.php?rest_route=%2Fwp%2Fv2%2Fcategories&post=640254"},{"taxonomy":"post_tag","embeddable":true,"href":"https:\/\/www.diarioimagen.net\/index.php?rest_route=%2Fwp%2Fv2%2Ftags&post=640254"}],"curies":[{"name":"wp","href":"https:\/\/api.w.org\/{rel}","templated":true}]}}