{"id":640262,"date":"2024-11-11T00:07:51","date_gmt":"2024-11-11T06:07:51","guid":{"rendered":"https:\/\/www.diarioimagen.net\/?p=640262"},"modified":"2024-11-12T00:08:55","modified_gmt":"2024-11-12T06:08:55","slug":"uaemex-fomenta-y-visibiliza-la-investigacion-cientifica-a-traves-de-la-primera-feria-de-posgrados-2024","status":"publish","type":"post","link":"https:\/\/www.diarioimagen.net\/?p=640262","title":{"rendered":"UAEM\u00e9x fomenta y visibiliza la investigaci\u00f3n cient\u00edfica a trav\u00e9s de la primera Feria de Posgrados 2024"},"content":{"rendered":"<p>&nbsp;<\/p>\n<div id=\"attachment_640355\" style=\"width: 470px\" class=\"wp-caption aligncenter\"><img loading=\"lazy\" decoding=\"async\" aria-describedby=\"caption-attachment-640355\" class=\"size-full wp-image-640355\" src=\"https:\/\/www.diarioimagen.net\/wp-content\/uploads\/2024\/11\/uaem-feria.jpg\" alt=\"\" width=\"460\" height=\"270\" srcset=\"https:\/\/www.diarioimagen.net\/wp-content\/uploads\/2024\/11\/uaem-feria.jpg 460w, https:\/\/www.diarioimagen.net\/wp-content\/uploads\/2024\/11\/uaem-feria-240x141.jpg 240w\" sizes=\"auto, (max-width: 460px) 100vw, 460px\" \/><p id=\"caption-attachment-640355\" class=\"wp-caption-text\">La primera edici\u00f3n cuenta con 54 estantes de posgrados agrupados en diversas \u00e1reas de conocimiento, con 111 programas de especialidad, maestr\u00eda, y doctorado.<\/p><\/div>\n<p>&nbsp;<\/p>\n<p><strong>Toluca, Estado de M\u00e9xico.\u2013 <\/strong>Con la intenci\u00f3n de fomentar la vinculaci\u00f3n con diferentes actores, visibilizando las bondades de la investigaci\u00f3n cient\u00edfica y sus aplicaciones en la sociedad, la Universidad Aut\u00f3noma del Estado de M\u00e9xico (UAEM\u00e9x) inaugur\u00f3 la \u201cFeria de Posgrados 2024. Un espacio para conectar\u201d, la cual estar\u00e1 ubicada hasta este 8 de noviembre en el Edificio de Rector\u00eda.<\/p>\n<p>Ante la directora del Sistema de Evaluaci\u00f3n y Acreditaci\u00f3n de Estudios Superiores de la Secretar\u00eda de Educaci\u00f3n P\u00fablica (SEP), Mar\u00eda Jos\u00e9 Rhi Sausi Garavito y el subsecretario de Educaci\u00f3n Superior y Normal de la Secretar\u00eda de Educaci\u00f3n, Ciencia, Tecnolog\u00eda e Innovaci\u00f3n del Gobierno del Estado de M\u00e9xico, Victor S\u00e1nchez Gonz\u00e1lez y en representaci\u00f3n del rector de la M\u00e1xima Casa de Estudios Mexiquense, Carlos Eduardo Barrera D\u00edaz, la secretaria de Investigaci\u00f3n y Estudios Avanzados, Martha Patricia Zarza Delgado, explic\u00f3 que la primera edici\u00f3n de esta feria cuenta con 54 estantes de posgrados agrupados en \u00e1reas de conocimiento, con 111 programas de especialidad, maestr\u00eda, y doctorado.\u00a0 Asimismo, dijo, los estudios de posgrado ayudan a formar una sociedad m\u00e1s justa y equitativa, por lo que resulta crucial compartir el conocimiento. \u201cLos posgrados fomentan el pensamiento cr\u00edtico y anal\u00edtico, la investigaci\u00f3n, el trabajo colaborativo y la capacidad de liderazgo, competencias fundamentales para tomar decisiones informadas y estrat\u00e9gicas\u201d, puntualiz\u00f3.<\/p>\n<p>Por su parte, S\u00e1nchez Gonz\u00e1lez, mencion\u00f3 que conectar centros de investigaci\u00f3n y al sector empresarial con acad\u00e9micos y p\u00fablico en general, permite la construcci\u00f3n de v\u00edas que acercan el conocimiento cient\u00edfico a las personas y contribuyen a la formaci\u00f3n de una ciudadan\u00eda con conciencia human\u00edstica, ecol\u00f3gica, democr\u00e1tica y cr\u00edtica.<\/p>\n<p>En su oportunidad, el director de Seguimiento y Evaluaci\u00f3n de los Estudios Avanzados de la UAEM\u00e9x, Francisco Herrera Tapia, destac\u00f3 la importancia de crear un ambiente interdisciplinario y transdisciplinario a partir de la investigaci\u00f3n cient\u00edfica, human\u00edstica y tecnol\u00f3gica con los sectores acad\u00e9micos y no acad\u00e9micos, al tiempo que reconoci\u00f3 la participaci\u00f3n de representantes del pueblo mazahua por sus aportaciones a la cultura mexiquense.<\/p>\n<p>En tanto, la representante del pueblo mazahua, Alma Lil\u00ed C\u00e1rdenas Marcelo, comparti\u00f3 su experiencia en la investigaci\u00f3n de posgrado, siendo originaria de una comunidad ind\u00edgena e invit\u00f3 a reflexionar sobre su papel en la sociedad. \u201cNo somos objeto de estudio, somos actoras y actores sociales que participamos d\u00eda a d\u00eda en favor de nuestras comunidades\u201d, indic\u00f3.<\/p>\n<p>La primera \u201cFeria de Posgrados 2024. Un espacio para conectar\u201d cuenta con un espacio para presentar conferencias, mesas intersectoriales en temas estrat\u00e9gicos como el campo, la salud, sustentabilidad y agua, la inclusi\u00f3n, interculturalidad y equidad de g\u00e9nero; asimismo experiencias de egresadas y egresados, un m\u00f3dulo de internacionalizaci\u00f3n de los Estudios Avanzados, ocho prototipos cient\u00edficos y sociales, un corredor gastron\u00f3mico y el trabajo de artesanas y artesanos mazahuas.<\/p>\n<p>En la inauguraci\u00f3n de este evento tambi\u00e9n estuvieron presentes el director General del Consejo Mexiquense de Ciencia y Tecnolog\u00eda (COMECYT), Victor Daniel \u00c1vila Akerberg, el presidente del Consejo de C\u00e1maras y Asociaciones Empresariales del Estado de M\u00e9xico (CONCAEM), Mauricio Massud Mart\u00ednez y la presidenta del Consejo Mexicano de Estudios de Posgrado (COMEPO), Ana Marcela Torres Hern\u00e1ndez, integrantes del Colegio de Directores y de la comunidad universitaria.<\/p>\n","protected":false},"excerpt":{"rendered":"<p>Con la intenci\u00f3n de fomentar la vinculaci\u00f3n con diferentes actores, visibilizando las bondades de la investigaci\u00f3n cient\u00edfica y sus aplicaciones en la sociedad, la Universidad Aut\u00f3noma del Estado de M\u00e9xico (UAEM\u00e9x) inaugur\u00f3 la \u201cFeria de Posgrados 2024. Un espacio para conectar\u201d, la cual estar\u00e1 ubicada hasta este 8 de noviembre en el Edificio de Rector\u00eda.<\/p>\n","protected":false},"author":3,"featured_media":640355,"comment_status":"open","ping_status":"open","sticky":false,"template":"","format":"standard","meta":{"_monsterinsights_skip_tracking":false,"_monsterinsights_sitenote_active":false,"_monsterinsights_sitenote_note":"","_monsterinsights_sitenote_category":0,"footnotes":""},"categories":[5],"tags":[83802,67878,101201],"class_list":["post-640262","post","type-post","status-publish","format-standard","has-post-thumbnail","hentry","category-estado-de-mexico","tag-fomenta","tag-uaemex","tag-visibiliza"],"_links":{"self":[{"href":"https:\/\/www.diarioimagen.net\/index.php?rest_route=\/wp\/v2\/posts\/640262","targetHints":{"allow":["GET"]}}],"collection":[{"href":"https:\/\/www.diarioimagen.net\/index.php?rest_route=\/wp\/v2\/posts"}],"about":[{"href":"https:\/\/www.diarioimagen.net\/index.php?rest_route=\/wp\/v2\/types\/post"}],"author":[{"embeddable":true,"href":"https:\/\/www.diarioimagen.net\/index.php?rest_route=\/wp\/v2\/users\/3"}],"replies":[{"embeddable":true,"href":"https:\/\/www.diarioimagen.net\/index.php?rest_route=%2Fwp%2Fv2%2Fcomments&post=640262"}],"version-history":[{"count":0,"href":"https:\/\/www.diarioimagen.net\/index.php?rest_route=\/wp\/v2\/posts\/640262\/revisions"}],"wp:featuredmedia":[{"embeddable":true,"href":"https:\/\/www.diarioimagen.net\/index.php?rest_route=\/wp\/v2\/media\/640355"}],"wp:attachment":[{"href":"https:\/\/www.diarioimagen.net\/index.php?rest_route=%2Fwp%2Fv2%2Fmedia&parent=640262"}],"wp:term":[{"taxonomy":"category","embeddable":true,"href":"https:\/\/www.diarioimagen.net\/index.php?rest_route=%2Fwp%2Fv2%2Fcategories&post=640262"},{"taxonomy":"post_tag","embeddable":true,"href":"https:\/\/www.diarioimagen.net\/index.php?rest_route=%2Fwp%2Fv2%2Ftags&post=640262"}],"curies":[{"name":"wp","href":"https:\/\/api.w.org\/{rel}","templated":true}]}}