{"id":640264,"date":"2024-11-11T00:08:50","date_gmt":"2024-11-11T06:08:50","guid":{"rendered":"https:\/\/www.diarioimagen.net\/?p=640264"},"modified":"2024-11-12T00:06:40","modified_gmt":"2024-11-12T06:06:40","slug":"uaemex-crea-sinergias-para-continuar-consolidandose-como-la-mejor-universidad-publica-estatal-del-pais-cebd","status":"publish","type":"post","link":"https:\/\/www.diarioimagen.net\/?p=640264","title":{"rendered":"UAEM\u00e9x crea sinergias para continuar consolid\u00e1ndose como la mejor universidad p\u00fablica estatal del pa\u00eds: CEBD"},"content":{"rendered":"<p>&nbsp;<\/p>\n<div id=\"attachment_640359\" style=\"width: 470px\" class=\"wp-caption aligncenter\"><img loading=\"lazy\" decoding=\"async\" aria-describedby=\"caption-attachment-640359\" class=\"size-full wp-image-640359\" src=\"https:\/\/www.diarioimagen.net\/wp-content\/uploads\/2024\/11\/uaem-crea-sinergias.jpg\" alt=\"\" width=\"460\" height=\"270\" srcset=\"https:\/\/www.diarioimagen.net\/wp-content\/uploads\/2024\/11\/uaem-crea-sinergias.jpg 460w, https:\/\/www.diarioimagen.net\/wp-content\/uploads\/2024\/11\/uaem-crea-sinergias-240x141.jpg 240w\" sizes=\"auto, (max-width: 460px) 100vw, 460px\" \/><p id=\"caption-attachment-640359\" class=\"wp-caption-text\">El rector Carlos Eduardo Barrera D\u00edaz entreg\u00f3 15 computadoras de \u00faltima generaci\u00f3n, cinco proyectores, 35 pupitres y 15 sillas secretariales a la comunidad de la Unidad Acad\u00e9mica Profesional Huehuetoca.<\/p><\/div>\n<p>&nbsp;<\/p>\n<p><strong>Huehuetoca, Estado de M\u00e9xico.<\/strong>\u2014 La Universidad Aut\u00f3noma del Estado de M\u00e9xico (UAEM\u00e9x) trabaja de la mano de los gobiernos municipales, estatal y federal para continuar consolid\u00e1ndose como la mejor universidad p\u00fablica estatal del pa\u00eds, con instalaciones e infraestructura dignas y un ambiente seguro para su comunidad, sostuvo el rector Carlos Eduardo Barrera D\u00edaz.<\/p>\n<p>Al entregar 15 computadoras de \u00faltima generaci\u00f3n, cinco proyectores, 35 pupitres y 15 sillas secretariales a la comunidad de la Unidad Acad\u00e9mica Profesional Huehuetoca, el rector reiter\u00f3 el compromiso de la administraci\u00f3n que encabeza para seguir renovando la infraestructura de todos los campus de la instituci\u00f3n.<\/p>\n<p>Acompa\u00f1ado del presidente municipal electo de Huehuetoca, Juan Manuel L\u00f3pez Ad\u00e1n; la secretaria de Administraci\u00f3n de la UAEM\u00e9x, Er\u00e9ndira Fierro Moreno, y el coordinador de la Unidad Acad\u00e9mica Profesional Huehuetoca, Joel Mart\u00ednez Bello, el rector destac\u00f3 que recientemente, la Biblioteca Digital de la instituci\u00f3n aument\u00f3 30 mil libros a su acervo y en la actualidad alcanza el casi medio mill\u00f3n, de acceso totalmente gratuito para los universitarios.<\/p>\n<p>Adem\u00e1s, dijo Barrera D\u00edaz, contiene m\u00e1s de 100 mil revistas electr\u00f3nicas y dos mil peri\u00f3dicos digitales de 120 pa\u00edses, que permiten a los estudiantes, por ejemplo, practicar idiomas, as\u00ed como tener noticias actuales de todo el mundo.<\/p>\n<p>En su oportunidad, Juan Manuel L\u00f3pez Ad\u00e1n resalt\u00f3 que la comunidad de la M\u00e1xima Casa de Estudios mexiquense tendr\u00e1 en el gobierno municipal de Huehuetoca un aliado dispuesto a invertir en educaci\u00f3n y generar la sinergia que le permita seguir creciendo.<\/p>\n<p>En tanto, Er\u00e9ndira Fierro Moreno puntualiz\u00f3 que la Administraci\u00f3n 2021-2025 de la Aut\u00f3noma mexiquense se dio a la tarea de fortalecer el equipamiento. \u201cAhora estamos abocados a renovar el del personal administrativo, sumamente valioso para el trabajo cotidiano de la UAEM\u00e9x.<\/p>\n<p>Finalmente, Joel Mart\u00ednez Bello afirm\u00f3 que equipos m\u00e1s modernos permiten a la comunidad verde y oro estar al d\u00eda con los avances tecnol\u00f3gicos y facilitan el acceso a un aprendizaje m\u00e1s inclusivo y de mayor calidad.<\/p>\n<p>\u201cLos laboratorios y aulas de la Unidad Acad\u00e9mica Profesional Huehuetoca son lugares m\u00e1s funcionales y preparados para los retos que plantea el futuro. Estamos en una instituci\u00f3n que responde a los desaf\u00edos del presente y se proyecta hacia el futuro\u201d, concluy\u00f3.<\/p>\n","protected":false},"excerpt":{"rendered":"<p>La Universidad Aut\u00f3noma del Estado de M\u00e9xico (UAEM\u00e9x) trabaja de la mano de los gobiernos municipales, estatal y federal para continuar consolid\u00e1ndose como la mejor universidad p\u00fablica estatal del pa\u00eds, con instalaciones e infraestructura dignas y un ambiente seguro para su comunidad, sostuvo el rector Carlos Eduardo Barrera D\u00edaz.<\/p>\n","protected":false},"author":3,"featured_media":640359,"comment_status":"open","ping_status":"open","sticky":false,"template":"","format":"standard","meta":{"_monsterinsights_skip_tracking":false,"_monsterinsights_sitenote_active":false,"_monsterinsights_sitenote_note":"","_monsterinsights_sitenote_category":0,"footnotes":""},"categories":[5],"tags":[94121,67878],"class_list":["post-640264","post","type-post","status-publish","format-standard","has-post-thumbnail","hentry","category-estado-de-mexico","tag-cebd","tag-uaemex"],"_links":{"self":[{"href":"https:\/\/www.diarioimagen.net\/index.php?rest_route=\/wp\/v2\/posts\/640264","targetHints":{"allow":["GET"]}}],"collection":[{"href":"https:\/\/www.diarioimagen.net\/index.php?rest_route=\/wp\/v2\/posts"}],"about":[{"href":"https:\/\/www.diarioimagen.net\/index.php?rest_route=\/wp\/v2\/types\/post"}],"author":[{"embeddable":true,"href":"https:\/\/www.diarioimagen.net\/index.php?rest_route=\/wp\/v2\/users\/3"}],"replies":[{"embeddable":true,"href":"https:\/\/www.diarioimagen.net\/index.php?rest_route=%2Fwp%2Fv2%2Fcomments&post=640264"}],"version-history":[{"count":0,"href":"https:\/\/www.diarioimagen.net\/index.php?rest_route=\/wp\/v2\/posts\/640264\/revisions"}],"wp:featuredmedia":[{"embeddable":true,"href":"https:\/\/www.diarioimagen.net\/index.php?rest_route=\/wp\/v2\/media\/640359"}],"wp:attachment":[{"href":"https:\/\/www.diarioimagen.net\/index.php?rest_route=%2Fwp%2Fv2%2Fmedia&parent=640264"}],"wp:term":[{"taxonomy":"category","embeddable":true,"href":"https:\/\/www.diarioimagen.net\/index.php?rest_route=%2Fwp%2Fv2%2Fcategories&post=640264"},{"taxonomy":"post_tag","embeddable":true,"href":"https:\/\/www.diarioimagen.net\/index.php?rest_route=%2Fwp%2Fv2%2Ftags&post=640264"}],"curies":[{"name":"wp","href":"https:\/\/api.w.org\/{rel}","templated":true}]}}