{"id":640268,"date":"2024-11-11T00:05:14","date_gmt":"2024-11-11T06:05:14","guid":{"rendered":"https:\/\/www.diarioimagen.net\/?p=640268"},"modified":"2024-11-12T00:13:01","modified_gmt":"2024-11-12T06:13:01","slug":"fomenta-gem-educacion-sexual-en-comunidades-rurales","status":"publish","type":"post","link":"https:\/\/www.diarioimagen.net\/?p=640268","title":{"rendered":"Fomenta GEM educaci\u00f3n sexual en comunidades rurales"},"content":{"rendered":"<p>&nbsp;<\/p>\n<ul>\n<li><em><strong>Jornada l\u00fadico-educativa<\/strong><\/em><\/li>\n<\/ul>\n<p>&nbsp;<\/p>\n<div id=\"attachment_640347\" style=\"width: 470px\" class=\"wp-caption aligncenter\"><img loading=\"lazy\" decoding=\"async\" aria-describedby=\"caption-attachment-640347\" class=\"size-full wp-image-640347\" src=\"https:\/\/www.diarioimagen.net\/wp-content\/uploads\/2024\/11\/fomenta-gem-educacion.jpg\" alt=\"\" width=\"460\" height=\"270\" srcset=\"https:\/\/www.diarioimagen.net\/wp-content\/uploads\/2024\/11\/fomenta-gem-educacion.jpg 460w, https:\/\/www.diarioimagen.net\/wp-content\/uploads\/2024\/11\/fomenta-gem-educacion-240x141.jpg 240w\" sizes=\"auto, (max-width: 460px) 100vw, 460px\" \/><p id=\"caption-attachment-640347\" class=\"wp-caption-text\">La Secretar\u00eda de las Mujeres organiza la Jornada L\u00fadico-Educativa sobre Educaci\u00f3n Integral en Sexualidad, con la asistencia de 300 ni\u00f1as y adolescentes.<\/p><\/div>\n<p>&nbsp;<\/p>\n<p>Donato Guerra, Estado de M\u00e9xico.- El Gobierno del Estado de M\u00e9xico, a trav\u00e9s de la Secretar\u00eda de las Mujeres (SeMujeres) realiz\u00f3 la Jornada L\u00fadico-Educativa sobre Educaci\u00f3n Integral en Sexualidad en el municipio de Donato Guerra, para llevar orientaci\u00f3n sobre derechos de la ni\u00f1ez, diversidad sexual, anticonceptivos, planificaci\u00f3n, prevenci\u00f3n del embarazo, violencia de g\u00e9nero a 300 ni\u00f1as y adolescentes.<\/p>\n<p>M\u00f3nica Ch\u00e1vez Dur\u00e1n, Secretaria de la SeMujeres, afirm\u00f3 que el embarazo adolescente es uno de los mayores desaf\u00edos sociales que impacta a los j\u00f3venes, afectando en ocasiones su salud, educaci\u00f3n y sus oportunidades de desarrollo a lo largo de la vida.<\/p>\n<p>Datos del Instituto Nacional de Estad\u00edstica y Geograf\u00eda (INEGI) del 2023 indican que, en el Estado de M\u00e9xico, se registraron 11 mil 119 nacimientos de madres adolescentes entre 15 y 17 a\u00f1os de edad. En Donato Guerra se registraron 145 nacimientos de madres adolescentes, lo que representa el 19 por ciento del total de nacimientos en el municipio.<\/p>\n<p>Ch\u00e1vez Dur\u00e1n se\u00f1al\u00f3 que los tres \u00f3rdenes de gobierno realizan un trabajo coordinado que contempla acciones integrales, transversales y territoriales que dan informaci\u00f3n adecuada a las ni\u00f1as y adolescentes para que las empoderen, cuiden su salud sexual y reproductiva y entablen relaciones sociales y afectivas basadas en el respeto.<\/p>\n<p>\u201cA ustedes, ni\u00f1as, ni\u00f1os y adolescentes de Donato Guerra quiero recordarles algo importante: su futuro les pertenece y conocer sus derechos es el primer paso para ejercerlos. Y en esta Jornada L\u00fadico-Educativa encontrar\u00e1n conocimientos, habilidades y actitudes para que elijan con responsabilidad y consciencia qu\u00e9 camino desean seguir.<\/p>\n<p>\u201cComo lo ha se\u00f1alado nuestra Gobernadora, la Maestra Delfina G\u00f3mez \u00c1lvarez: juntas y juntos, podemos construir un futuro en el que cada ni\u00f1a y adolescente tenga la oportunidad de desarrollarse plenamente, libres de miedos y barreras\u201d, asever\u00f3 la titular de la SeMujeres.<\/p>\n<p>La orientaci\u00f3n se acerc\u00f3 a trav\u00e9s de 17 m\u00f3dulos informativos y l\u00fadicos integrados por las Secretar\u00edas de las Mujeres, Salud, Seguridad, DIFEM, SIPINNA, CODHEM, UAEM\u00e9x, y la fundaci\u00f3n Fuera del Closet, AC.<\/p>\n","protected":false},"excerpt":{"rendered":"<p>Donato Guerra, Estado de M\u00e9xico.- El Gobierno del Estado de M\u00e9xico, a trav\u00e9s de la Secretar\u00eda de las Mujeres (SeMujeres) realiz\u00f3 la Jornada L\u00fadico-Educativa sobre Educaci\u00f3n Integral en Sexualidad en el municipio de Donato Guerra, para llevar orientaci\u00f3n sobre derechos de la ni\u00f1ez, diversidad sexual, anticonceptivos, planificaci\u00f3n, prevenci\u00f3n del embarazo, violencia de g\u00e9nero a 300 ni\u00f1as y adolescentes.<\/p>\n","protected":false},"author":3,"featured_media":640347,"comment_status":"open","ping_status":"open","sticky":false,"template":"","format":"standard","meta":{"_monsterinsights_skip_tracking":false,"_monsterinsights_sitenote_active":false,"_monsterinsights_sitenote_note":"","_monsterinsights_sitenote_category":0,"footnotes":""},"categories":[5,99730],"tags":[80681,1720,78223],"class_list":["post-640268","post","type-post","status-publish","format-standard","has-post-thumbnail","hentry","category-estado-de-mexico","category-edomex","tag-comunidades-rurales","tag-gem","tag-sexual"],"_links":{"self":[{"href":"https:\/\/www.diarioimagen.net\/index.php?rest_route=\/wp\/v2\/posts\/640268","targetHints":{"allow":["GET"]}}],"collection":[{"href":"https:\/\/www.diarioimagen.net\/index.php?rest_route=\/wp\/v2\/posts"}],"about":[{"href":"https:\/\/www.diarioimagen.net\/index.php?rest_route=\/wp\/v2\/types\/post"}],"author":[{"embeddable":true,"href":"https:\/\/www.diarioimagen.net\/index.php?rest_route=\/wp\/v2\/users\/3"}],"replies":[{"embeddable":true,"href":"https:\/\/www.diarioimagen.net\/index.php?rest_route=%2Fwp%2Fv2%2Fcomments&post=640268"}],"version-history":[{"count":0,"href":"https:\/\/www.diarioimagen.net\/index.php?rest_route=\/wp\/v2\/posts\/640268\/revisions"}],"wp:featuredmedia":[{"embeddable":true,"href":"https:\/\/www.diarioimagen.net\/index.php?rest_route=\/wp\/v2\/media\/640347"}],"wp:attachment":[{"href":"https:\/\/www.diarioimagen.net\/index.php?rest_route=%2Fwp%2Fv2%2Fmedia&parent=640268"}],"wp:term":[{"taxonomy":"category","embeddable":true,"href":"https:\/\/www.diarioimagen.net\/index.php?rest_route=%2Fwp%2Fv2%2Fcategories&post=640268"},{"taxonomy":"post_tag","embeddable":true,"href":"https:\/\/www.diarioimagen.net\/index.php?rest_route=%2Fwp%2Fv2%2Ftags&post=640268"}],"curies":[{"name":"wp","href":"https:\/\/api.w.org\/{rel}","templated":true}]}}