{"id":640270,"date":"2024-11-11T00:02:30","date_gmt":"2024-11-11T06:02:30","guid":{"rendered":"https:\/\/www.diarioimagen.net\/?p=640270"},"modified":"2024-11-11T04:42:09","modified_gmt":"2024-11-11T10:42:09","slug":"festejan-a-miles-de-trabajadores-del-suteym-por-dia-del-sindicalizado","status":"publish","type":"post","link":"https:\/\/www.diarioimagen.net\/?p=640270","title":{"rendered":"Festejan a miles de trabajadores del SUTEyM por \u201cD\u00eda del Sindicalizado\u201d"},"content":{"rendered":"<p>&nbsp;<\/p>\n<ul>\n<li><em><strong>Tom\u00e1s Palomares agradeci\u00f3 muestras de apoyo<\/strong><\/em><\/li>\n<\/ul>\n<p><strong>\u00a0<\/strong><\/p>\n<h6>Arturo Baena<\/h6>\n<p>&nbsp;<\/p>\n<div id=\"attachment_640332\" style=\"width: 470px\" class=\"wp-caption aligncenter\"><img loading=\"lazy\" decoding=\"async\" aria-describedby=\"caption-attachment-640332\" class=\"size-full wp-image-640332\" src=\"https:\/\/www.diarioimagen.net\/wp-content\/uploads\/2024\/11\/festejan-a-miles-de-trabajadores.jpg\" alt=\"\" width=\"460\" height=\"270\" srcset=\"https:\/\/www.diarioimagen.net\/wp-content\/uploads\/2024\/11\/festejan-a-miles-de-trabajadores.jpg 460w, https:\/\/www.diarioimagen.net\/wp-content\/uploads\/2024\/11\/festejan-a-miles-de-trabajadores-240x141.jpg 240w\" sizes=\"auto, (max-width: 460px) 100vw, 460px\" \/><p id=\"caption-attachment-640332\" class=\"wp-caption-text\">La dirigencia del SUTEyM, que encabeza Tom\u00e1s Palomares Parra, en Naucalpan, festej\u00f3 el \u201cD\u00eda del Sindicalizado\u201d en las instalaciones del Parque Naucalli.<\/p><\/div>\n<p>&nbsp;<\/p>\n<p><strong>Naucalpan, Estado de M\u00e9xico.\u2014<\/strong> Con la rifa de autos, viajes, refrigeradores, pantallas, diversos\u00a0 electrodom\u00e9sticos y una casa, fue que la dirigencia del SUTEyM, que encabeza Tom\u00e1s Palomares Parra, en esta localidad, se festej\u00f3 el \u201cD\u00eda del Sindicalizado\u201d en las instalaciones del Parque Naucalli.<\/p>\n<p>Al grito de \u201cTom\u00e1s,\u00a0 Tom\u00e1s, Tom\u00e1s\u201d y \u201cSuteym, Suteym,\u00a0 Suteym\u201d, miles de trabajadores de las diversas \u00e1reas de este municipio agradecieron la celebraci\u00f3n en su d\u00eda, los cuales refrendaron su apoyo y confianza hacia su dirigencia.<\/p>\n<p>En respuesta, y a trav\u00e9s de un video, el dirigente sindical Tom\u00e1s Palomares agradeci\u00f3 a la clase trabajadora, las muestras de apoyo recibidas hacia su persona, para su pronta recuperaci\u00f3n de salud y les adelant\u00f3 que en breve tiempo estar\u00eda de regreso para seguir trabajando de la mano de los suteymistas.<\/p>\n<p>Correspondi\u00f3 a David y a Juanita Parra S\u00e1nchez, en su calidad de asesor general y ex dirigente suteymista, dar inicio a los festejos del \u201cD\u00eda del Sindicalizado\u201d, quienes, a nombre del dirigente municipal, agradecieron a Herminio Cahue, Secretario General del SUTEyM en la entidad mexiquense, todo el respaldo hacia Tom\u00e1s Palomares y a los agremiados de ese municipio.<\/p>\n<p>Mientras tanto, la presidenta municipal, Ang\u00e9lica Moya Mar\u00edn, felicit\u00f3 a la clase trabajadora del\u00a0 SUTEyM, quienes son el motor de su administraci\u00f3n y refrend\u00f3 su compromiso de trabajar en conjunto siempre en favor de las familias naucalpenses.<\/p>\n","protected":false},"excerpt":{"rendered":"<p>Con la rifa de autos, viajes, refrigeradores, pantallas, diversos\u00a0 electrodom\u00e9sticos y una casa, fue que la dirigencia del SUTEyM, que encabeza Tom\u00e1s Palomares Parra, en esta localidad, se festej\u00f3 el \u201cD\u00eda del Sindicalizado\u201d en las instalaciones del Parque Naucalli.<\/p>\n","protected":false},"author":3,"featured_media":640332,"comment_status":"open","ping_status":"open","sticky":false,"template":"","format":"standard","meta":{"_monsterinsights_skip_tracking":false,"_monsterinsights_sitenote_active":false,"_monsterinsights_sitenote_note":"","_monsterinsights_sitenote_category":0,"footnotes":""},"categories":[5],"tags":[101204,15094,2572],"class_list":["post-640270","post","type-post","status-publish","format-standard","has-post-thumbnail","hentry","category-estado-de-mexico","tag-dia-del-sindicalizado","tag-dirigencia","tag-suteym"],"_links":{"self":[{"href":"https:\/\/www.diarioimagen.net\/index.php?rest_route=\/wp\/v2\/posts\/640270","targetHints":{"allow":["GET"]}}],"collection":[{"href":"https:\/\/www.diarioimagen.net\/index.php?rest_route=\/wp\/v2\/posts"}],"about":[{"href":"https:\/\/www.diarioimagen.net\/index.php?rest_route=\/wp\/v2\/types\/post"}],"author":[{"embeddable":true,"href":"https:\/\/www.diarioimagen.net\/index.php?rest_route=\/wp\/v2\/users\/3"}],"replies":[{"embeddable":true,"href":"https:\/\/www.diarioimagen.net\/index.php?rest_route=%2Fwp%2Fv2%2Fcomments&post=640270"}],"version-history":[{"count":0,"href":"https:\/\/www.diarioimagen.net\/index.php?rest_route=\/wp\/v2\/posts\/640270\/revisions"}],"wp:featuredmedia":[{"embeddable":true,"href":"https:\/\/www.diarioimagen.net\/index.php?rest_route=\/wp\/v2\/media\/640332"}],"wp:attachment":[{"href":"https:\/\/www.diarioimagen.net\/index.php?rest_route=%2Fwp%2Fv2%2Fmedia&parent=640270"}],"wp:term":[{"taxonomy":"category","embeddable":true,"href":"https:\/\/www.diarioimagen.net\/index.php?rest_route=%2Fwp%2Fv2%2Fcategories&post=640270"},{"taxonomy":"post_tag","embeddable":true,"href":"https:\/\/www.diarioimagen.net\/index.php?rest_route=%2Fwp%2Fv2%2Ftags&post=640270"}],"curies":[{"name":"wp","href":"https:\/\/api.w.org\/{rel}","templated":true}]}}