{"id":640272,"date":"2024-11-11T00:01:59","date_gmt":"2024-11-11T06:01:59","guid":{"rendered":"https:\/\/www.diarioimagen.net\/?p=640272"},"modified":"2024-11-11T04:39:25","modified_gmt":"2024-11-11T10:39:25","slug":"entregan-armamento-a-integrantes-de-la-policia-de-atizapan-de-zaragoza","status":"publish","type":"post","link":"https:\/\/www.diarioimagen.net\/?p=640272","title":{"rendered":"Entregan armamento a integrantes de la polic\u00eda de Atizap\u00e1n de Zaragoza"},"content":{"rendered":"<p>&nbsp;<\/p>\n<ul>\n<li><span style=\"text-decoration: underline;\"><em><strong>Dignificaci\u00f3n de uniformados<\/strong><\/em><\/span><\/li>\n<\/ul>\n<p>&nbsp;<\/p>\n<div id=\"attachment_640320\" style=\"width: 470px\" class=\"wp-caption aligncenter\"><img loading=\"lazy\" decoding=\"async\" aria-describedby=\"caption-attachment-640320\" class=\"size-full wp-image-640320\" src=\"https:\/\/www.diarioimagen.net\/wp-content\/uploads\/2024\/11\/entregan-armamento.jpg\" alt=\"\" width=\"460\" height=\"270\" srcset=\"https:\/\/www.diarioimagen.net\/wp-content\/uploads\/2024\/11\/entregan-armamento.jpg 460w, https:\/\/www.diarioimagen.net\/wp-content\/uploads\/2024\/11\/entregan-armamento-240x141.jpg 240w\" sizes=\"auto, (max-width: 460px) 100vw, 460px\" \/><p id=\"caption-attachment-640320\" class=\"wp-caption-text\">En la Entrega de Armamento 2024 se proporcionaron 45 armas cortas y 45 largas de fabricaci\u00f3n israel\u00ed a casi un centenar de agentes de Polic\u00eda Municipal de Atizap\u00e1n.<\/p><\/div>\n<p>&nbsp;<\/p>\n<p><strong>Atizap\u00e1n de Zaragoza, Estado de M\u00e9xico.\u2014<\/strong> Como parte de la dignificaci\u00f3n y profesionalizaci\u00f3n de la polic\u00eda de Atizap\u00e1n de Zaragoza, el alcalde Pedro Rodr\u00edguez Villegas, y el Director de Seguridad P\u00fablica y Tr\u00e1nsito Municipal, Fabi\u00e1n Ricardo G\u00f3mez Calc\u00e1neo, entregaron nuevo armamento a elementos de la corporaci\u00f3n atizapense.<\/p>\n<p>En el marco de la ceremonia Entrega de Armamento 2024, se proporcionaron 45 armas cortas y 45 largas de fabricaci\u00f3n israel\u00ed a casi un centenar de agentes de Polic\u00eda para desarrollar de manera m\u00e1s efectiva las tareas a su cargo en el territorio municipal.<\/p>\n<p>Ante s\u00edndicos, regidores y directores de las diversas \u00e1reas de la administraci\u00f3n municipal, el alcalde reconoci\u00f3 las labores que la corporaci\u00f3n ha realizado a lo largo de dos a\u00f1os y diez meses para colocar al municipio como el m\u00e1s seguro del Estado de M\u00e9xico que, de acuerdo con cifras de la Encuesta Nacional de Seguridad P\u00fablica Urbana (ENSU) publicada por el Instituto Nacional de Estad\u00edstica y Geograf\u00eda (INEGI), pas\u00f3 del 75% al 50.6% la percepci\u00f3n de inseguridad por parte de las y los ciudadanos.<\/p>\n<p>\u201cRecordar\u00e1n que a nuestra llegada Atizap\u00e1n era uno de los municipios m\u00e1s inseguros del Estado de M\u00e9xico, hoy reconozco la gran labor que han realizado todos y cada uno de ustedes. Reconozco la labor del Comisario Fabi\u00e1n, su entrega y entusiasmo, el dinamismo que tiene y que ha puesto en esta corporaci\u00f3n. Uno de los aspectos m\u00e1s importantes ha sido la capacitaci\u00f3n. Otro punto fundamental es la dignificaci\u00f3n que se ha dado a la corporaci\u00f3n\u201d, destac\u00f3 Rodr\u00edguez Villegas.<\/p>\n<p>Agreg\u00f3 que otro de los \u00edndices m\u00e1s significativos que han ido a la baja en el Municipio es del delito de robo de veh\u00edculo, por las estrategias que se han llevado a cabo a trav\u00e9s del aprovechamiento de la tecnolog\u00eda, la forma de trabajo y el despliegue de los elementos en campo.<\/p>\n<p>En meses pasados, de acuerdo con informaci\u00f3n de la Fiscal\u00eda General de Justicia del Estado de M\u00e9xico (FGJEM), el trabajo en materia de robo de veh\u00edculos disminuy\u00f3 en un 76.2 por ciento en menos de tres a\u00f1os.<\/p>\n","protected":false},"excerpt":{"rendered":"<p>Como parte de la dignificaci\u00f3n y profesionalizaci\u00f3n de la polic\u00eda de Atizap\u00e1n de Zaragoza, el alcalde Pedro Rodr\u00edguez Villegas, y el Director de Seguridad P\u00fablica y Tr\u00e1nsito Municipal, Fabi\u00e1n Ricardo G\u00f3mez Calc\u00e1neo, entregaron nuevo armamento a elementos de la corporaci\u00f3n atizapense.<\/p>\n","protected":false},"author":3,"featured_media":640320,"comment_status":"open","ping_status":"open","sticky":false,"template":"","format":"standard","meta":{"_monsterinsights_skip_tracking":false,"_monsterinsights_sitenote_active":false,"_monsterinsights_sitenote_note":"","_monsterinsights_sitenote_category":0,"footnotes":""},"categories":[5],"tags":[3561,43675,4188],"class_list":["post-640272","post","type-post","status-publish","format-standard","has-post-thumbnail","hentry","category-estado-de-mexico","tag-atizapan-de-zaragoza","tag-estado-de-mexico","tag-transito"],"_links":{"self":[{"href":"https:\/\/www.diarioimagen.net\/index.php?rest_route=\/wp\/v2\/posts\/640272","targetHints":{"allow":["GET"]}}],"collection":[{"href":"https:\/\/www.diarioimagen.net\/index.php?rest_route=\/wp\/v2\/posts"}],"about":[{"href":"https:\/\/www.diarioimagen.net\/index.php?rest_route=\/wp\/v2\/types\/post"}],"author":[{"embeddable":true,"href":"https:\/\/www.diarioimagen.net\/index.php?rest_route=\/wp\/v2\/users\/3"}],"replies":[{"embeddable":true,"href":"https:\/\/www.diarioimagen.net\/index.php?rest_route=%2Fwp%2Fv2%2Fcomments&post=640272"}],"version-history":[{"count":0,"href":"https:\/\/www.diarioimagen.net\/index.php?rest_route=\/wp\/v2\/posts\/640272\/revisions"}],"wp:featuredmedia":[{"embeddable":true,"href":"https:\/\/www.diarioimagen.net\/index.php?rest_route=\/wp\/v2\/media\/640320"}],"wp:attachment":[{"href":"https:\/\/www.diarioimagen.net\/index.php?rest_route=%2Fwp%2Fv2%2Fmedia&parent=640272"}],"wp:term":[{"taxonomy":"category","embeddable":true,"href":"https:\/\/www.diarioimagen.net\/index.php?rest_route=%2Fwp%2Fv2%2Fcategories&post=640272"},{"taxonomy":"post_tag","embeddable":true,"href":"https:\/\/www.diarioimagen.net\/index.php?rest_route=%2Fwp%2Fv2%2Ftags&post=640272"}],"curies":[{"name":"wp","href":"https:\/\/api.w.org\/{rel}","templated":true}]}}