{"id":640276,"date":"2024-11-11T00:03:58","date_gmt":"2024-11-11T06:03:58","guid":{"rendered":"https:\/\/www.diarioimagen.net\/?p=640276"},"modified":"2024-11-11T04:43:19","modified_gmt":"2024-11-11T10:43:19","slug":"expresa-enrique-vargas-su-desacuerdo-en-contra-de-rosario-piedra","status":"publish","type":"post","link":"https:\/\/www.diarioimagen.net\/?p=640276","title":{"rendered":"Expresa Enrique Vargas su desacuerdo en contra de Rosario Piedra"},"content":{"rendered":"<p>&nbsp;<\/p>\n<p><img loading=\"lazy\" decoding=\"async\" class=\"aligncenter size-full wp-image-640337\" src=\"https:\/\/www.diarioimagen.net\/wp-content\/uploads\/2024\/11\/expresa-enrique.jpg\" alt=\"\" width=\"460\" height=\"270\" srcset=\"https:\/\/www.diarioimagen.net\/wp-content\/uploads\/2024\/11\/expresa-enrique.jpg 460w, https:\/\/www.diarioimagen.net\/wp-content\/uploads\/2024\/11\/expresa-enrique-240x141.jpg 240w\" sizes=\"auto, (max-width: 460px) 100vw, 460px\" \/><\/p>\n<p>&nbsp;<\/p>\n<p><strong>Valle de M\u00e9xico.\u2014 <\/strong>El senador panista Enrique Vargas del Villar expres\u00f3 su desacuerdo con la posible reelecci\u00f3n de Rosario Piedra Ibarra como Presidenta de la Comisi\u00f3n Nacional de los Derechos Humanos (CNDH), citando deficiencias en su desempe\u00f1o y acus\u00e1ndola de no cumplir con la misi\u00f3n de proteger y defender los derechos humanos en el pa\u00eds.<\/p>\n<p>Antes de la votaci\u00f3n en las Comisiones Unidas de Derechos Humanos y Justicia para elegir la terna final de candidatos, Vargas del Villar calific\u00f3 de preocupante que Piedra Ibarra figure entre los postulantes, se\u00f1alando que su gesti\u00f3n se ha visto marcada por renuncias en el Consejo Consultivo de la CNDH.<\/p>\n","protected":false},"excerpt":{"rendered":"<p>El senador panista Enrique Vargas del Villar expres\u00f3 su desacuerdo con la posible reelecci\u00f3n de Rosario Piedra Ibarra como Presidenta de la Comisi\u00f3n Nacional de los Derechos Humanos (CNDH), citando deficiencias en su desempe\u00f1o y acus\u00e1ndola de no cumplir con la misi\u00f3n de proteger y defender los derechos humanos en el pa\u00eds.<\/p>\n","protected":false},"author":3,"featured_media":640337,"comment_status":"open","ping_status":"open","sticky":false,"template":"","format":"standard","meta":{"_monsterinsights_skip_tracking":false,"_monsterinsights_sitenote_active":false,"_monsterinsights_sitenote_note":"","_monsterinsights_sitenote_category":0,"footnotes":""},"categories":[5],"tags":[47218,88585],"class_list":["post-640276","post","type-post","status-publish","format-standard","has-post-thumbnail","hentry","category-estado-de-mexico","tag-enrique-vargas-del-villar","tag-rosario-piedra-ibarra"],"_links":{"self":[{"href":"https:\/\/www.diarioimagen.net\/index.php?rest_route=\/wp\/v2\/posts\/640276","targetHints":{"allow":["GET"]}}],"collection":[{"href":"https:\/\/www.diarioimagen.net\/index.php?rest_route=\/wp\/v2\/posts"}],"about":[{"href":"https:\/\/www.diarioimagen.net\/index.php?rest_route=\/wp\/v2\/types\/post"}],"author":[{"embeddable":true,"href":"https:\/\/www.diarioimagen.net\/index.php?rest_route=\/wp\/v2\/users\/3"}],"replies":[{"embeddable":true,"href":"https:\/\/www.diarioimagen.net\/index.php?rest_route=%2Fwp%2Fv2%2Fcomments&post=640276"}],"version-history":[{"count":0,"href":"https:\/\/www.diarioimagen.net\/index.php?rest_route=\/wp\/v2\/posts\/640276\/revisions"}],"wp:featuredmedia":[{"embeddable":true,"href":"https:\/\/www.diarioimagen.net\/index.php?rest_route=\/wp\/v2\/media\/640337"}],"wp:attachment":[{"href":"https:\/\/www.diarioimagen.net\/index.php?rest_route=%2Fwp%2Fv2%2Fmedia&parent=640276"}],"wp:term":[{"taxonomy":"category","embeddable":true,"href":"https:\/\/www.diarioimagen.net\/index.php?rest_route=%2Fwp%2Fv2%2Fcategories&post=640276"},{"taxonomy":"post_tag","embeddable":true,"href":"https:\/\/www.diarioimagen.net\/index.php?rest_route=%2Fwp%2Fv2%2Ftags&post=640276"}],"curies":[{"name":"wp","href":"https:\/\/api.w.org\/{rel}","templated":true}]}}