{"id":640363,"date":"2024-11-11T00:02:37","date_gmt":"2024-11-11T06:02:37","guid":{"rendered":"https:\/\/www.diarioimagen.net\/?p=640363"},"modified":"2024-11-11T04:56:30","modified_gmt":"2024-11-11T10:56:30","slug":"evelyn-salgado-antes-se-escondia-ahora-canta","status":"publish","type":"post","link":"https:\/\/www.diarioimagen.net\/?p=640363","title":{"rendered":"Evelyn Salgado, antes se escond\u00eda, ahora canta"},"content":{"rendered":"<h2>La Retaguardia<\/h2>\n<h5>Adriana Moreno Cordero<\/h5>\n<p>&nbsp;<\/p>\n<ul>\n<li><strong><em>\u00bfA Jorge Romero, le beneficia o le perjudica el apoyo de Marko Cort\u00e9s?<\/em><\/strong><\/li>\n<\/ul>\n<p><em>\u00a0<\/em><\/p>\n<p>El fin de semana, la presidenta <strong>Claudia Sheinbaum Pardo<\/strong> estuvo en Zacatecas, una de las entidades asoladas por la delincuencia organizada y, curiosamente, se dio a la tarea de dar su respaldo ni m\u00e1s ni menos que al gobernador de ese estado, <strong>David Monreal,<\/strong> y hasta se atrevi\u00f3 a decir que gracias a los \u201cbuenos oficios\u201d del mandatario estatal la inseguridad ha disminuido en la regi\u00f3n m\u00e1s que en otros lugares. \u00bfSer\u00e1?<\/p>\n<p>\u00bfSer\u00e1 acaso tambi\u00e9n que como Zacatecas ha quedado relegada en el tema por entidades como Sinaloa, Guerrero y Michoac\u00e1n, gobernadas por morenistas, que se encuentran verdaderamente convulsionadas, la jefa del Ejecutivo apoya al gobernador zacatecano?<\/p>\n<p>Espec\u00edficamente, la Presidenta dijo: \u201cQuiero agradecer al gobernador, a David Monreal, realmente quiero hacer un reconocimiento p\u00fablico de su trabajo, a veces es muy f\u00e1cil criticar en momentos dif\u00edciles, por ejemplo de inseguridad en Zacatecas, es m\u00e1s dif\u00edcil reconocer el trabajo que se ha hecho para disminuir la violencia y construir la paz en Zacatecas y eso lo he hecho David Monreal\u201d. Bueno, en fin.<\/p>\n<p>Desde luego que el presidente de la Junta de Coordinaci\u00f3n Pol\u00edtica (Jucopo) de la C\u00e1mara de Diputados, <strong>Ricardo Monreal<\/strong>, estuvo presente en tierras zacatecanas y acus\u00f3 recibo de las porras que Sheinbaum le ech\u00f3 a su hermano y por eso quiso devolver la deferencia a la voz de que los diputados de Morena apoyar\u00e1n todas las iniciativas de Sheinbaum. Aqu\u00ed una pregunta no sobra: \u00bfser\u00e1 como lo han hecho hasta ahorita, v\u00eda \u201cfast-track?\u201d, sobre las rodillas y sin leerlas?<\/p>\n<p>Hay que recordar, ahora que la jefa del Ejecutivo anda tan apoyadora, antes hizo p\u00fablico su apoyo al cuestionado gobernador de Sinaloa, <strong>Rub\u00e9n Rocha Moya,<\/strong> e incluso, gir\u00f3 sus apreciables instrucciones para que los legisladores de Morena le hicieran p\u00fablico tambi\u00e9n su respaldo total, defendiendo lo indefendible y con todo y esto, lo apapacharan.<\/p>\n<p>Es muy usual tambi\u00e9n, por cierto, que la mandataria de M\u00e9xico, en sus llamadas ma\u00f1aneras del pueblo, tienda a evadir el tema de la inseguridad que priva en la mayor parte del pa\u00eds y hasta se ha empezado a cuestionar al secretario de Seguridad y Protecci\u00f3n Ciudadana, <strong>Omar Garc\u00eda Harfuch<\/strong>, que goza todav\u00eda de las preferencias de la ciudadan\u00eda, porque hasta ahorita, ha guardado un bajo perfil y despu\u00e9s de la visita que realiz\u00f3 a Sinaloa, no se ha visto nada m\u00e1s.<\/p>\n<p>Adem\u00e1s, si Sheinbaum ya va a empezar a \u201capapachar\u201d gobernadores, entonces, \u00bfpor qu\u00e9 no sali\u00f3 a la defensa de la flamante gobernadora de Guerrero, <strong>Evelyn Salgado<\/strong>?<\/p>\n<p>Lo anterior viene a cuento porque ha sido ampliamente difundido lo que estaba haciendo mientras en Chilpancingo se hallaron 11 cuerpos de una familia de 17 integrantes originaria de Chautipan y hab\u00edan sido reportados como desaparecidos.<\/p>\n<p>El video en el que la se\u00f1ora Salgado Pineda est\u00e1 cantando (y lo hace bastante mal) con el \u201cCoque\u201d Mu\u00f1iz en el flamante Centro Cultural el Parten\u00f3n pone en evidencia a la mandataria estatal, a quien ya se le va haciendo costumbre verse rebasada por la dram\u00e1tica realidad que vive su estado. Antes se escond\u00eda, ahora canta.<\/p>\n<p>Retomando, \u00bfpor qu\u00e9 entonces no sali\u00f3 a defenderla la Presidenta?<\/p>\n<p>Y en el colmo, Evelin Salgado se vio bastante osada y sali\u00f3 a decir que la difusi\u00f3n del referido video era parte de una \u201cguerra sucia\u201d, de una campa\u00f1a en su contra, \u201cno van a detener el impulso, la voluntad de todo un pueblo. Inventaron much\u00edsimas cosas. Ah\u00ed anda un video, me tomaron una foto&#8230;yo no soy cantante, yo soy gobernadora\u201d. Bueno, aqu\u00ed la pregunta l\u00f3gica es: \u00bfpara qu\u00e9 se pone a cantar si, adem\u00e1s, lo hace tan mal?<\/p>\n<p>Lo anterior, a pesar de que por en\u00e9sima ocasi\u00f3n el senador F\u00e9lix Salgado Macedonio sali\u00f3 a la defensa de su hija con una burda votaci\u00f3n a mano alzada -como las hac\u00eda Andr\u00e9s Manuel L\u00f3pez Obrador- para saber, no c\u00f3mo est\u00e1 la inseguridad en Guerrero, sino para, seg\u00fan \u00e9l, con una pregunta inducida, calificar c\u00f3mo canta su hija.<\/p>\n<p>Ahora s\u00ed que como dice la canci\u00f3n que mal enton\u00f3 Salgado Pineda, \u201cSi nos dejan\u201d, solo habr\u00eda que agregar; y si no, tambi\u00e9n.<\/p>\n<p style=\"text-align: center;\"><strong>Municiones<\/strong><\/p>\n<p>*** Al momento de escribir estas l\u00edneas, la elecci\u00f3n para renovar la dirigencia del PAN, hab\u00eda transcurrido sin incidentes y en un clima dir\u00edase que hasta de tranquilidad. Los dos candidatos asistieron a votar, uno, <strong>Jorge Romero<\/strong>, en la alcald\u00eda que gobern\u00f3, Benito Ju\u00e1rez, mientras que <strong>Adriana D\u00e1vila<\/strong> lo hizo en Apizaco, Tlaxcala. No obstante, desde la v\u00edspera de estas elecciones se comentaba que quien supuestamente se llevar\u00eda la victoria ser\u00eda Romero, que es un candidato m\u00e1s expuesto a los medios y tiene m\u00e1s contacto con la c\u00fapula albiceleste; de hecho, el diputado con licencia es la carta fuerte ni m\u00e1s ni menos que del todav\u00eda dirigente, <strong>Marko Cort\u00e9s<\/strong>, que \u00faltimamente no est\u00e1 viviendo sus mejores tiempos y mucha es la militancia que no deja de cuestionarlo, no s\u00f3lo por su viaje a Madrid, sino por otras cuentas pendientes que tiene con sus propios correligionarios, por eso, habr\u00e1 que ver si la \u201cbendici\u00f3n\u201d de Cort\u00e9s le ayuda o le perjudica al ex delegado en Benito Ju\u00e1rez. Sin embargo, no hab\u00eda que descartar a Adriana D\u00e1vila que como legisladora, fue bastante combativa y dice apostarle a la reconstrucci\u00f3n de Acci\u00f3n Nacional y ah\u00ed est\u00e1 como prueba lo que declar\u00f3 una vez que emiti\u00f3 su voto: \u201cTiene que regresar la democracia al PAN. Esta es la \u00faltima oportunidad que tenemos para que Acci\u00f3n Nacional sea la oposici\u00f3n que M\u00e9xico necesita y la opci\u00f3n de Gobierno que esperan millones de ciudadanos\u201d.<\/p>\n<p>*** Los bancos que operan en M\u00e9xico mantienen un gran negocio que se refleja en sus ganancias, por ello, el coordinador de la bancada del PRI en la C\u00e1mara de Diputados, <strong>Rub\u00e9n Moreira Valdez<\/strong> afirm\u00f3 que para proteger a los usuarios de los servicios financieros se requiere bajar las comisiones bancarias, que de enero a agosto de este a\u00f1o reportan ingresos de casi 170 mil millones de pesos. En su programa, \u201cCon Peras, Manzanas y Naranjas\u201d, y acompa\u00f1ado del economista <strong>Mario Di Costanzo<\/strong> y del abogado <strong>Miguel \u00c1ngel Sulub<\/strong>, el l\u00edder congresista asegur\u00f3 que hay bancos beneficiarios del Fondo Bancario de Protecci\u00f3n al Ahorro (Fobaproa) que son los mismos que tienen grandes ganancias, raz\u00f3n por la cual cuidan su chequera y no van a hacer nada que vaya en contra de sus intereses.<\/p>\n<p><u><a href=\"mailto:morcora@gmail.com\" target=\"_blank\" rel=\"noopener noreferrer\"><em>morcora@gmail.com<\/em><\/a><\/u><\/p>\n","protected":false},"excerpt":{"rendered":"<p><span style=\"color: #005497;\"><strong>Adriana Moreno Cordero<\/strong><\/span><\/p>\n","protected":false},"author":3,"featured_media":0,"comment_status":"open","ping_status":"open","sticky":false,"template":"","format":"standard","meta":{"_monsterinsights_skip_tracking":false,"_monsterinsights_sitenote_active":false,"_monsterinsights_sitenote_note":"","_monsterinsights_sitenote_category":0,"footnotes":""},"categories":[69370],"tags":[69369,69368,43674],"class_list":["post-640363","post","type-post","status-publish","format-standard","hentry","category-adriana-moreno-cordero","tag-adriana-moreno-cordero","tag-la-retaguardia","tag-opinion"],"_links":{"self":[{"href":"https:\/\/www.diarioimagen.net\/index.php?rest_route=\/wp\/v2\/posts\/640363","targetHints":{"allow":["GET"]}}],"collection":[{"href":"https:\/\/www.diarioimagen.net\/index.php?rest_route=\/wp\/v2\/posts"}],"about":[{"href":"https:\/\/www.diarioimagen.net\/index.php?rest_route=\/wp\/v2\/types\/post"}],"author":[{"embeddable":true,"href":"https:\/\/www.diarioimagen.net\/index.php?rest_route=\/wp\/v2\/users\/3"}],"replies":[{"embeddable":true,"href":"https:\/\/www.diarioimagen.net\/index.php?rest_route=%2Fwp%2Fv2%2Fcomments&post=640363"}],"version-history":[{"count":0,"href":"https:\/\/www.diarioimagen.net\/index.php?rest_route=\/wp\/v2\/posts\/640363\/revisions"}],"wp:attachment":[{"href":"https:\/\/www.diarioimagen.net\/index.php?rest_route=%2Fwp%2Fv2%2Fmedia&parent=640363"}],"wp:term":[{"taxonomy":"category","embeddable":true,"href":"https:\/\/www.diarioimagen.net\/index.php?rest_route=%2Fwp%2Fv2%2Fcategories&post=640363"},{"taxonomy":"post_tag","embeddable":true,"href":"https:\/\/www.diarioimagen.net\/index.php?rest_route=%2Fwp%2Fv2%2Ftags&post=640363"}],"curies":[{"name":"wp","href":"https:\/\/api.w.org\/{rel}","templated":true}]}}