{"id":640372,"date":"2024-11-11T00:00:55","date_gmt":"2024-11-11T06:00:55","guid":{"rendered":"https:\/\/www.diarioimagen.net\/?p=640372"},"modified":"2024-11-15T01:11:13","modified_gmt":"2024-11-15T07:11:13","slug":"cancun-amplia-conectividad-aerea","status":"publish","type":"post","link":"https:\/\/www.diarioimagen.net\/?p=640372","title":{"rendered":"Canc\u00fan ampl\u00eda conectividad a\u00e9rea"},"content":{"rendered":"<h2>Hora 14<\/h2>\n<h5>Mauricio Conde Olivares<\/h5>\n<p>&nbsp;<\/p>\n<p>Al haber sido publicada en el Peri\u00f3dico Oficial del Estado de Quintana Roo, la Presidenta Municipal de Benito Ju\u00e1rez, Ana Paty Peralta, subray\u00f3 que la entrada en vigor del cambio de nombre de Secretar\u00eda Municipal de Desarrollo Social y Econ\u00f3mico a Secretar\u00eda Municipal de Bienestar, permitir\u00e1 redoblar los esfuerzos para la aplicaci\u00f3n de programas y pol\u00edticas p\u00fablicas enfocadas a los grupos vulnerables.<\/p>\n<p>\u201cEl ajuste parte del principio de ser un gobierno cercano a la gente, con identidad y sobre todo un gobierno accesible, que sea por y para el pueblo\u201d, dijo desde Canc\u00fan.<\/p>\n<p>Record\u00f3 que la iniciativa con diversas reformas a ordenamientos municipales para hacer la modificaci\u00f3n de nombre fue aprobada en el marco de la Septuag\u00e9sima Tercera Sesi\u00f3n Ordinaria, el pasado 27 de septiembre, para que la dependencia cuente con una nueva estructura org\u00e1nica, como estandarte de la administraci\u00f3n, a fin de que las unidades administrativas adscritas a esa dependencia est\u00e9n enfocadas al bienestar social, en uni\u00f3n y gracias al trabajo coordinado de varias instancias.<\/p>\n<p>De esta forma, Ana Paty Peralta agreg\u00f3 que se reforzar\u00e1n acciones a favor de rubros como: econom\u00eda, salud, desarrollo social, participaci\u00f3n ciudadana, educaci\u00f3n, derechos en ni\u00f1as, ni\u00f1os y adolescentes, de acceso a una vida libre de violencia, igualdad entre hombres y mujeres, de atenci\u00f3n a grupos prioritarios y etarios, prevenci\u00f3n y eliminaci\u00f3n de la discriminaci\u00f3n, enfoque de derechos humanos, dignificaci\u00f3n laboral, cohesi\u00f3n social y diversidad sexual, a fin de crear una sociedad con igualdad de oportunidades sobre todo en aquellos grupos que han sido excluidos.<\/p>\n<p>Tambi\u00e9n reiter\u00f3 que el Ayuntamiento de Benito Ju\u00e1rez se ha pronunciado a favor de las acciones y estrategias de la Agenda 2030, por lo que adopta, suma y encausa obligaciones contundentes para transformar a Canc\u00fan en un lugar mucho mejor, por lo que con esta modificaci\u00f3n se logra fortalecer la paz, dentro de conceptos de libertad, combate a la pobreza en todas sus formas, asegurando el progreso social y econ\u00f3mico sostenible.<\/p>\n<p>Ana Paty Peralta indic\u00f3 que tambi\u00e9n se homologa con las reformas federal y estatal, para reafirmar la visi\u00f3n y compromiso de ambos niveles de gobierno en garantizar a toda la ciudadan\u00eda una vida digna y justa, con seguridad y bienestar, a trav\u00e9s de una administraci\u00f3n responsable que est\u00e9 fundamentada en la ley para tomar acciones que combatan a las injusticias sociales e impulsen el crecimiento econ\u00f3mico, sin afectar la convivencia pac\u00edfica, los lazos de solidaridad social, la diversidad pol\u00edtica y cultural, con tal de garantizar el bienestar de todos los benitojuarenses.<\/p>\n<p>Mientras tanto, en lo que va del 2024, el Caribe Mexicano sigue demostrando su fortaleza como uno de los destinos tur\u00edsticos m\u00e1s importantes del mundo, al registrar m\u00e1s de 14.34 millones de turistas eligieron a Quintana Roo, cuyo gobierno est\u00e1 encabezado por Mara Lezama, como su destino preferido, de acuerdo con datos de la Secretar\u00eda Estatal de Turismo (Sedetur).<\/p>\n<p>De enero a agosto de 2024, el Caribe Mexicano ha registrado un crecimiento sostenido en su afluencia tur\u00edstica, como se refleja en los 14.34 millones de visitantes, lo que refuerza la confianza de turistas de todo el mundo en el destino. Este aumento refleja los esfuerzos conjuntos entre el gobierno estatal, federal y el sector privado, acorde al Nuevo Acuerdo por el Bienestar y Desarrollo de Quintana Roo.<\/p>\n<p>De acuerdo con la Sedetur, encabezado por el secretario Bernardo Cueto Riestra, los principales mercados emisores de turistas para la regi\u00f3n contin\u00faan siendo Estados Unidos 38.6%, M\u00e9xico 33.7%, y Canad\u00e1 9.7%, seguidos por Reino Unido 2.2% y Colombia 1.4%. Este panorama refleja la diversidad y solidez de los mercados estrat\u00e9gicos del Caribe Mexicano, y es una muestra del trabajo continuo para fortalecer las relaciones y negociaciones con estos pa\u00edses.<\/p>\n<p>Una de las claves del \u00e9xito del Caribe Mexicano ha sido su capacidad para mantenerse conectado con el mundo, resultado del trabajo de promoci\u00f3n que impulsa la gobernadora Mara Lezama. Al cierre del mes de agosto de 2024, Quintana Roo est\u00e1 enlazado con 100 ciudades en 2 pa\u00edses de Am\u00e9rica del Norte, 12 pa\u00edses de Am\u00e9rica Latina y 10 pa\u00edses de Europa, lo que garantiza una conectividad global que facilita la llegada de turistas desde distintos rincones del planeta.<\/p>\n<p>Adem\u00e1s del turismo terrestre, el Caribe Mexicano tambi\u00e9n sigue destacando en el segmento de cruceros, con un total de 4 millones 877 mil 357 cruceristas (entre pasajeros y tripulantes) que han arribado a nuestras costas en el acumulado de enero a agosto de 2024. Este n\u00famero representa un impresionante incremento del 15.56% en comparaci\u00f3n con el a\u00f1o anterior, consolidando a la regi\u00f3n como uno de los destinos m\u00e1s solicitados por los viajeros de cruceros.<\/p>\n<p>El Gobierno del Estado, a trav\u00e9s de la Sedetur, contin\u00faa trabajando para fortalecer la infraestructura tur\u00edstica y mejorar la experiencia de los visitantes, a trav\u00e9s de negociaciones clave con mercados internacionales, campa\u00f1as de promoci\u00f3n y el impulso de nuevos proyectos tur\u00edsticos sostenibles como lo es la Nueva Era del Turismo.<\/p>\n<p>Con un firme compromiso con la sostenibilidad, la gobernadora Mara Lezama ha enfocado sus esfuerzos en impulsar un turismo responsable que equilibre el desarrollo econ\u00f3mico con la preservaci\u00f3n del entorno natural.<\/p>\n<p>Esto se traduce en pol\u00edticas que buscan diversificar la oferta tur\u00edstica, apostando por nuevas rutas y atracciones que complementen la belleza natural de la regi\u00f3n sin comprometer su futuro y siempre buscando que el desarrollo se traduzca en prosperidad para las y los quintanarroenses.<\/p>\n<p>En este tenor, la Presidenta Municipal, Ana Paty Peralta, anunci\u00f3 que Canc\u00fan contar\u00e1 con una nueva ruta a\u00e9rea directa desde Londres, operada por Virgin Atlantic Airlines, que dar\u00e1 impulso a la actividad tur\u00edstica y el fortalecimiento de la conectividad a\u00e9rea de nuestra ciudad, que la representaci\u00f3n tur\u00edstica del Ayuntamiento de Benito Ju\u00e1rez gestion\u00f3 durante el World Travel Market 2024, celebrado en ese mismo destino.<\/p>\n<p>Este logro es resultado del trabajo incansable de la Secretar\u00eda Municipal de Turismo, en coordinaci\u00f3n con la Sectur Quintana Roo.<\/p>\n<p>A partir del oto\u00f1o de 2025, estaremos recibiendo a miles de turistas que vendr\u00e1n a disfrutar de la c\u00e1lida hospitalidad y el servicio excepcional que solo nosotros, los cancunenses, sabemos ofrecer, inform\u00f3 al se\u00f1alar que concretaron que en noviembre de 2025 el Aeropuerto Internacional de Canc\u00fan contar\u00e1 con una ruta directa a Londres, operada por la aerol\u00ednea brit\u00e1nica, Virgin Atlantic, lo que permitir\u00e1 que m\u00e1s viajeros internacionales descubran las riquezas naturales y culturales del Caribe Mexicano.<\/p>\n<p>Este primer vuelo directo es muy importante para seguir estrechando lazos y detonar oportunidades del sector vacacional y empresarial. Seguimos aumentando la confianza en nuestro destino y eso definitivamente son excelentes noticias para todas y todos, porque significan m\u00e1s oportunidades, m\u00e1s turismo, m\u00e1s negocios, m\u00e1s empleos y m\u00e1s ingresos para las familias cancunenses, dijo.<\/p>\n<p>Por \u00faltimo, destac\u00f3 durante estos 10 meses del 2024 las llegadas a\u00e9reas se han mantenido sobre 5 mil 784 vuelos por mes, y se estima que para las vacaciones de invierno que dar\u00e1n inicio la tercera semana de diciembre permita aumentar a\u00fan m\u00e1s esta cifra, puesto que el destino se ha posicionado como uno de los sitios vacacionales favoritos por los viajeros.<\/p>\n<p>Tambi\u00e9n, le participo que el Ayuntamiento de Benito Ju\u00e1rez, a trav\u00e9s de Secretar\u00eda Municipal de Turismo, convocan a participar en la segunda edici\u00f3n del Foro Canc\u00fan Turismo M\u00e9dico, que se llevar\u00e1 a cabo el mi\u00e9rcoles 13 de noviembre en el Hotel Fiesta Inn, Las Am\u00e9ricas.<\/p>\n<p>El titular de dicha dependencia, Juan Pablo de Zulueta Razo, expres\u00f3 que el objetivo de este evento gratuito es brindar una visi\u00f3n integral sobre las ofertas de salud y sus implicaciones en nuestro destino, as\u00ed como seguir diversificando el mercado tur\u00edstico. \u201cEste foro es una plataforma \u00fanica donde m\u00e9dicos, expertos, proveedores de servicios m\u00e9dicos, y otros actores clave se reunir\u00e1n para compartir conocimientos y experiencias acumuladas a lo largo de la \u00faltima d\u00e9cada\u201d, dijo.<\/p>\n<p>Como tema de conversaci\u00f3n, le participo que para aquellos que como Donald Trump consideran que el Cambio Clim\u00e1tico es un cuento chino, les informo que ayer la regi\u00f3n de Al-Jawf en Arabia Saudita ha vivido una escena inusual: su primer registro de nieve, transformando el paisaje des\u00e9rtico en un sorprendente para\u00edso invernal.<\/p>\n<p>La tormenta de nieve, precedida por intensas lluvias y granizo, cubri\u00f3 las dunas con un manto blanco, dando al \u00e1rido entorno un aspecto similar a los Alpes.<\/p>\n<p>Este fen\u00f3meno clim\u00e1tico extraordinario fue provocado por un sistema de baja presi\u00f3n del Mar Ar\u00e1bigo, que trajo aire cargado de humedad y se encontr\u00f3 con el calor del desierto, generando truenos, granizo y nieve. Las redes sociales se inundaron de im\u00e1genes de este raro suceso. Aunque el paisaje nevado es una maravilla para los residentes, las autoridades han advertido sobre nuevas tormentas y vientos fuertes, aconsejando precauci\u00f3n ante la posibilidad de m\u00e1s eventos clim\u00e1ticos at\u00edpicos; empero, lo anterior ser\u00e1 motivo de otro an\u00e1lisis en posterior entrega de <strong><em>HORA 14<\/em><\/strong>.<\/p>\n<p><em><a href=\"mailto:%20mauricio_conde@msn.com\" target=\"_blank\" rel=\"noopener noreferrer\">mauricioconde59@outlook.com<\/a><\/em><br \/>\nX<em>: <a href=\"https:\/\/twitter.com\/mauconde?lang=es\" target=\"_blank\" rel=\"noopener\">@mauconde<\/a><\/em><\/p>\n","protected":false},"excerpt":{"rendered":"<p><span style=\"color: #005497;\"><strong>Mauricio Conde Olivares<\/strong><\/span><\/p>\n","protected":false},"author":3,"featured_media":0,"comment_status":"open","ping_status":"open","sticky":false,"template":"","format":"standard","meta":{"_monsterinsights_skip_tracking":false,"_monsterinsights_sitenote_active":false,"_monsterinsights_sitenote_note":"","_monsterinsights_sitenote_category":0,"footnotes":""},"categories":[35889],"tags":[43712,43674,44860],"class_list":["post-640372","post","type-post","status-publish","format-standard","hentry","category-mauricio-conde-olivares","tag-mauricio-conde-olivares","tag-opinion","tag-hora-14"],"_links":{"self":[{"href":"https:\/\/www.diarioimagen.net\/index.php?rest_route=\/wp\/v2\/posts\/640372","targetHints":{"allow":["GET"]}}],"collection":[{"href":"https:\/\/www.diarioimagen.net\/index.php?rest_route=\/wp\/v2\/posts"}],"about":[{"href":"https:\/\/www.diarioimagen.net\/index.php?rest_route=\/wp\/v2\/types\/post"}],"author":[{"embeddable":true,"href":"https:\/\/www.diarioimagen.net\/index.php?rest_route=\/wp\/v2\/users\/3"}],"replies":[{"embeddable":true,"href":"https:\/\/www.diarioimagen.net\/index.php?rest_route=%2Fwp%2Fv2%2Fcomments&post=640372"}],"version-history":[{"count":0,"href":"https:\/\/www.diarioimagen.net\/index.php?rest_route=\/wp\/v2\/posts\/640372\/revisions"}],"wp:attachment":[{"href":"https:\/\/www.diarioimagen.net\/index.php?rest_route=%2Fwp%2Fv2%2Fmedia&parent=640372"}],"wp:term":[{"taxonomy":"category","embeddable":true,"href":"https:\/\/www.diarioimagen.net\/index.php?rest_route=%2Fwp%2Fv2%2Fcategories&post=640372"},{"taxonomy":"post_tag","embeddable":true,"href":"https:\/\/www.diarioimagen.net\/index.php?rest_route=%2Fwp%2Fv2%2Ftags&post=640372"}],"curies":[{"name":"wp","href":"https:\/\/api.w.org\/{rel}","templated":true}]}}