{"id":640383,"date":"2024-11-11T00:13:18","date_gmt":"2024-11-11T06:13:18","guid":{"rendered":"https:\/\/www.diarioimagen.net\/?p=640383"},"modified":"2024-11-11T05:01:12","modified_gmt":"2024-11-11T11:01:12","slug":"estan-obligados","status":"publish","type":"post","link":"https:\/\/www.diarioimagen.net\/?p=640383","title":{"rendered":"Est\u00e1n obligados"},"content":{"rendered":"<h2>Se comenta s\u00f3lo con\u2026<\/h2>\n<h5>Carlos Ramos Padilla<\/h5>\n<p>&nbsp;<\/p>\n<p>Las autoridades, el gobierno en concreto, est\u00e1n obligadas, con el INAI o sin \u00e9ste, a informar a la sociedad acerca de cuatro temas espinosos. El primero, los supuestos expedientes que involucran al ministro P\u00e9rez Day\u00e1n en asuntos de abuso sexual, de acuerdo a Guacamaya Leaks.<\/p>\n<p>\u201cLa Fiscal\u00eda de la CDMX y la C\u00e1mara de Diputados amenazaron al ministro Alberto P\u00e9rez Day\u00e1n con abrirle un caso por abuso sexual, eso fue motivo para que cambiara su voto y su opini\u00f3n a favor la reforma judicial\u201d.<\/p>\n<p>En tanto, <em>Diario Amanecer<\/em> public\u00f3: \u201cFuentes del medio afirmaron que la Fiscal\u00eda capitalina impulsa dos expedientes contra el ministro Alberto P\u00e9rez Day\u00e1n: el primero, por un supuesto abuso contra una trabajadora de escasos recursos, rescatada incluso de un centro de atenci\u00f3n a v\u00edctimas, para ser revictimizada; y un segundo caso, igual de grave, en el que la v\u00edctima ser\u00eda una magistrada federal\u201d. Y la ma\u00f1anera debe ser el espacio propio para que la Presidenta y Ernestina Godoy confirmen la autenticidad.<\/p>\n<p>Un ejercicio de amenaza o presi\u00f3n de esta \u00edndole es semejante a la que tambi\u00e9n procedi\u00f3 contra los Yunes para modificar criterios y vender su voto a cambio de impunidad y silencio. Si esto as\u00ed ocurri\u00f3 estamos frente a un gobierno autoritario corrupto que opera fuera de la ley.<\/p>\n<p>El segundo caso es la relaci\u00f3n de Ad\u00e1n Augusto con Andrea Ch\u00e1vez y sus mete\u00f3rico ascenso pol\u00edtico a raz\u00f3n de aparente abuso de poder, uso de recursos p\u00fablicos con una relaci\u00f3n personal que invita a creer que la joven puede llegar a la gubernatura de Chihuahua y no precisamente por m\u00e9ritos.<\/p>\n<p>Esta joven ha sido exhibida por Lilly T\u00e9llez en redes sociales bes\u00e1ndose con su protector, el espa\u00f1ol comunista Abraham Mendieta. No queda claro el uso de aviones oficiales por parte de la hoy legisladora y autorizados por el tabasque\u00f1o. El desv\u00edo del erario para beneficio personal de los funcionarios es una irregularidad penada.<\/p>\n<p>Este es otro asunto que debe aclarar la presidencia y que podr\u00eda llevar a juicio pol\u00edtico a ambos personajes (L\u00f3pez\/Ch\u00e1vez) por actos de corrupci\u00f3n. Latinus public\u00f3: \u201cLos familiares de Andrea Ch\u00e1vez habr\u00edan utilizado un avi\u00f3n privado presuntamente de las fuerzas armadas el d\u00eda que la diputada morenista present\u00f3 su primer informe de actividades legislativas de la C\u00e1mara de Diputados, en un evento en Chihuahua en enero pasado.<\/p>\n<p>En respuesta, Ch\u00e1vez asegur\u00f3 que se trataba de una campa\u00f1a en su contra, sin embargo, no neg\u00f3 la veracidad de las im\u00e1genes\u201d.<\/p>\n<p>El tercer caso tiene que ver con Pedro Haces, l\u00edder sindical de la Confederaci\u00f3n Aut\u00f3noma de Trabajadores y Empleados de M\u00e9xico y legislador morenista, quien a decir de cercanos maneja fuerte cantidades de dinero en efectivo pagando en restaurantes consumos extraordinarios, se le ha visto en Madrid en la plaza de toros Las Ventas o en el Yankee Stadium. Este personaje, solapado por Ricardo Monreal, es quien vot\u00f3 sin estar mientras se discut\u00eda la ley de supremac\u00eda constitucional. Los convivios de presi\u00f3n para el mayoriteo se ejercen en el rancho de Haces, acabando en ocasiones en esc\u00e1ndalos p\u00fablicos.<\/p>\n<p>El cuarto, es la confirmaci\u00f3n o no sobre el hospedaje de Beatriz Guti\u00e9rrez M\u00fcller en nuestra embajada de Londres. Un uso m\u00e1s de recursos p\u00fablicos indebidos.<\/p>\n<p>Ah\u00ed tenemos cuatro casos en concreto donde Sheinbaum Pardo est\u00e1 obligada a dar cuentas a la sociedad. Es una muestra de que muchos andan caminando con los calzones sucios dentro de un oficialismo que se auto presenta como impoluto.<\/p>\n<p><a href=\"https:\/\/twitter.com\/cramospadilla?ref_src=twsrc%5Egoogle%7Ctwcamp%5Eserp%7Ctwgr%5Eauthor\" target=\"_blank\" rel=\"noopener\"><em>@cramospadilla<\/em><\/a><\/p>\n","protected":false},"excerpt":{"rendered":"<p><span style=\"color: #005497;\"><strong>Carlos Ramos Padilla<\/strong><\/span><\/p>\n","protected":false},"author":3,"featured_media":0,"comment_status":"open","ping_status":"open","sticky":false,"template":"","format":"standard","meta":{"_monsterinsights_skip_tracking":false,"_monsterinsights_sitenote_active":false,"_monsterinsights_sitenote_note":"","_monsterinsights_sitenote_category":0,"footnotes":""},"categories":[97109],"tags":[97108,43674,97107],"class_list":["post-640383","post","type-post","status-publish","format-standard","hentry","category-carlos-ramos-padilla","tag-carlos-ramos-padilla","tag-opinion","tag-se-comenta-solo-con"],"_links":{"self":[{"href":"https:\/\/www.diarioimagen.net\/index.php?rest_route=\/wp\/v2\/posts\/640383","targetHints":{"allow":["GET"]}}],"collection":[{"href":"https:\/\/www.diarioimagen.net\/index.php?rest_route=\/wp\/v2\/posts"}],"about":[{"href":"https:\/\/www.diarioimagen.net\/index.php?rest_route=\/wp\/v2\/types\/post"}],"author":[{"embeddable":true,"href":"https:\/\/www.diarioimagen.net\/index.php?rest_route=\/wp\/v2\/users\/3"}],"replies":[{"embeddable":true,"href":"https:\/\/www.diarioimagen.net\/index.php?rest_route=%2Fwp%2Fv2%2Fcomments&post=640383"}],"version-history":[{"count":0,"href":"https:\/\/www.diarioimagen.net\/index.php?rest_route=\/wp\/v2\/posts\/640383\/revisions"}],"wp:attachment":[{"href":"https:\/\/www.diarioimagen.net\/index.php?rest_route=%2Fwp%2Fv2%2Fmedia&parent=640383"}],"wp:term":[{"taxonomy":"category","embeddable":true,"href":"https:\/\/www.diarioimagen.net\/index.php?rest_route=%2Fwp%2Fv2%2Fcategories&post=640383"},{"taxonomy":"post_tag","embeddable":true,"href":"https:\/\/www.diarioimagen.net\/index.php?rest_route=%2Fwp%2Fv2%2Ftags&post=640383"}],"curies":[{"name":"wp","href":"https:\/\/api.w.org\/{rel}","templated":true}]}}