{"id":640407,"date":"2024-11-12T00:01:17","date_gmt":"2024-11-12T06:01:17","guid":{"rendered":"https:\/\/www.diarioimagen.net\/?p=640407"},"modified":"2024-11-12T22:03:37","modified_gmt":"2024-11-13T04:03:37","slug":"nueva-plataforma-digital-para-mejorar-el-combate-a-inseguridad-sheinbaum","status":"publish","type":"post","link":"https:\/\/www.diarioimagen.net\/?p=640407","title":{"rendered":"Nueva plataforma digital para mejorar el combate a inseguridad: Sheinbaum"},"content":{"rendered":"<p>&nbsp;<\/p>\n<h2 style=\"text-align: center;\">Mayor coordinaci\u00f3n con gobiernos estatales<\/h2>\n<p><em>\u00a0<\/em><\/p>\n<ul>\n<li><em><strong>Anuncia reorganizaci\u00f3n del presupuesto p\u00fablico<\/strong> <\/em><\/li>\n<\/ul>\n<p>&nbsp;<\/p>\n<div id=\"attachment_640492\" style=\"width: 470px\" class=\"wp-caption aligncenter\"><a href=\"https:\/\/www.diarioimagen.net\/?attachment_id=640492\" rel=\"attachment wp-att-640492\"><img loading=\"lazy\" decoding=\"async\" aria-describedby=\"caption-attachment-640492\" class=\"size-full wp-image-640492\" src=\"https:\/\/www.diarioimagen.net\/wp-content\/uploads\/2024\/11\/claudia-6.jpg\" alt=\"\" width=\"460\" height=\"270\" srcset=\"https:\/\/www.diarioimagen.net\/wp-content\/uploads\/2024\/11\/claudia-6.jpg 460w, https:\/\/www.diarioimagen.net\/wp-content\/uploads\/2024\/11\/claudia-6-240x141.jpg 240w\" sizes=\"auto, (max-width: 460px) 100vw, 460px\" \/><\/a><p id=\"caption-attachment-640492\" class=\"wp-caption-text\">La presidenta Claudia Sheinbaum inform\u00f3 que se trabaja en una nueva plataforma digital para una mejor coordinaci\u00f3n en el combate a la inseguridad.<\/p><\/div>\n<p>&nbsp;<\/p>\n<p>La presidenta Claudia Sheinbaum Pardo anuncia este lunes en su ma\u00f1anera que se trabaja en una nueva plataforma digital para una mejor coordinaci\u00f3n en el combate a la inseguridad.<\/p>\n<p>Refiri\u00f3 que esta nueva herramienta ser\u00e1 adicional a la Plataforma M\u00e9xico, y su objetivo ser\u00e1 aglutinar la informaci\u00f3n de las fiscal\u00edas estatales no s\u00f3lo de homicidios, sino de otro tipo de delitos de alto impacto, a fin de tenerlos mapeados por todo el pa\u00eds y con ello \u201ctener una estrategia m\u00e1s coordinada\u201d entre gobernadores, la Guardia Nacional, las fuerzas armadas y las fiscal\u00edas.<\/p>\n<p>Agreg\u00f3 que con esta nueva herramienta se podr\u00e1 conocer en qu\u00e9 parte se dieron los delitos, d\u00f3nde se dan m\u00e1s, si hay mayor n\u00famero de il\u00edcitos este mes o semana con relaci\u00f3n al anterior, la estado de las estrategias especiales para el combate, o, por ejemplo, \u201cqu\u00e9 est\u00e1 pasando en el caso de Sinaloa, que es especial por lo que sabemos\u201d.<\/p>\n<p>La mandataria federal insisti\u00f3 en la necesidad que se apruebe la iniciativa que envi\u00f3 al Congreso para permitir que la Secretar\u00eda de Seguridad y Protecci\u00f3n Ciudadana realice labores de investigaci\u00f3n e inteligencia, esto como parte de la estrategia integral para enfrentar la violencia y la criminalidad.<\/p>\n<p style=\"text-align: center;\"><strong>Habr\u00e1 reducci\u00f3n del d\u00e9ficit con enfoque presupuestario en bienestar<\/strong><\/p>\n<p>La mandataria tambi\u00e9n anunci\u00f3 que el gobierno de M\u00e9xico realiza una reorganizaci\u00f3n del presupuesto p\u00fablico, enfocada en disminuir el d\u00e9ficit y aumentar los ingresos para el pr\u00f3ximo a\u00f1o.<\/p>\n<p>\u201c(Con la reorganizaci\u00f3n del presupuesto p\u00fablico, vamos a) poder cumplir con todo lo que nos comprometimos con los programas del bienestar que est\u00e1n en la constituci\u00f3n, el programa de vivienda, los nuevos Programas del Bienestar y las obras de infraestructura\u201d, asegur\u00f3 Sheinbaum Pardo.<\/p>\n<p>La titular del Ejecutivo adelant\u00f3 que la propuesta de reorganizaci\u00f3n del presupuesto ser\u00e1 presentada oficialmente el pr\u00f3ximo 15 de noviembre, y coment\u00f3 que podr\u00eda existir la posibilidad de que se presente durante su conferencia de prensa matutina.<\/p>\n<p style=\"text-align: center;\"><strong>\u201cVamos a defender a los mexicanos\u201d<\/strong><\/p>\n<p>Luego que el pr\u00f3ximo presidente de Estados Unidos, Donald Trump, design\u00f3 a Tom Homan al frente del Servicio de Inmigraci\u00f3n y Aduanas, cargo conocido como \u201czar de las fronteras\u201d, la presidenta Claudia Sheinbaum Pardo se\u00f1al\u00f3 que en breve funcionarios mexicanos se pondr\u00e1n en contacto con el equipo de transici\u00f3n del republicano.<\/p>\n<p>Lo anterior, a fin de conocer cu\u00e1les son las medidas que est\u00e1 pensando la pr\u00f3xima administraci\u00f3n estadunidense en materia migratoria y poder avanzar en una coordinaci\u00f3n entre las dos naciones, detall\u00f3 la mandataria.<\/p>\n<p>Interrogada en la ma\u00f1anera sobre el nombramiento de Homan, la jefa del Ejecutivo subray\u00f3: \u201cVamos a buscar ponernos en contacto con el equipo de transici\u00f3n del presidente Trump, previo a que entre al gobierno (\u2026) Entraremos en contacto para saber qu\u00e9 est\u00e1n pensando y, en la medida de lo posible, avanzar en una coordinaci\u00f3n\u201d.<\/p>\n<p style=\"text-align: center;\"><strong>Infonavit anuncia el congelamiento de 2 millones de cr\u00e9ditos<\/strong><\/p>\n<p>En otro tema de la ma\u00f1anera, el director general del Infonavit, Octavio Romero Oropeza, anunci\u00f3 que congelar\u00e1 el saldo y las mensualidades de 2 millones de cr\u00e9ditos de vivienda que fueron otorgados por el instituto antes de 2013, cuando se manejaba un esquema de pago por Veces Salarios M\u00ednimos (VSM), lo que hac\u00eda impagables los adeudos.<\/p>\n<p>Se\u00f1al\u00f3 que el Infonavit tiene una cartera de 6.2 millones de cr\u00e9ditos hipotecarios, de la cual 64 por ciento del total (4 millones) se dise\u00f1\u00f3 bajo el esquema de VSM \u201cen el que a pesar que el derechohabiente cumpliera con sus pagos, el salado de su deuda y mensualidades sub\u00edan cada a\u00f1o, haci\u00e9ndolo una deuda impagable\u201d.<\/p>\n<p>Por ello, se\u00f1al\u00f3 en la conferencia ma\u00f1anera que por instrucciones de la presidenta Claudia Sheinbaum Pardo, a partir de hoy se congelar\u00e1n los saldos y las mensualidades para 2 millones de derechohabientes que tienen un cr\u00e9dito hipotecario.<\/p>\n<p>Explic\u00f3 que, por ejemplo, si un derechohabiente obtuvo un cr\u00e9dito en 2010, con un saldo de mensualidad inicial de mil 500 pesos, para esta fecha su mensualidad es de alrededor de 3 mil 200 pesos -donde se congelar\u00e1-, y de no hacerlo, hacia el final del cr\u00e9dito la persona estar\u00eda pagando 8 mil 615 pesos mensuales.<\/p>\n<p>\u201cEl congelamiento consiste en parar aqu\u00ed la mensualidad y mantenerla hacia adelante\u201d.<\/p>\n<p>Adicionalmente, de estos 2 millones de derechohabientes que ser\u00e1n beneficiados con el congelamientos, a medio mill\u00f3n de ellos de manera autom\u00e1tica recibir\u00e1n beneficios adicionales.<\/p>\n<p>\u201cTendr\u00e1n disminuci\u00f3n de tasa o mensualidad y en algunos casos descuento en los saldos, de manera autom\u00e1tica\u201d, se\u00f1al\u00f3 el titular del Infonavit.<\/p>\n<p>Para ello, a partir de la pr\u00f3xima semana se podr\u00e1n consultar esos beneficios adicionales en la p\u00e1gina de internet del Instituto.<\/p>\n<p>Romero Oropeza agreg\u00f3 que en unas semanas se presentar\u00e1 beneficios adicionales para los otros 2 millones de derechohabientes que tienen su cr\u00e9dito bajo el esquema que funcion\u00f3 de 2014 a 2020, que era similar al VSM.<\/p>\n<p>\u201cAntes que termine este a\u00f1o estaremos beneficiando a 4 millones de familias, de acuerdo con las instrucciones que dio la presidenta\u201d, apunt\u00f3 el funcionario federal.<\/p>\n","protected":false},"excerpt":{"rendered":"<p>La presidenta Claudia Sheinbaum Pardo anuncia este lunes en su ma\u00f1anera que se trabaja en una nueva plataforma digital para una mejor coordinaci\u00f3n en el combate a la inseguridad.<\/p>\n","protected":false},"author":3,"featured_media":640492,"comment_status":"open","ping_status":"open","sticky":false,"template":"","format":"standard","meta":{"_monsterinsights_skip_tracking":false,"_monsterinsights_sitenote_active":false,"_monsterinsights_sitenote_note":"","_monsterinsights_sitenote_category":0,"footnotes":""},"categories":[17,3],"tags":[72207,86544,76246],"class_list":["post-640407","post","type-post","status-publish","format-standard","has-post-thumbnail","hentry","category-especiales","category-nacional","tag-claudia-sheinbaum-pardo","tag-coordinacion","tag-estatales"],"_links":{"self":[{"href":"https:\/\/www.diarioimagen.net\/index.php?rest_route=\/wp\/v2\/posts\/640407","targetHints":{"allow":["GET"]}}],"collection":[{"href":"https:\/\/www.diarioimagen.net\/index.php?rest_route=\/wp\/v2\/posts"}],"about":[{"href":"https:\/\/www.diarioimagen.net\/index.php?rest_route=\/wp\/v2\/types\/post"}],"author":[{"embeddable":true,"href":"https:\/\/www.diarioimagen.net\/index.php?rest_route=\/wp\/v2\/users\/3"}],"replies":[{"embeddable":true,"href":"https:\/\/www.diarioimagen.net\/index.php?rest_route=%2Fwp%2Fv2%2Fcomments&post=640407"}],"version-history":[{"count":0,"href":"https:\/\/www.diarioimagen.net\/index.php?rest_route=\/wp\/v2\/posts\/640407\/revisions"}],"wp:featuredmedia":[{"embeddable":true,"href":"https:\/\/www.diarioimagen.net\/index.php?rest_route=\/wp\/v2\/media\/640492"}],"wp:attachment":[{"href":"https:\/\/www.diarioimagen.net\/index.php?rest_route=%2Fwp%2Fv2%2Fmedia&parent=640407"}],"wp:term":[{"taxonomy":"category","embeddable":true,"href":"https:\/\/www.diarioimagen.net\/index.php?rest_route=%2Fwp%2Fv2%2Fcategories&post=640407"},{"taxonomy":"post_tag","embeddable":true,"href":"https:\/\/www.diarioimagen.net\/index.php?rest_route=%2Fwp%2Fv2%2Ftags&post=640407"}],"curies":[{"name":"wp","href":"https:\/\/api.w.org\/{rel}","templated":true}]}}