{"id":640427,"date":"2024-11-12T00:02:39","date_gmt":"2024-11-12T06:02:39","guid":{"rendered":"https:\/\/www.diarioimagen.net\/?p=640427"},"modified":"2024-11-12T22:05:22","modified_gmt":"2024-11-13T04:05:22","slug":"se-vivio-un-proceso-democratico-al-interior-del-pan-afirmo-anuar-azar-figueroa","status":"publish","type":"post","link":"https:\/\/www.diarioimagen.net\/?p=640427","title":{"rendered":"Se vivi\u00f3 un proceso democr\u00e1tico al interior del PAN, afirm\u00f3 Anuar Azar Figueroa"},"content":{"rendered":"<p>&nbsp;<\/p>\n<ul>\n<li><em><strong>Elecci\u00f3n de nuevo dirigente nacional<\/strong><\/em><\/li>\n<\/ul>\n<p><strong>\u00a0<\/strong><\/p>\n<h6>Arturo Baena<\/h6>\n<p>&nbsp;<\/p>\n<div id=\"attachment_640511\" style=\"width: 470px\" class=\"wp-caption aligncenter\"><a href=\"https:\/\/www.diarioimagen.net\/?attachment_id=640511\" rel=\"attachment wp-att-640511\"><img loading=\"lazy\" decoding=\"async\" aria-describedby=\"caption-attachment-640511\" class=\"size-full wp-image-640511\" src=\"https:\/\/www.diarioimagen.net\/wp-content\/uploads\/2024\/11\/se-vivio-un-proceso.jpg\" alt=\"\" width=\"460\" height=\"270\" srcset=\"https:\/\/www.diarioimagen.net\/wp-content\/uploads\/2024\/11\/se-vivio-un-proceso.jpg 460w, https:\/\/www.diarioimagen.net\/wp-content\/uploads\/2024\/11\/se-vivio-un-proceso-240x141.jpg 240w\" sizes=\"auto, (max-width: 460px) 100vw, 460px\" \/><\/a><p id=\"caption-attachment-640511\" class=\"wp-caption-text\">Anuar Azar Figueroa felicit\u00f3 a\u00a0 la militancia del PAN mexiquense por su participaci\u00f3n en la elecci\u00f3n de nueva dirigencia nacional y su compromiso con el fortalecimiento del partido,<\/p><\/div>\n<p>&nbsp;<\/p>\n<p><strong>Valle de M\u00e9xico.\u2014<\/strong> Felicito a los panistas, no s\u00f3lo del Estado de M\u00e9xico, sino del pa\u00eds, que salieron a emitir su voto por la nueva dirigencia nacional de nuestro partido, demostrando con ello que en el de Acci\u00f3n Nacional, prevalece la unidad, fortalecimiento y democracia interna.<\/p>\n<p>As\u00ed lo se\u00f1al\u00f3 en entrevista, Anuar Azar Figueroa, dirigente estatal de ese instituto pol\u00edtico en la entidad mexiquense, luego de que se diera a conocer el virtual triunfo de Jorge Romero Herrera, el los procesos internos y que asumir\u00e1 la dirigencia nacional del PAN, en pr\u00f3ximos d\u00edas, para el periodo 2024-2027.<\/p>\n<p>Y es qu\u00e9, con una participaci\u00f3n cercana al 50% de la militancia panista, la planilla liderada por Romero Herrera,\u00a0 logr\u00f3 el porcentaje requerido para asumir la dirigencia nacional, con base en el voto directo de los militantes. Anuar Figueroa record\u00f3 que durante la jornada del domingo, participaron 4 mil funcionarios electorales y 2 mil representantes de planillas, que\u00a0 supervisaron el proceso de votaci\u00f3n y el escrutinio, asegurando un proceso transparente y confiable.<\/p>\n<p>Por otra parte, se inform\u00f3 que la CONECEN, el mi\u00e9rcoles 13 del mes en curso proceder\u00e1\u00a0 a formalizar la entrega de la declaratoria de validez de la elecci\u00f3n y la constancia de mayor\u00eda a la planilla ganadora. El acto de entrega-recepci\u00f3n a las nuevas autoridades electas comenzar\u00e1 el pr\u00f3ximo 15 de noviembre.<\/p>\n","protected":false},"excerpt":{"rendered":"<p>Felicito a los panistas, no s\u00f3lo del Estado de M\u00e9xico, sino del pa\u00eds, que salieron a emitir su voto por la nueva dirigencia nacional de nuestro partido, demostrando con ello que en el de Acci\u00f3n Nacional, prevalece la unidad, fortalecimiento y democracia interna.<\/p>\n","protected":false},"author":3,"featured_media":640511,"comment_status":"open","ping_status":"open","sticky":false,"template":"","format":"standard","meta":{"_monsterinsights_skip_tracking":false,"_monsterinsights_sitenote_active":false,"_monsterinsights_sitenote_note":"","_monsterinsights_sitenote_category":0,"footnotes":""},"categories":[5],"tags":[93709,91],"class_list":["post-640427","post","type-post","status-publish","format-standard","has-post-thumbnail","hentry","category-estado-de-mexico","tag-anuar-azar-figueroa","tag-pan"],"_links":{"self":[{"href":"https:\/\/www.diarioimagen.net\/index.php?rest_route=\/wp\/v2\/posts\/640427","targetHints":{"allow":["GET"]}}],"collection":[{"href":"https:\/\/www.diarioimagen.net\/index.php?rest_route=\/wp\/v2\/posts"}],"about":[{"href":"https:\/\/www.diarioimagen.net\/index.php?rest_route=\/wp\/v2\/types\/post"}],"author":[{"embeddable":true,"href":"https:\/\/www.diarioimagen.net\/index.php?rest_route=\/wp\/v2\/users\/3"}],"replies":[{"embeddable":true,"href":"https:\/\/www.diarioimagen.net\/index.php?rest_route=%2Fwp%2Fv2%2Fcomments&post=640427"}],"version-history":[{"count":0,"href":"https:\/\/www.diarioimagen.net\/index.php?rest_route=\/wp\/v2\/posts\/640427\/revisions"}],"wp:featuredmedia":[{"embeddable":true,"href":"https:\/\/www.diarioimagen.net\/index.php?rest_route=\/wp\/v2\/media\/640511"}],"wp:attachment":[{"href":"https:\/\/www.diarioimagen.net\/index.php?rest_route=%2Fwp%2Fv2%2Fmedia&parent=640427"}],"wp:term":[{"taxonomy":"category","embeddable":true,"href":"https:\/\/www.diarioimagen.net\/index.php?rest_route=%2Fwp%2Fv2%2Fcategories&post=640427"},{"taxonomy":"post_tag","embeddable":true,"href":"https:\/\/www.diarioimagen.net\/index.php?rest_route=%2Fwp%2Fv2%2Ftags&post=640427"}],"curies":[{"name":"wp","href":"https:\/\/api.w.org\/{rel}","templated":true}]}}