{"id":640450,"date":"2024-11-12T00:02:07","date_gmt":"2024-11-12T06:02:07","guid":{"rendered":"https:\/\/www.diarioimagen.net\/?p=640450"},"modified":"2024-11-12T22:01:39","modified_gmt":"2024-11-13T04:01:39","slug":"con-eu-habra-relacion-de-respeto-y-ayuda-mutua-dice-marcelo-ebrard","status":"publish","type":"post","link":"https:\/\/www.diarioimagen.net\/?p=640450","title":{"rendered":"Con EU habr\u00e1 relaci\u00f3n de respeto y ayuda mutua, dice Marcelo Ebrard"},"content":{"rendered":"<p>&nbsp;<\/p>\n<ul>\n<li><strong><em>\u201cContinuaremos siendo el principal socio de los norteamericanos\u201d<\/em><\/strong><\/li>\n<\/ul>\n<p>&nbsp;<\/p>\n<h4>Jos\u00e9 Luis Monta\u00f1ez<\/h4>\n<p>&nbsp;<\/p>\n<div id=\"attachment_640479\" style=\"width: 470px\" class=\"wp-caption aligncenter\"><a href=\"https:\/\/www.diarioimagen.net\/?attachment_id=640479\" rel=\"attachment wp-att-640479\"><img loading=\"lazy\" decoding=\"async\" aria-describedby=\"caption-attachment-640479\" class=\"size-full wp-image-640479\" src=\"https:\/\/www.diarioimagen.net\/wp-content\/uploads\/2024\/11\/ebrard.jpg\" alt=\"\" width=\"460\" height=\"270\" srcset=\"https:\/\/www.diarioimagen.net\/wp-content\/uploads\/2024\/11\/ebrard.jpg 460w, https:\/\/www.diarioimagen.net\/wp-content\/uploads\/2024\/11\/ebrard-240x141.jpg 240w\" sizes=\"auto, (max-width: 460px) 100vw, 460px\" \/><\/a><p id=\"caption-attachment-640479\" class=\"wp-caption-text\">Marcelo Ebrard afirm\u00f3 que el gobierno de Claudia Sheinbaum seguir\u00e1 tratando los temas m\u00e1s importantes de la agenda Estados Unidos-M\u00e9xico bajo un marco de colaboraci\u00f3n mutua.<\/p><\/div>\n<p>&nbsp;<\/p>\n<p>El secretario de Econom\u00eda, Marcelo Ebrard, dijo que el gobierno de la presidenta Claudia Sheinbaum seguir\u00e1 tratando los temas m\u00e1s importantes de la agenda Estados Unidos-M\u00e9xico bajo un marco de respeto y colaboraci\u00f3n mutua.<\/p>\n<p>\u201cNo se nos olvide que somos su principal socio comercial en el mundo y que muchas empresas con capital estadounidense tienen sus plantas en nuestro pa\u00eds, por lo que aplicar aranceles de manera indiscriminada ser\u00eda tanto como afectar sus propios intereses, ya que lo que producen las empresas de EU en nuestro pa\u00eds normalmente va al mercado americano.<\/p>\n<p>\u201cEn materia de migraci\u00f3n y narcotr\u00e1fico, estamos seguros de encontrar programas y soluciones mutuas que nos benefician a ambos.<\/p>\n<p>\u201cTenemos confianza en la nueva administraci\u00f3n de Donald Trump y dialogaremos con respecto y cooperaci\u00f3n, como lo hemos venido haciendo hasta el d\u00eda de hoy, se\u00f1al\u00f3.<\/p>\n","protected":false},"excerpt":{"rendered":"<p>El secretario de Econom\u00eda, Marcelo Ebrard, dijo que el gobierno de la presidenta Claudia Sheinbaum seguir\u00e1 tratando los temas m\u00e1s importantes de la agenda Estados Unidos-M\u00e9xico bajo un marco de respeto y colaboraci\u00f3n mutua.<\/p>\n","protected":false},"author":3,"featured_media":640479,"comment_status":"open","ping_status":"open","sticky":false,"template":"","format":"standard","meta":{"_monsterinsights_skip_tracking":false,"_monsterinsights_sitenote_active":false,"_monsterinsights_sitenote_note":"","_monsterinsights_sitenote_category":0,"footnotes":""},"categories":[17,3],"tags":[2786,7350,55602],"class_list":["post-640450","post","type-post","status-publish","format-standard","has-post-thumbnail","hentry","category-especiales","category-nacional","tag-eu","tag-marcelo-ebrard-casaubon","tag-respeto"],"_links":{"self":[{"href":"https:\/\/www.diarioimagen.net\/index.php?rest_route=\/wp\/v2\/posts\/640450","targetHints":{"allow":["GET"]}}],"collection":[{"href":"https:\/\/www.diarioimagen.net\/index.php?rest_route=\/wp\/v2\/posts"}],"about":[{"href":"https:\/\/www.diarioimagen.net\/index.php?rest_route=\/wp\/v2\/types\/post"}],"author":[{"embeddable":true,"href":"https:\/\/www.diarioimagen.net\/index.php?rest_route=\/wp\/v2\/users\/3"}],"replies":[{"embeddable":true,"href":"https:\/\/www.diarioimagen.net\/index.php?rest_route=%2Fwp%2Fv2%2Fcomments&post=640450"}],"version-history":[{"count":0,"href":"https:\/\/www.diarioimagen.net\/index.php?rest_route=\/wp\/v2\/posts\/640450\/revisions"}],"wp:featuredmedia":[{"embeddable":true,"href":"https:\/\/www.diarioimagen.net\/index.php?rest_route=\/wp\/v2\/media\/640479"}],"wp:attachment":[{"href":"https:\/\/www.diarioimagen.net\/index.php?rest_route=%2Fwp%2Fv2%2Fmedia&parent=640450"}],"wp:term":[{"taxonomy":"category","embeddable":true,"href":"https:\/\/www.diarioimagen.net\/index.php?rest_route=%2Fwp%2Fv2%2Fcategories&post=640450"},{"taxonomy":"post_tag","embeddable":true,"href":"https:\/\/www.diarioimagen.net\/index.php?rest_route=%2Fwp%2Fv2%2Ftags&post=640450"}],"curies":[{"name":"wp","href":"https:\/\/api.w.org\/{rel}","templated":true}]}}