{"id":640571,"date":"2024-11-13T00:02:04","date_gmt":"2024-11-13T06:02:04","guid":{"rendered":"https:\/\/www.diarioimagen.net\/?p=640571"},"modified":"2024-11-14T23:08:17","modified_gmt":"2024-11-15T05:08:17","slug":"reportan-nueva-onda-tropical-con-probabilidad-de-convertirse-en-ciclon","status":"publish","type":"post","link":"https:\/\/www.diarioimagen.net\/?p=640571","title":{"rendered":"Reportan nueva onda tropical con probabilidad de\u00a0convertirse en cicl\u00f3n"},"content":{"rendered":"<p>&nbsp;<\/p>\n<h2 style=\"text-align: center;\">Contin\u00faa la temporada de huracanes<\/h2>\n<p>&nbsp;<\/p>\n<ul>\n<li><strong><em>El fen\u00f3meno estar\u00eda provocando lluvias y tormentas en la Pen\u00ednsula de Yucat\u00e1n<\/em><\/strong><\/li>\n<\/ul>\n<p><strong>\u00a0<\/strong><\/p>\n<div id=\"attachment_640654\" style=\"width: 470px\" class=\"wp-caption aligncenter\"><a href=\"https:\/\/www.diarioimagen.net\/?attachment_id=640654\" rel=\"attachment wp-att-640654\"><img loading=\"lazy\" decoding=\"async\" aria-describedby=\"caption-attachment-640654\" class=\"size-full wp-image-640654\" src=\"https:\/\/www.diarioimagen.net\/wp-content\/uploads\/2024\/11\/reportan-nueva.jpg\" alt=\"\" width=\"460\" height=\"270\" srcset=\"https:\/\/www.diarioimagen.net\/wp-content\/uploads\/2024\/11\/reportan-nueva.jpg 460w, https:\/\/www.diarioimagen.net\/wp-content\/uploads\/2024\/11\/reportan-nueva-240x141.jpg 240w\" sizes=\"auto, (max-width: 460px) 100vw, 460px\" \/><\/a><p id=\"caption-attachment-640654\" class=\"wp-caption-text\">La temporada de huracanes en Quintana Roo en 2024 ha sido bastante activa, por lo que las autoridades hacen un llamado a no bajar la guardia.<\/p><\/div>\n<p>&nbsp;<\/p>\n<p><strong>Canc\u00fan.\u2014<\/strong> La temporada de huracanes en Quintana Roo en 2024 ha sido bastante activa, por lo que las autoridades hacen un llamado a no bajar la guardia y estar al pendiente de cualquier aviso oficial sobre este tipo de fen\u00f3menos.<\/p>\n<p>El fen\u00f3meno hidrometeorl\u00f3gico se encuentra actualmente a m\u00e1s de 1,760 kil\u00f3metros al este de Canc\u00fan. Seg\u00fan el Servicio Meteorol\u00f3gico Nacional (SMN), hay un 10% de probabilidad de desarrollo cicl\u00f3nico en 48 horas y hasta un 50% en los pr\u00f3ximos siete d\u00edas. De consolidarse como tormenta, tomar\u00eda el nombre de \u201cSara\u201d.<\/p>\n<p>La trayectoria actual del Hurac\u00e1n Sara apunta hacia el oeste. Aunque no se espera que toque tierra, las autoridades est\u00e1n monitoreando de cerca su evoluci\u00f3n debido a la posibilidad de que se convierta en una depresi\u00f3n tropical. Las lluvias y chubascos asociados con el hurac\u00e1n podr\u00edan afectar a la Pen\u00ednsula de Yucat\u00e1n, incluyendo municipios como Hopelch\u00e9n, Solidaridad, Felipe Carrillo Puerto, Tulum y Oth\u00f3n P. Blanco<\/p>\n<p>Los meteor\u00f3logos han indicado que las condiciones ambientales en el \u00e1rea son favorables para el desarrollo de esta perturbaci\u00f3n, lo que podr\u00eda derivar en una depresi\u00f3n tropical antes del fin de semana.<\/p>\n<p>Quintana Roo ha reforzado sus medidas preventivas, instando a la poblaci\u00f3n a mantenerse informada a trav\u00e9s de canales oficiales y a seguir las indicaciones de Protecci\u00f3n Civil. Las autoridades est\u00e1n vigilando de cerca las condiciones meteorol\u00f3gicas y est\u00e1n dispuestas a activar protocolos de emergencia si es necesario.<\/p>\n","protected":false},"excerpt":{"rendered":"<p>La temporada de huracanes en Quintana Roo en 2024 ha sido bastante activa, por lo que las autoridades hacen un llamado a no bajar la guardia y estar al pendiente de cualquier aviso oficial sobre este tipo de fen\u00f3menos.<\/p>\n","protected":false},"author":3,"featured_media":640654,"comment_status":"open","ping_status":"open","sticky":false,"template":"","format":"standard","meta":{"_monsterinsights_skip_tracking":false,"_monsterinsights_sitenote_active":false,"_monsterinsights_sitenote_note":"","_monsterinsights_sitenote_category":0,"footnotes":""},"categories":[17,3],"tags":[28550,101221,64368],"class_list":["post-640571","post","type-post","status-publish","format-standard","has-post-thumbnail","hentry","category-especiales","category-nacional","tag-ciclon","tag-probabilidad","tag-tropical"],"_links":{"self":[{"href":"https:\/\/www.diarioimagen.net\/index.php?rest_route=\/wp\/v2\/posts\/640571","targetHints":{"allow":["GET"]}}],"collection":[{"href":"https:\/\/www.diarioimagen.net\/index.php?rest_route=\/wp\/v2\/posts"}],"about":[{"href":"https:\/\/www.diarioimagen.net\/index.php?rest_route=\/wp\/v2\/types\/post"}],"author":[{"embeddable":true,"href":"https:\/\/www.diarioimagen.net\/index.php?rest_route=\/wp\/v2\/users\/3"}],"replies":[{"embeddable":true,"href":"https:\/\/www.diarioimagen.net\/index.php?rest_route=%2Fwp%2Fv2%2Fcomments&post=640571"}],"version-history":[{"count":0,"href":"https:\/\/www.diarioimagen.net\/index.php?rest_route=\/wp\/v2\/posts\/640571\/revisions"}],"wp:featuredmedia":[{"embeddable":true,"href":"https:\/\/www.diarioimagen.net\/index.php?rest_route=\/wp\/v2\/media\/640654"}],"wp:attachment":[{"href":"https:\/\/www.diarioimagen.net\/index.php?rest_route=%2Fwp%2Fv2%2Fmedia&parent=640571"}],"wp:term":[{"taxonomy":"category","embeddable":true,"href":"https:\/\/www.diarioimagen.net\/index.php?rest_route=%2Fwp%2Fv2%2Fcategories&post=640571"},{"taxonomy":"post_tag","embeddable":true,"href":"https:\/\/www.diarioimagen.net\/index.php?rest_route=%2Fwp%2Fv2%2Ftags&post=640571"}],"curies":[{"name":"wp","href":"https:\/\/api.w.org\/{rel}","templated":true}]}}