{"id":640703,"date":"2024-11-14T00:01:05","date_gmt":"2024-11-14T06:01:05","guid":{"rendered":"https:\/\/www.diarioimagen.net\/?p=640703"},"modified":"2024-11-14T23:01:39","modified_gmt":"2024-11-15T05:01:39","slug":"anuncia-sheinbaum-nuevo-regimen-fiscal-para-pemex","status":"publish","type":"post","link":"https:\/\/www.diarioimagen.net\/?p=640703","title":{"rendered":"Anuncia Sheinbaum nuevo r\u00e9gimen fiscal para\u00a0Pemex"},"content":{"rendered":"<p>&nbsp;<\/p>\n<h2 style=\"text-align: center;\">Presentan Plan de Energ\u00eda 2024-2030<\/h2>\n<p><em>\u00a0<\/em><\/p>\n<ul>\n<li><em><strong>La endeudada petrolera estatal s\u00f3lo pagar\u00e1 ahora el llamado Derecho Petrolero para el Bienestar<\/strong> <\/em><\/li>\n<\/ul>\n<p>&nbsp;<\/p>\n<div id=\"attachment_640775\" style=\"width: 470px\" class=\"wp-caption aligncenter\"><a href=\"https:\/\/www.diarioimagen.net\/?attachment_id=640775\" rel=\"attachment wp-att-640775\"><img loading=\"lazy\" decoding=\"async\" aria-describedby=\"caption-attachment-640775\" class=\"size-full wp-image-640775\" src=\"https:\/\/www.diarioimagen.net\/wp-content\/uploads\/2024\/11\/claudia-8.jpg\" alt=\"\" width=\"460\" height=\"270\" srcset=\"https:\/\/www.diarioimagen.net\/wp-content\/uploads\/2024\/11\/claudia-8.jpg 460w, https:\/\/www.diarioimagen.net\/wp-content\/uploads\/2024\/11\/claudia-8-240x141.jpg 240w\" sizes=\"auto, (max-width: 460px) 100vw, 460px\" \/><\/a><p id=\"caption-attachment-640775\" class=\"wp-caption-text\">La Presidenta Claudia Sheinbaum Pardo anunci\u00f3 un nuevo r\u00e9gimen fiscal para Pemex con la reducci\u00f3n del n\u00famero de derechos que paga a uno s\u00f3lo, que estar\u00e1 asociado a la producci\u00f3n de hidrocarburos de la empresa.<\/p><\/div>\n<p>&nbsp;<\/p>\n<p>La presidenta Claudia Sheinbaum Pardo present\u00f3 la estrategia energ\u00e9tica que llevar\u00e1 a cabo en su sexenio, el cual contempla fortalecer a Petr\u00f3leos Mexicanos (Pemex) con un nuevo r\u00e9gimen fiscal y con inversiones privadas con esquemas distintos a las Asociaciones P\u00fablico Privadas (APP), que en el pasado resultaron onerosas para el pa\u00eds.<\/p>\n<p>\u201cEsto se presenta en el Paquete Econ\u00f3mico que se enviar\u00e1 al Congreso y se va a fortalecer con las leyes secundarias que vienen. Pemex ha tenido distintos esquemas fiscales, paga impuestos como cualquier empresa, pero tambi\u00e9n paga derechos\u201d, explic\u00f3.<\/p>\n<p>En su conferencia ma\u00f1anera, la mandataria agreg\u00f3 que la situaci\u00f3n econ\u00f3mica de Pemex, de que est\u00e1 en n\u00famero rojos, es cierta, pero esto se debe a su esquema fiscal, el cual se modificar\u00e1 a partir del pr\u00f3ximo a\u00f1o.<\/p>\n<p>\u201cEsta idea de que Pemex estaba en n\u00fameros rojos s\u00ed era cierto porque todo lo que ingresaba se iba al erario de distintas maneras, pero hoy Pemex va a pagar un solo derecho\u201d.<\/p>\n<p>Este impuesto \u00fanico que pagar\u00e1 Pemex a partir de 2025 se llamar\u00e1: Derecho Petrolero para el Bienestar y la Presidenta prometi\u00f3 que ser\u00e1 \u201cmuy transparente\u201d.<\/p>\n<p>\u201cEse derecho estar\u00eda asociado a su producci\u00f3n y ser\u00e1 del 30 por ciento. En el caso del gas ser\u00e1 de 11.63 por ciento. Esto va a permitir capitalizar a Pemex a\u00fan m\u00e1s y que los ingresos que tiene los use para sus propias funciones\u201d, explic\u00f3 Sheinbaum.<\/p>\n<p>La Presidenta expuso que la deuda que carga Pemex se dio en tan solo 10 a\u00f1os, en los gobiernos de Enrique Pe\u00f1a Nieto y Felipe Calder\u00f3n Hinojosa, en ese sentido record\u00f3 c\u00f3mo se busc\u00f3 privatizar la paraestatal en estos dos gobiernos con el argumento de evitar el endeudamiento, cuando no fue as\u00ed, ya que \u00e9sta aument\u00f3 129.5 por ciento, al tiempo que baj\u00f3 la producci\u00f3n de gas, de petr\u00f3leo y gasolina.<\/p>\n<p style=\"text-align: center;\"><strong>El nuevo r\u00e9gimen fiscal para Pemex<\/strong><\/p>\n<p>La petrolera estatal pagar\u00e1 ahora el llamado \u201cDerecho Petrolero para el Bienestar\u201d en lugar de los tres que tributaba hasta la fecha -Derecho de Explotaci\u00f3n, Derecho de Extracci\u00f3n de Hidrocarburos y Derecho de Utilidad Compartida, explic\u00f3 el subsecretario de Hacienda, Edgar Zamora, durante la conferencia en Palacio Nacional.<\/p>\n<p>\u201cLa instrucci\u00f3n de la presidenta fue simplificar para hacer m\u00e1s sencilla la tributaci\u00f3n y capturar las eficiencias productivas y operativas que pueda tener Pemex y condensarla en un s\u00f3lo derecho\u201d, explic\u00f3 el funcionario federal.<\/p>\n<p>El nuevo derecho petrolero tendr\u00e1 para 2025 una tasa general del 30% y para gas no asociado de 11.63%, tomando en cuenta lo que se espera sea la producci\u00f3n de hidrocarburos y precios esperados para el pr\u00f3ximo a\u00f1o.<\/p>\n<p>El funcionario agreg\u00f3 que se atender\u00e1n los compromisos de deuda financiera que tiene Pemex, de unos 97,000 millones de d\u00f3lares, sin recurrir a los mercados de capitales en el corto plazo y apoyar la capacidad financiera de la empresa.<\/p>\n<p style=\"text-align: center;\"><strong>Presentar\u00e1 aportaciones econ\u00f3micas de mexicanos en EU<\/strong><\/p>\n<p>Frente a las amenazas que ha lanzado el pr\u00f3ximo presidente de Estados Unidos, Donald Trump, para imponer aranceles a exportaciones mexicanas o una deportaci\u00f3n \u201cmasiva\u201d de migrantes, el gobierno de M\u00e9xico dar\u00e1 a conocer un informe que incluir\u00e1, con n\u00fameros, la relevancia de las aportaciones de los migrantes mexicanos a la econom\u00eda de la naci\u00f3n vecina y lo central que es el T-MEC para los estadunidenses.<\/p>\n<p>As\u00ed lo dio a conocer la presidenta Sheinbaum Pardo, a pregunta expresa en su conferencia en torno a las acciones anunciadas por el mandatario electo estadounidense. \u201cLo m\u00e1s importantes es demostrar, con informaci\u00f3n, los beneficios para Estados Unidos del trabajo de nuestras y nuestros paisanos all\u00e1 (\u2026) Y tambi\u00e9n la importancia de la integraci\u00f3n, los beneficios de tener el tratado\u201d, remarc\u00f3 la mandataria.<\/p>\n<p>Adelant\u00f3 que el titular de la Secretar\u00eda de Econom\u00eda, Marcelo Ebrard, con el apoyo de la Secretar\u00eda de Hacienda, trabaja en este proyecto.<\/p>\n<p style=\"text-align: center;\"><strong>Rechaza Sheinbaum que explosivos en Durango sea terrorismo<\/strong><\/p>\n<p>Durante la conferencia ma\u00f1anera, la presidenta Sheinbaum Pardo abord\u00f3 el caso de Sinaloa y asegur\u00f3 que se est\u00e1 atendiendo con el combate a la inseguridad.<\/p>\n<p>\u201cSinaloa se est\u00e1 atendiendo. Hay una presencia muy importante de la Guardia (Nacional), de la Secretar\u00eda de la Defensa Nacional, y vamos a ir poco a poco pacificando Sinaloa\u201d, expuso la mandataria.<\/p>\n<p>Rechaz\u00f3 que los actos de violencia llevados acabo por grupos del narco en dicho estado y aleda\u00f1os, sean catalogados como \u201cterrorismo\u201d.<\/p>\n<p style=\"text-align: center;\"><strong>Felicita Sheinbaum a L\u00f3pez Obrador por su cumplea\u00f1os 71<\/strong><\/p>\n<p>Sheinbaum Pardo envi\u00f3 ayer un saludo y una felicitaci\u00f3n a su antecesor, el ex presidente Andr\u00e9s Manuel L\u00f3pez Obrador, con motivo de su cumplea\u00f1os 71.<\/p>\n<p>Ante un comentario de que este mi\u00e9rcoles era el onom\u00e1stico del ex mandatario, la jefa del Ejecutivo se\u00f1al\u00f3: \u201cPara nosotros, el presidente L\u00f3pez Obrador, y para el pueblo de M\u00e9xico, es un hombre que dedic\u00f3 su vida a la transformaci\u00f3n del pa\u00eds\u201d.<\/p>\n<p>Record\u00f3 lo que dijo en su toma de posesi\u00f3n acerca del ex mandatario: \u201cEs el principal dirigente pol\u00edtico del siglo XXI, por lo menos, y el dirigente que condujo a la transformaci\u00f3n de nuestro pa\u00eds\u201d.<\/p>\n","protected":false},"excerpt":{"rendered":"<p>La presidenta Claudia Sheinbaum Pardo present\u00f3 la estrategia energ\u00e9tica que llevar\u00e1 a cabo en su sexenio, el cual contempla fortalecer a Petr\u00f3leos Mexicanos (Pemex) con un nuevo r\u00e9gimen fiscal y con inversiones privadas con esquemas distintos a las Asociaciones P\u00fablico Privadas (APP), que en el pasado resultaron onerosas para el pa\u00eds.<\/p>\n","protected":false},"author":3,"featured_media":640775,"comment_status":"open","ping_status":"open","sticky":false,"template":"","format":"standard","meta":{"_monsterinsights_skip_tracking":false,"_monsterinsights_sitenote_active":false,"_monsterinsights_sitenote_note":"","_monsterinsights_sitenote_category":0,"footnotes":""},"categories":[17,8],"tags":[72207,292,88822],"class_list":["post-640703","post","type-post","status-publish","format-standard","has-post-thumbnail","hentry","category-especiales","category-finanzas","tag-claudia-sheinbaum-pardo","tag-pemex","tag-regimen"],"_links":{"self":[{"href":"https:\/\/www.diarioimagen.net\/index.php?rest_route=\/wp\/v2\/posts\/640703","targetHints":{"allow":["GET"]}}],"collection":[{"href":"https:\/\/www.diarioimagen.net\/index.php?rest_route=\/wp\/v2\/posts"}],"about":[{"href":"https:\/\/www.diarioimagen.net\/index.php?rest_route=\/wp\/v2\/types\/post"}],"author":[{"embeddable":true,"href":"https:\/\/www.diarioimagen.net\/index.php?rest_route=\/wp\/v2\/users\/3"}],"replies":[{"embeddable":true,"href":"https:\/\/www.diarioimagen.net\/index.php?rest_route=%2Fwp%2Fv2%2Fcomments&post=640703"}],"version-history":[{"count":0,"href":"https:\/\/www.diarioimagen.net\/index.php?rest_route=\/wp\/v2\/posts\/640703\/revisions"}],"wp:featuredmedia":[{"embeddable":true,"href":"https:\/\/www.diarioimagen.net\/index.php?rest_route=\/wp\/v2\/media\/640775"}],"wp:attachment":[{"href":"https:\/\/www.diarioimagen.net\/index.php?rest_route=%2Fwp%2Fv2%2Fmedia&parent=640703"}],"wp:term":[{"taxonomy":"category","embeddable":true,"href":"https:\/\/www.diarioimagen.net\/index.php?rest_route=%2Fwp%2Fv2%2Fcategories&post=640703"},{"taxonomy":"post_tag","embeddable":true,"href":"https:\/\/www.diarioimagen.net\/index.php?rest_route=%2Fwp%2Fv2%2Ftags&post=640703"}],"curies":[{"name":"wp","href":"https:\/\/api.w.org\/{rel}","templated":true}]}}