{"id":640717,"date":"2024-11-14T00:01:43","date_gmt":"2024-11-14T06:01:43","guid":{"rendered":"https:\/\/www.diarioimagen.net\/?p=640717"},"modified":"2024-11-19T00:08:44","modified_gmt":"2024-11-19T06:08:44","slug":"estados-unidos-y-canada-emiten-alertas-para-no-viajar-a-culiacan-y-mazatlan","status":"publish","type":"post","link":"https:\/\/www.diarioimagen.net\/?p=640717","title":{"rendered":"Estados Unidos y Canad\u00e1 emiten alertas para no viajar a Culiac\u00e1n y Mazatl\u00e1n"},"content":{"rendered":"<p>&nbsp;<\/p>\n<ul>\n<li><em><strong>Imparable ola de violencia en Sinaloa<\/strong><\/em><\/li>\n<\/ul>\n<p>&nbsp;<\/p>\n<div id=\"attachment_640782\" style=\"width: 470px\" class=\"wp-caption aligncenter\"><a href=\"https:\/\/www.diarioimagen.net\/?attachment_id=640782\" rel=\"attachment wp-att-640782\"><img loading=\"lazy\" decoding=\"async\" aria-describedby=\"caption-attachment-640782\" class=\"size-full wp-image-640782\" src=\"https:\/\/www.diarioimagen.net\/wp-content\/uploads\/2024\/11\/estados-unidos-y-canada.jpg\" alt=\"\" width=\"460\" height=\"270\" srcset=\"https:\/\/www.diarioimagen.net\/wp-content\/uploads\/2024\/11\/estados-unidos-y-canada.jpg 460w, https:\/\/www.diarioimagen.net\/wp-content\/uploads\/2024\/11\/estados-unidos-y-canada-240x141.jpg 240w\" sizes=\"auto, (max-width: 460px) 100vw, 460px\" \/><\/a><p id=\"caption-attachment-640782\" class=\"wp-caption-text\">Los consulados de Estados Unidos y Canad\u00e1 advirtieron a sus ciudadanos no viajar a Culiac\u00e1n y Mazatl\u00e1n ante los \u201cenfrentamientos violentos entre grupos armados rivales\u201d en dichos municipios y \u00e1reas circundantes.<\/p><\/div>\n<p>&nbsp;<\/p>\n<p>Ante los enfrentamientos armados, robos violentos de veh\u00edculos, operativos de las fuerzas de seguridad, bloqueos de carreteras, veh\u00edculos incendiados y carreteras cerradas en las inmediaciones de Culiac\u00e1n, incluida la Carretera Federal 15 Culiac\u00e1n-Mazatl\u00e1n, y otras v\u00edas principales, los gobiernos de Estados y Canad\u00e1 emitieron alertas para no viajar a Sinaloa.<\/p>\n<p>El Consulado General de Estados Unidos recuerda a los ciudadanos estadounidenses que Sinaloa est\u00e1 clasificado como Nivel 4: No viajar en el aviso de viaje del Departamento de Estado para M\u00e9xico. Culiac\u00e1n, la carretera Mazatl\u00e1n-Culiac\u00e1n y Mazatl\u00e1n se encuentran en esta \u00e1rea de Nivel 4 debido a la delincuencia generalizada y las organizaciones criminales que tienen su base y operan en el estado de Sinaloa<\/p>\n<p>Adem\u00e1s, fuentes de los medios de comunicaci\u00f3n informan que las escuelas han reabierto al momento de este mensaje, pero han sido cerradas o se han trasladado a solo en l\u00ednea con poco aviso debido a la violencia armada. Algunas universidades en Mazatl\u00e1n han cancelado las clases nocturnas o han trasladado las clases nocturnas a la instrucci\u00f3n virtual hasta el 1 de noviembre de 2024.<\/p>\n<p>Los ciudadanos estadounidenses presentes en Sinaloa o con planes de viajar all\u00ed deben permanecer alertas ante la posible violencia en todo el estado y evitar cualquier viaje no esencial all\u00ed, incluida la carretera federal Culiac\u00e1n-Mazatl\u00e1n. Los ciudadanos estadounidenses que necesiten servicios de emergencia deben comunicarse con la embajada o el consulado de EU m\u00e1s cercano. Mientras, el gobierno de Canad\u00e1 advirti\u00f3 a sus ciudadanos sobre \u201cenfrentamientos violentos entre grupos armados rivales\u201d en Culiac\u00e1n, Mazatl\u00e1n y \u00e1reas circundantes.<\/p>\n","protected":false},"excerpt":{"rendered":"<p>Ante los enfrentamientos armados, robos violentos de veh\u00edculos, operativos de las fuerzas de seguridad, bloqueos de carreteras, veh\u00edculos incendiados y carreteras cerradas en las inmediaciones de Culiac\u00e1n, incluida la Carretera Federal 15 Culiac\u00e1n-Mazatl\u00e1n, y otras v\u00edas principales, los gobiernos de Estados y Canad\u00e1 emitieron alertas para no viajar a Sinaloa.<\/p>\n","protected":false},"author":3,"featured_media":640782,"comment_status":"open","ping_status":"open","sticky":false,"template":"","format":"standard","meta":{"_monsterinsights_skip_tracking":false,"_monsterinsights_sitenote_active":false,"_monsterinsights_sitenote_note":"","_monsterinsights_sitenote_category":0,"footnotes":""},"categories":[17,7],"tags":[4915,94435,90898,5066],"class_list":["post-640717","post","type-post","status-publish","format-standard","has-post-thumbnail","hentry","category-especiales","category-seguridad","tag-culiacan","tag-imparable","tag-ola","tag-violencia"],"_links":{"self":[{"href":"https:\/\/www.diarioimagen.net\/index.php?rest_route=\/wp\/v2\/posts\/640717","targetHints":{"allow":["GET"]}}],"collection":[{"href":"https:\/\/www.diarioimagen.net\/index.php?rest_route=\/wp\/v2\/posts"}],"about":[{"href":"https:\/\/www.diarioimagen.net\/index.php?rest_route=\/wp\/v2\/types\/post"}],"author":[{"embeddable":true,"href":"https:\/\/www.diarioimagen.net\/index.php?rest_route=\/wp\/v2\/users\/3"}],"replies":[{"embeddable":true,"href":"https:\/\/www.diarioimagen.net\/index.php?rest_route=%2Fwp%2Fv2%2Fcomments&post=640717"}],"version-history":[{"count":0,"href":"https:\/\/www.diarioimagen.net\/index.php?rest_route=\/wp\/v2\/posts\/640717\/revisions"}],"wp:featuredmedia":[{"embeddable":true,"href":"https:\/\/www.diarioimagen.net\/index.php?rest_route=\/wp\/v2\/media\/640782"}],"wp:attachment":[{"href":"https:\/\/www.diarioimagen.net\/index.php?rest_route=%2Fwp%2Fv2%2Fmedia&parent=640717"}],"wp:term":[{"taxonomy":"category","embeddable":true,"href":"https:\/\/www.diarioimagen.net\/index.php?rest_route=%2Fwp%2Fv2%2Fcategories&post=640717"},{"taxonomy":"post_tag","embeddable":true,"href":"https:\/\/www.diarioimagen.net\/index.php?rest_route=%2Fwp%2Fv2%2Ftags&post=640717"}],"curies":[{"name":"wp","href":"https:\/\/api.w.org\/{rel}","templated":true}]}}