{"id":640720,"date":"2024-11-14T00:07:23","date_gmt":"2024-11-14T06:07:23","guid":{"rendered":"https:\/\/www.diarioimagen.net\/?p=640720"},"modified":"2024-11-14T23:02:20","modified_gmt":"2024-11-15T05:02:20","slug":"llevan-a-cabo-el-primer-congreso-internacional-infancias-con-referentes-de-crianza-en-prision","status":"publish","type":"post","link":"https:\/\/www.diarioimagen.net\/?p=640720","title":{"rendered":"Llevan a cabo el Primer Congreso Internacional Infancias con Referentes de Crianza en Prisi\u00f3n"},"content":{"rendered":"<p>&nbsp;<\/p>\n<h2 style=\"text-align: center;\">UAEM\u00e9x y el Poder Judicial del Estado de M\u00e9xico<\/h2>\n<p><strong>\u00a0<\/strong><\/p>\n<div id=\"attachment_640773\" style=\"width: 470px\" class=\"wp-caption aligncenter\"><a href=\"https:\/\/www.diarioimagen.net\/?attachment_id=640773\" rel=\"attachment wp-att-640773\"><img loading=\"lazy\" decoding=\"async\" aria-describedby=\"caption-attachment-640773\" class=\"size-full wp-image-640773\" src=\"https:\/\/www.diarioimagen.net\/wp-content\/uploads\/2024\/11\/uaem-llevan-a-cabo.jpg\" alt=\"\" width=\"460\" height=\"270\" srcset=\"https:\/\/www.diarioimagen.net\/wp-content\/uploads\/2024\/11\/uaem-llevan-a-cabo.jpg 460w, https:\/\/www.diarioimagen.net\/wp-content\/uploads\/2024\/11\/uaem-llevan-a-cabo-240x141.jpg 240w\" sizes=\"auto, (max-width: 460px) 100vw, 460px\" \/><\/a><p id=\"caption-attachment-640773\" class=\"wp-caption-text\">Desarrollan el Primer Simposio sobre tem\u00e1ticas de Ni\u00f1ez y Adolescencias en contextos de vulnerabilidad en el Estado de M\u00e9xico.<\/p><\/div>\n<p>&nbsp;<\/p>\n<p><strong>Toluca, Estado de M\u00e9xico.\u2014<\/strong> Con el prop\u00f3sito de reflexionar en torno a los derechos humanos de las infancias con referentes de crianza en prisi\u00f3n, la Universidad Aut\u00f3noma del Estado de M\u00e9xico (UAEM\u00e9x), en conjunto con el Poder Judicial del Estado de M\u00e9xico, llev\u00f3 a cabo el Primer Congreso Internacional Infancias con Referentes de Crianza en Prisi\u00f3n y el Primer Simposio sobre tem\u00e1ticas de Ni\u00f1ez y Adolescencias en Contextos de Vulnerabilidad en el Estado de M\u00e9xico.<\/p>\n<p>En representaci\u00f3n del rector de la M\u00e1xima Casa de Estudios mexiquense, Carlos Eduardo Barrera D\u00edaz, el director de Seguimiento y Evaluaci\u00f3n a los Estudios Avanzados, Francisco Herrera Tapia, destac\u00f3 que este congreso internacional y simposio son fundamentales ante las diversas situaciones y violencias que enfrentan las infancias y juventudes para seguir impulsando una agenda de investigaci\u00f3n e incidencia social en pro de sus derechos dentro y fuera de los sistemas penitenciarios.<\/p>\n<p>\u201cEn tiempos de guerras, crisis civilizatorias y cambios clim\u00e1ticos severos, as\u00ed como en una era digital e inteligencia artificial, es necesario voltear a ver a las infancias y las condiciones en que se encuentran, adem\u00e1s de las vulnerabilidades que enfrentan de manera interseccional\u201d, mencion\u00f3.<\/p>\n<p>Por su parte, la representante del comit\u00e9 organizador del Primer Congreso Internacional Infancias con Referentes de Crianza en Prisi\u00f3n y el Primer Simposio sobre tem\u00e1ticas de Ni\u00f1ez y Adolescencias en Contextos de Vulnerabilidad en el Estado de M\u00e9xico, Diana Elisa Gonz\u00e1lez Calderon, apunt\u00f3 que este encuentro surge con la intenci\u00f3n de compartir los trabajos de investigaci\u00f3n de la C\u00e1tedra de Investigaci\u00f3n: Infancias con Referentes de Crianza en Prisi\u00f3n. Infancia es Destino, adem\u00e1s de abrir el di\u00e1logo a diversas experiencias de conocimiento a nivel local, nacional e internacional sobre ni\u00f1eces y adolescencias con referentes de crianza en prisi\u00f3n, nacidos en reclusi\u00f3n, privadas de su libertad y en contextos de vulnerabilidad.<\/p>\n<p>Durante la inauguraci\u00f3n, el presidente del Tribunal Superior de Justicia del Estado de M\u00e9xico y del Consejo de la Judicatura, Ricardo Sodi Cuellar, dict\u00f3 la conferencia magistral \u201cInfancia es destino. A tres a\u00f1os\u201d, en la cual afirm\u00f3 que esta c\u00e1tedra tiene como prop\u00f3sito generar evidencia emp\u00edrica s\u00f3lida desde el impacto que tiene el crecimiento en contextos de privaci\u00f3n de libertad y que nacen en reclusi\u00f3n, desde un enfoque multidisciplinario, interdisciplinario e interseccional.<\/p>\n<p>\u201cSe busca mejorar las estrategias en las resoluciones de los juzgados de ejecuci\u00f3n penal, que cada vez adoptan m\u00e1s enfoques humanistas y buscan garantizar el inter\u00e9s superior de la ni\u00f1ez\u201d, abund\u00f3.<\/p>\n<p>Este Primer Congreso Internacional sobre Infancias con Referentes de Crianza en Prisi\u00f3n re\u00fane a expertos, acad\u00e9micos y responsables de pol\u00edticas p\u00fablicas, y destacados invitados internacionales de Guatemala, Brasil e Italia. En sus seis mesas de an\u00e1lisis se abordar\u00e1n temas esenciales como la experiencia de paternidades y maternidades en prisi\u00f3n, la reinserci\u00f3n social y los derechos de personas adolescentes en contacto con el sistema de justicia, creando as\u00ed un espacio \u00fanico de di\u00e1logo, reflexi\u00f3n y propuestas concretas.<\/p>\n<p>Al acto acudieron el subsecretario de Control Penitenciario de la Secretar\u00eda de Seguridad del Estado de M\u00e9xico, V\u00edctor Manuel Mart\u00ednez, integrantes de la Judicatura del Poder Judicial del Estado de M\u00e9xico, integrantes del colegio de directores e investigadores e investigadoras de la C\u00e1tedra de Investigaci\u00f3n: Infancias con Referentes de Crianza en Prisi\u00f3n. Infancia es Destino.<\/p>\n","protected":false},"excerpt":{"rendered":"<p>Con el prop\u00f3sito de reflexionar en torno a los derechos humanos de las infancias con referentes de crianza en prisi\u00f3n, la Universidad Aut\u00f3noma del Estado de M\u00e9xico (UAEM\u00e9x), en conjunto con el Poder Judicial del Estado de M\u00e9xico, llev\u00f3 a cabo el Primer Congreso Internacional Infancias con Referentes de Crianza en Prisi\u00f3n y el Primer Simposio sobre tem\u00e1ticas de Ni\u00f1ez y Adolescencias en Contextos de Vulnerabilidad en el Estado de M\u00e9xico.<\/p>\n","protected":false},"author":3,"featured_media":640773,"comment_status":"open","ping_status":"open","sticky":false,"template":"","format":"standard","meta":{"_monsterinsights_skip_tracking":false,"_monsterinsights_sitenote_active":false,"_monsterinsights_sitenote_note":"","_monsterinsights_sitenote_category":0,"footnotes":""},"categories":[5],"tags":[101222,67878],"class_list":["post-640720","post","type-post","status-publish","format-standard","has-post-thumbnail","hentry","category-estado-de-mexico","tag-poder-judicial-del-estado-de-mexico","tag-uaemex"],"_links":{"self":[{"href":"https:\/\/www.diarioimagen.net\/index.php?rest_route=\/wp\/v2\/posts\/640720","targetHints":{"allow":["GET"]}}],"collection":[{"href":"https:\/\/www.diarioimagen.net\/index.php?rest_route=\/wp\/v2\/posts"}],"about":[{"href":"https:\/\/www.diarioimagen.net\/index.php?rest_route=\/wp\/v2\/types\/post"}],"author":[{"embeddable":true,"href":"https:\/\/www.diarioimagen.net\/index.php?rest_route=\/wp\/v2\/users\/3"}],"replies":[{"embeddable":true,"href":"https:\/\/www.diarioimagen.net\/index.php?rest_route=%2Fwp%2Fv2%2Fcomments&post=640720"}],"version-history":[{"count":0,"href":"https:\/\/www.diarioimagen.net\/index.php?rest_route=\/wp\/v2\/posts\/640720\/revisions"}],"wp:featuredmedia":[{"embeddable":true,"href":"https:\/\/www.diarioimagen.net\/index.php?rest_route=\/wp\/v2\/media\/640773"}],"wp:attachment":[{"href":"https:\/\/www.diarioimagen.net\/index.php?rest_route=%2Fwp%2Fv2%2Fmedia&parent=640720"}],"wp:term":[{"taxonomy":"category","embeddable":true,"href":"https:\/\/www.diarioimagen.net\/index.php?rest_route=%2Fwp%2Fv2%2Fcategories&post=640720"},{"taxonomy":"post_tag","embeddable":true,"href":"https:\/\/www.diarioimagen.net\/index.php?rest_route=%2Fwp%2Fv2%2Ftags&post=640720"}],"curies":[{"name":"wp","href":"https:\/\/api.w.org\/{rel}","templated":true}]}}