{"id":640722,"date":"2024-11-14T00:08:43","date_gmt":"2024-11-14T06:08:43","guid":{"rendered":"https:\/\/www.diarioimagen.net\/?p=640722"},"modified":"2024-11-15T01:19:08","modified_gmt":"2024-11-15T07:19:08","slug":"la-uaemex-rinde-homenaje-al-artista-vicente-rojo-con-la-inauguracion-de-volcanes-una-exposicion-de-sus-obras","status":"publish","type":"post","link":"https:\/\/www.diarioimagen.net\/?p=640722","title":{"rendered":"La UAEM\u00e9x rinde homenaje al artista Vicente\u00a0Rojo, con\u00a0 la inauguraci\u00f3n de <em>Volcanes<\/em>, una exposici\u00f3n de sus obras"},"content":{"rendered":"<p>&nbsp;<\/p>\n<div id=\"attachment_640771\" style=\"width: 470px\" class=\"wp-caption aligncenter\"><a href=\"https:\/\/www.diarioimagen.net\/?attachment_id=640771\" rel=\"attachment wp-att-640771\"><img loading=\"lazy\" decoding=\"async\" aria-describedby=\"caption-attachment-640771\" class=\"size-full wp-image-640771\" src=\"https:\/\/www.diarioimagen.net\/wp-content\/uploads\/2024\/11\/uaem-rinde-homenaje.jpg\" alt=\"\" width=\"460\" height=\"270\" srcset=\"https:\/\/www.diarioimagen.net\/wp-content\/uploads\/2024\/11\/uaem-rinde-homenaje.jpg 460w, https:\/\/www.diarioimagen.net\/wp-content\/uploads\/2024\/11\/uaem-rinde-homenaje-240x141.jpg 240w\" sizes=\"auto, (max-width: 460px) 100vw, 460px\" \/><\/a><p id=\"caption-attachment-640771\" class=\"wp-caption-text\">La exposici\u00f3n del reconocido artista pl\u00e1stico, dise\u00f1ador gr\u00e1fico y escultor refleja los paisajes mexicanos a trav\u00e9s de esculturas, grabados y dibujos, mismos que estar\u00e1n disponibles hasta enero de 2025 en el Edificio de Rector\u00eda.<\/p><\/div>\n<p>&nbsp;<\/p>\n<p><strong>Toluca, Estado de M\u00e9xico.<\/strong>\u2014 Con el objetivo de celebrar el legado del escultor, dise\u00f1ador gr\u00e1fico y artista pl\u00e1stico Vicente Rojo, as\u00ed como rendir homenaje a su trabajo, la Universidad Aut\u00f3noma del Estado de M\u00e9xico (UAEM\u00e9x), en colaboraci\u00f3n con El Colegio Nacional, inaugur\u00f3 la exposici\u00f3n Volcanes, conformada por 15 esculturas y nueve obras gr\u00e1ficas del autor.<\/p>\n<p>En representaci\u00f3n del rector de la UAEM\u00e9x, Carlos Eduardo Barrera D\u00edaz, la secretaria de Difusi\u00f3n Cultural, Mar\u00eda de las Mercedes Portilla Luja, encabez\u00f3 la inauguraci\u00f3n y destac\u00f3 al misticismo y lo espiritual como elementos que trascienden en la obra de Rojo.<\/p>\n<p>\u201cLa exposici\u00f3n Volcanes invita a redescubrir la conexi\u00f3n profunda entre el ser humano y la naturaleza, record\u00e1ndonos la majestuosidad de estas monta\u00f1as eternas para sumergirse en esta experiencia y reflexionar sobre la relevancia de estos elementos en nuestra cultura mexicana\u201d, mencion\u00f3.<\/p>\n<p>Posterior al corte del list\u00f3n inaugural, la coordinadora de Exposiciones y Colecciones de El Colegio Nacional, Vivian C\u00e1rdenas, realiz\u00f3 un recorrido explicado de Volcanes, en la cual destac\u00f3 el uso de figuras geom\u00e9tricas y materiales como el bronce y el aluminio para representar la mexicanidad de los paisajes.<\/p>\n<p>Vicente Rojo naci\u00f3 en Barcelona, Espa\u00f1a en 1932 donde realiz\u00f3 sus primeros estudios de escultura y cer\u00e1mica, pero debido al exilio durante la Guerra Civil Espa\u00f1ola, lleg\u00f3 a M\u00e9xico en 1949. Aqu\u00ed se consolid\u00f3 como pionero del dise\u00f1o gr\u00e1fico y uno de los artistas m\u00e1s importantes del abstraccionismo en M\u00e9xico. Su obra ha sido exhibida en recintos como el Museo de Arte Moderno, el Palacio de Bellas Artes y el Museo Nacional, en M\u00e9xico, as\u00ed como el Centro de Arte Reina Sof\u00eda, en Espa\u00f1a.<\/p>\n<p>A la inauguraci\u00f3n asistieron la secretaria Administradora de El Colegio Nacional, Teresa Vicencio \u00c1lvarez; la directora de Gesti\u00f3n de Actividades de El Colegio Nacional, Hayd\u00e9 Zavala Leyva; la directora de Patrimonio Cultural, Yuriko Elizabeth Rojas Moriyama; el conferencista magistral del Segundo Encuentro Nacional de Patrimonio Tangible e Intangible de los Pueblos Originarios, Fernando Montiel Tiscare\u00f1o; la directora de la Facultad de Antropolog\u00eda de la UAEM\u00e9x, Mireya N\u00fa\u00f1ez Mart\u00ednez, y el subdirector acad\u00e9mico del Plantel \u201cLic. Adolfo L\u00f3pez Mateos\u201d de la Escuela Preparatoria, Enrique Adolfo Menchaca.<\/p>\n<p>La exposici\u00f3n Volcanes estar\u00e1 disponible de octubre de 2024 a enero de 2025, en la Galer\u00eda Universitaria \u201cFernando Cano\u201d del Edificio de Rector\u00eda de la UAEM\u00e9x, con horario de lunes a viernes, de 10 a 18 horas, y s\u00e1bados y domingos, de 10 a 17 horas.<\/p>\n","protected":false},"excerpt":{"rendered":"<p>Con el objetivo de celebrar el legado del escultor, dise\u00f1ador gr\u00e1fico y artista pl\u00e1stico Vicente Rojo, as\u00ed como rendir homenaje a su trabajo, la Universidad Aut\u00f3noma del Estado de M\u00e9xico (UAEM\u00e9x), en colaboraci\u00f3n con El Colegio Nacional, inaugur\u00f3 la exposici\u00f3n Volcanes, conformada por 15 esculturas y nueve obras gr\u00e1ficas del autor.<\/p>\n","protected":false},"author":3,"featured_media":640771,"comment_status":"open","ping_status":"open","sticky":false,"template":"","format":"standard","meta":{"_monsterinsights_skip_tracking":false,"_monsterinsights_sitenote_active":false,"_monsterinsights_sitenote_note":"","_monsterinsights_sitenote_category":0,"footnotes":""},"categories":[5],"tags":[92667,46918,67878,81472],"class_list":["post-640722","post","type-post","status-publish","format-standard","has-post-thumbnail","hentry","category-estado-de-mexico","tag-carlos-eduardo-barrera-diaz","tag-exposicion","tag-uaemex","tag-volcanes"],"_links":{"self":[{"href":"https:\/\/www.diarioimagen.net\/index.php?rest_route=\/wp\/v2\/posts\/640722","targetHints":{"allow":["GET"]}}],"collection":[{"href":"https:\/\/www.diarioimagen.net\/index.php?rest_route=\/wp\/v2\/posts"}],"about":[{"href":"https:\/\/www.diarioimagen.net\/index.php?rest_route=\/wp\/v2\/types\/post"}],"author":[{"embeddable":true,"href":"https:\/\/www.diarioimagen.net\/index.php?rest_route=\/wp\/v2\/users\/3"}],"replies":[{"embeddable":true,"href":"https:\/\/www.diarioimagen.net\/index.php?rest_route=%2Fwp%2Fv2%2Fcomments&post=640722"}],"version-history":[{"count":0,"href":"https:\/\/www.diarioimagen.net\/index.php?rest_route=\/wp\/v2\/posts\/640722\/revisions"}],"wp:featuredmedia":[{"embeddable":true,"href":"https:\/\/www.diarioimagen.net\/index.php?rest_route=\/wp\/v2\/media\/640771"}],"wp:attachment":[{"href":"https:\/\/www.diarioimagen.net\/index.php?rest_route=%2Fwp%2Fv2%2Fmedia&parent=640722"}],"wp:term":[{"taxonomy":"category","embeddable":true,"href":"https:\/\/www.diarioimagen.net\/index.php?rest_route=%2Fwp%2Fv2%2Fcategories&post=640722"},{"taxonomy":"post_tag","embeddable":true,"href":"https:\/\/www.diarioimagen.net\/index.php?rest_route=%2Fwp%2Fv2%2Ftags&post=640722"}],"curies":[{"name":"wp","href":"https:\/\/api.w.org\/{rel}","templated":true}]}}