{"id":640728,"date":"2024-11-14T00:04:31","date_gmt":"2024-11-14T06:04:31","guid":{"rendered":"https:\/\/www.diarioimagen.net\/?p=640728"},"modified":"2024-11-14T01:09:22","modified_gmt":"2024-11-14T07:09:22","slug":"cuautitlan-izcalli-no-sera-rehen-de-la-delincuencia-empresarios","status":"publish","type":"post","link":"https:\/\/www.diarioimagen.net\/?p=640728","title":{"rendered":"Cuautitl\u00e1n Izcalli no ser\u00e1 reh\u00e9n\u00a0de\u00a0la\u00a0delincuencia: empresarios"},"content":{"rendered":"<p>&nbsp;<\/p>\n<ul>\n<li><em><strong>Refrendan apoyo a estrategia de seguridad<\/strong><\/em><\/li>\n<\/ul>\n<p><strong>\u00a0<\/strong><\/p>\n<h6>Arturo Baena<\/h6>\n<p>&nbsp;<\/p>\n<div id=\"attachment_640802\" style=\"width: 470px\" class=\"wp-caption aligncenter\"><a href=\"https:\/\/www.diarioimagen.net\/?attachment_id=640802\" rel=\"attachment wp-att-640802\"><img loading=\"lazy\" decoding=\"async\" aria-describedby=\"caption-attachment-640802\" class=\"size-full wp-image-640802\" src=\"https:\/\/www.diarioimagen.net\/wp-content\/uploads\/2024\/11\/cuautitlan-izcalli.jpg\" alt=\"\" width=\"460\" height=\"270\" srcset=\"https:\/\/www.diarioimagen.net\/wp-content\/uploads\/2024\/11\/cuautitlan-izcalli.jpg 460w, https:\/\/www.diarioimagen.net\/wp-content\/uploads\/2024\/11\/cuautitlan-izcalli-240x141.jpg 240w\" sizes=\"auto, (max-width: 460px) 100vw, 460px\" \/><\/a><p id=\"caption-attachment-640802\" class=\"wp-caption-text\">Empresarios, l\u00edderes sociales y sociedad civil de Cuautitl\u00e1n Izcalli, en voz de Julio Ruiz, refrendaron su apoyo a la estrategia de seguridad implementada por los tres \u00f3rdenes de gobierno.<\/p><\/div>\n<p>&nbsp;<\/p>\n<p><strong>Cuautitl\u00e1n Izcalli, Estado de M\u00e9xico.\u2014<\/strong> No vamos a permitir que nuestro municipio se convierta en reh\u00e9n de la delincuencia organizada. Somos m\u00e1s la gente buena y trabajadora, que desea paz y tranquilidad de nuestras familias, por ello, refrendamos nuestro apoyo a la estrategia de seguridad implementada por los tres \u00f3rdenes de gobierno.<\/p>\n<p>Afirmaron lo anterior empresarios, l\u00edderes sociales y sociedad civil, en voz de Julio Ruiz,\u00a0 luego de destacar que \u201cel gobierno encabezado por la alcaldesa Karla Fiesco Garc\u00eda, cuenta con el respaldo de la ciudadan\u00eda, que por un hecho aislado, no podr\u00e1 ahuyentar la inversi\u00f3n ni la seguridad en nuestro municipio\u201d, dijeron.<\/p>\n<p>Sin embargo, los izcallenses destacaron que, \u201cefectivamente, se necesita reforzar la seguridad en algunos puntos del municipio, con la ayuda de la polic\u00eda estatal y Guardia Nacional, que le seguir\u00e1 permitiendo al gobierno disminuir delitos de acto impacto\u201d.<\/p>\n<p>En ese sentido, el empresario mexiquense Julio Ruiz reconoci\u00f3 que Cuautitl\u00e1n Izcalli, ha hecho su mejor esfuerzo en materia de seguridad y no hay motivo por el cual no se deba de seguir trabajando en favor de las familias que viven en ese municipio.<\/p>\n<p>\u201cSabemos que la violencia se observa en todo el territorio nacional e Izcalli no es la excepci\u00f3n, sin embargo, hay que reconocer que el gobierno municipal, nos ha garantizado tranquilidad para poder desarrollar nuestras actividades, pero tambi\u00e9n hacemos un llamado al gobierno federal y estatal para que se sume para\u00a0 implementar mayor seguridad\u201d, dijo.<\/p>\n<p>Finalmente, sobre este tema, Crist\u00f3bal Casta\u00f1eda, secretario de Seguridad del Estado de M\u00e9xico, destac\u00f3 que \u201chay y habr\u00e1 plena coordinaci\u00f3n con municipios para seguir bajando la incidencia delictiva en todo el territorio mexiquense\u201d, concluy\u00f3.<\/p>\n","protected":false},"excerpt":{"rendered":"<p>No vamos a permitir que nuestro municipio se convierta en reh\u00e9n de la delincuencia organizada. Somos m\u00e1s la gente buena y trabajadora, que desea paz y tranquilidad de nuestras familias, por ello, refrendamos nuestro apoyo a la estrategia de seguridad implementada por los tres \u00f3rdenes de gobierno.<\/p>\n","protected":false},"author":3,"featured_media":640802,"comment_status":"open","ping_status":"open","sticky":false,"template":"","format":"standard","meta":{"_monsterinsights_skip_tracking":false,"_monsterinsights_sitenote_active":false,"_monsterinsights_sitenote_note":"","_monsterinsights_sitenote_category":0,"footnotes":""},"categories":[5],"tags":[971,8654,10071,43675],"class_list":["post-640728","post","type-post","status-publish","format-standard","has-post-thumbnail","hentry","category-estado-de-mexico","tag-cuautitlan-izcalli","tag-delincuencia","tag-empresarios","tag-estado-de-mexico"],"_links":{"self":[{"href":"https:\/\/www.diarioimagen.net\/index.php?rest_route=\/wp\/v2\/posts\/640728","targetHints":{"allow":["GET"]}}],"collection":[{"href":"https:\/\/www.diarioimagen.net\/index.php?rest_route=\/wp\/v2\/posts"}],"about":[{"href":"https:\/\/www.diarioimagen.net\/index.php?rest_route=\/wp\/v2\/types\/post"}],"author":[{"embeddable":true,"href":"https:\/\/www.diarioimagen.net\/index.php?rest_route=\/wp\/v2\/users\/3"}],"replies":[{"embeddable":true,"href":"https:\/\/www.diarioimagen.net\/index.php?rest_route=%2Fwp%2Fv2%2Fcomments&post=640728"}],"version-history":[{"count":0,"href":"https:\/\/www.diarioimagen.net\/index.php?rest_route=\/wp\/v2\/posts\/640728\/revisions"}],"wp:featuredmedia":[{"embeddable":true,"href":"https:\/\/www.diarioimagen.net\/index.php?rest_route=\/wp\/v2\/media\/640802"}],"wp:attachment":[{"href":"https:\/\/www.diarioimagen.net\/index.php?rest_route=%2Fwp%2Fv2%2Fmedia&parent=640728"}],"wp:term":[{"taxonomy":"category","embeddable":true,"href":"https:\/\/www.diarioimagen.net\/index.php?rest_route=%2Fwp%2Fv2%2Fcategories&post=640728"},{"taxonomy":"post_tag","embeddable":true,"href":"https:\/\/www.diarioimagen.net\/index.php?rest_route=%2Fwp%2Fv2%2Ftags&post=640728"}],"curies":[{"name":"wp","href":"https:\/\/api.w.org\/{rel}","templated":true}]}}