{"id":640828,"date":"2024-11-15T00:01:05","date_gmt":"2024-11-15T06:01:05","guid":{"rendered":"https:\/\/www.diarioimagen.net\/?p=640828"},"modified":"2024-11-18T00:38:19","modified_gmt":"2024-11-18T06:38:19","slug":"la-relacion-de-mexico-con-eu-es-de-coordinacion-no-de-subordinacion-csp","status":"publish","type":"post","link":"https:\/\/www.diarioimagen.net\/?p=640828","title":{"rendered":"La relaci\u00f3n de M\u00e9xico con\u00a0EU es de coordinaci\u00f3n, no\u00a0de\u00a0subordinaci\u00f3n: CSP"},"content":{"rendered":"<p>&nbsp;<\/p>\n<h2 style=\"text-align: center;\">Respuesta al embajador Ken Salazar<\/h2>\n<p><em>\u00a0<\/em><\/p>\n<ul>\n<li><strong><em>Tiene que haber di\u00e1logo en tr\u00e1fico de drogas, <\/em><em>armas, migraci\u00f3n y seguridad, se\u00f1ala la Presidenta<\/em><\/strong><\/li>\n<\/ul>\n<p>&nbsp;<\/p>\n<div id=\"attachment_640901\" style=\"width: 470px\" class=\"wp-caption aligncenter\"><a href=\"https:\/\/www.diarioimagen.net\/?attachment_id=640901\" rel=\"attachment wp-att-640901\"><img loading=\"lazy\" decoding=\"async\" aria-describedby=\"caption-attachment-640901\" class=\"size-full wp-image-640901\" src=\"https:\/\/www.diarioimagen.net\/wp-content\/uploads\/2024\/11\/claudia-9.jpg\" alt=\"\" width=\"460\" height=\"270\" srcset=\"https:\/\/www.diarioimagen.net\/wp-content\/uploads\/2024\/11\/claudia-9.jpg 460w, https:\/\/www.diarioimagen.net\/wp-content\/uploads\/2024\/11\/claudia-9-240x141.jpg 240w\" sizes=\"auto, (max-width: 460px) 100vw, 460px\" \/><\/a><p id=\"caption-attachment-640901\" class=\"wp-caption-text\">La presidenta Claudia Sheinbaum Pardo se\u00f1al\u00f3 que la relaci\u00f3n entre M\u00e9xicos y Estados Unidos es de coordinaci\u00f3n y no de subordinaci\u00f3n, por lo que aunque compartan problemas, cada uno es un pa\u00eds soberano.<\/p><\/div>\n<p>&nbsp;<\/p>\n<p>Luego de las declaraciones del embajador de Estados Unidos en M\u00e9xico, Ken Salazar, de que la estrategia \u201cabrazos, no balazos\u201d,\u00a0\u00a0del ex presidente Andr\u00e9s Manuel L\u00f3pez Obrador no funcion\u00f3, la presidenta Claudia Sheinbaum Pardo se\u00f1al\u00f3 que la relaci\u00f3n entre M\u00e9xicos y Estados Unidos es de coordinaci\u00f3n y no de subordinaci\u00f3n, por lo que aunque compartan problemas, cada uno es un pa\u00eds soberano.<\/p>\n<p>En su conferencia ma\u00f1anera de este jueves 14 de noviembre en Palacio Nacional, Sheinbaum Pardo declar\u00f3 que \u201chay diferencias entre lo que dice el embajador de Estados Unidos un d\u00eda, con lo que dice otro d\u00eda\u201d.<\/p>\n<p>\u201cTal fue el caso de la reforma al Poder Judicial\u201d, asever\u00f3 la presidenta Sheinbaum al asegurar que \u201cun d\u00eda dijo que le parec\u00eda bien\u201d y \u201cuna semana despu\u00e9s dijo que iba a ser muy malo para M\u00e9xico\u201d.<\/p>\n<p>En el Sal\u00f3n Tesorer\u00eda, la mandataria pidi\u00f3 que se exhibieran declaraciones de Salazar sobre la colaboraci\u00f3n entre ambos pa\u00edses sobre seguridad. Mencion\u00f3 adem\u00e1s que la Secretar\u00eda de Relaciones Exteriores envi\u00f3 una nota diplom\u00e1tica a la Embajada de Estados Unidos en M\u00e9xico por los dichos de Salazar.<\/p>\n<p>\u201cTiene que haber consecuencia, tiene que haber l\u00f3gica en las declaraciones que hace uno, no puede uno declarar una cosa y luego declarar otra cosa\u201d, expres\u00f3. \u201cSobre todo es esta disparidad de declaraciones de la misma persona y por otro lado la coordinaci\u00f3n, m\u00e1s no la subordinaci\u00f3n\u201d, declar\u00f3.<\/p>\n<p>\u201cM\u00e9xico es un pa\u00eds libre independiente, nos coordinamos con el presidente Biden; el ex presidente L\u00f3pez Obrador tuvo un di\u00e1logo de alto nivel que le llamaron el Di\u00e1logo Bicentenario en distintos temas, tr\u00e1fico de drogas, armas, migraci\u00f3n y seguridad. Va a seguir habiendo coordinaci\u00f3n porque es muy importante, tenemos una frontera com\u00fan, entonces tiene que haber di\u00e1logo que nos permita coordinarnos en diferentes temas que importan a uno y a otro pa\u00eds\u201d, expres\u00f3.<\/p>\n<p>Apunt\u00f3 que el canciller Juan Ram\u00f3n de la Fuente seguir\u00e1 en contacto con el embajador Salazar.<\/p>\n<p style=\"text-align: center;\"><strong>\u201cElevar a rango constitucional la<br \/>\nsiembra de ma\u00edz blanco, la mejor defensa\u201d<\/strong><\/p>\n<p>Despu\u00e9s de que M\u00e9xico perdi\u00f3 el panel de soluci\u00f3n de controversias contra Estados Unidos, relacionado con restricciones a las importaciones mexicanas de ma\u00edz transg\u00e9nico, Shienbaum Pardo asegur\u00f3 que la mejor defensa para la conservaci\u00f3n de la biodiversidad y la salud es que la siembra del ma\u00edz blanco no modificado gen\u00e9ticamente se eleve a rango constitucional.<\/p>\n<p>Eso, dijo, est\u00e1 por aprobarse en la C\u00e1mara de Diputados, como parte del paquete de iniciativas de reformas constitucionales que envi\u00f3 al Congreso el ex presidente Andr\u00e9s Manuel L\u00f3pez Obrador.<\/p>\n<p>Manifest\u00f3 que M\u00e9xico es autosuficiente en ma\u00edz blanco y \u201cnosotros tenemos por obligaci\u00f3n que conservar nuestra biodiversidad y no solamente animal, vegetal, sino gen\u00e9tica\u201d.<\/p>\n<p>Nuestra obligaci\u00f3n, subray\u00f3, es conservar todas las variedades de ma\u00edz, producto de la domesticaci\u00f3n de los pueblos originarios.<\/p>\n<p>Indic\u00f3 que ante la modificaci\u00f3n de los genes, \u201csupuestamente para mayor alimentaci\u00f3n, hay quienes piensan que pueden tener da\u00f1os a la salud. Tienen un problema adicional, que el campesino depende siempre de la semilla\u201d.<\/p>\n<p>Y el ma\u00edz blanco que se siembra en M\u00e9xico no debe ser transg\u00e9nico, precis\u00f3. Se debe ir mejorando la semilla \u201cen los propios cultivos, no en laboratorios, a partir de las distintas instituciones p\u00fablicas y con los campesinos\u201d, indic\u00f3.<\/p>\n<p>A\u00f1adi\u00f3 que tambi\u00e9n se debe avanzar mucho en la siembra de frijol, para reducir su importaci\u00f3n -actualmente 300 mil toneladas.<\/p>\n<p style=\"text-align: center;\"><strong>\u201cInjustificable, el presupuesto solicitado para elecci\u00f3n judicial\u201d<\/strong><\/p>\n<p>Sobre el gasto para la elecci\u00f3n judicial, la presidenta Sheinbaum Pardo volvi\u00f3 a manifestar su extra\u00f1amiento por la intenci\u00f3n del Instituto Nacional Electoral (INE) para solicitar 13.2 mil millones de pesos de presupuesto para 2025, bajo el argumento que habr\u00e1 elecci\u00f3n para los integrantes del Poder Judicial.<\/p>\n<p>Interrogada al respecto en la ma\u00f1anera, la jefa del Ejecutivo federal subray\u00f3 que \u201cno es justificable el presupuesto que est\u00e1n enviando\u201d, explic\u00f3 que el organismo electoral est\u00e1 solicitando m\u00e1s presupuesto para 2025 que el que tuvo en 2024.<\/p>\n<p>\u201cS\u00ed, va a haber una elecci\u00f3n el pr\u00f3ximo a\u00f1o, para las personas del Poder Judicial, pero a diferencia de las elecciones de 2024, no hay financiamiento a partidos pol\u00edticos especial por campa\u00f1as electorales, porque no hay financiamiento a la campa\u00f1a de jueces, magistrados y ministros, no hay recurso publico a las campa\u00f1as. Entonces, \u00bfpor qu\u00e9 tanto recurso?\u201d, cuestion\u00f3.<\/p>\n<p>La mandataria refiri\u00f3 que 2025 es un \u201ca\u00f1o especial\u201d en el que se busca disminuir el d\u00e9ficit de 2024, \u201cy las elecciones se pueden hacer sin necesidad de tanto gasto\u201d.<\/p>\n","protected":false},"excerpt":{"rendered":"<p>Luego de las declaraciones del embajador de Estados Unidos en M\u00e9xico, Ken Salazar, de que la estrategia \u201cabrazos, no balazos\u201d,\u00a0\u00a0del ex presidente Andr\u00e9s Manuel L\u00f3pez Obrador no funcion\u00f3, la presidenta Claudia Sheinbaum Pardo se\u00f1al\u00f3 que la relaci\u00f3n entre M\u00e9xicos y Estados Unidos es de coordinaci\u00f3n y no de subordinaci\u00f3n, por lo que aunque compartan problemas, cada uno es un pa\u00eds soberano.<\/p>\n","protected":false},"author":3,"featured_media":640901,"comment_status":"open","ping_status":"open","sticky":false,"template":"","format":"standard","meta":{"_monsterinsights_skip_tracking":false,"_monsterinsights_sitenote_active":false,"_monsterinsights_sitenote_note":"","_monsterinsights_sitenote_category":0,"footnotes":""},"categories":[17,3],"tags":[101112,2786,93655],"class_list":["post-640828","post","type-post","status-publish","format-standard","has-post-thumbnail","hentry","category-especiales","category-nacional","tag-csp","tag-eu","tag-ken-salazar"],"_links":{"self":[{"href":"https:\/\/www.diarioimagen.net\/index.php?rest_route=\/wp\/v2\/posts\/640828","targetHints":{"allow":["GET"]}}],"collection":[{"href":"https:\/\/www.diarioimagen.net\/index.php?rest_route=\/wp\/v2\/posts"}],"about":[{"href":"https:\/\/www.diarioimagen.net\/index.php?rest_route=\/wp\/v2\/types\/post"}],"author":[{"embeddable":true,"href":"https:\/\/www.diarioimagen.net\/index.php?rest_route=\/wp\/v2\/users\/3"}],"replies":[{"embeddable":true,"href":"https:\/\/www.diarioimagen.net\/index.php?rest_route=%2Fwp%2Fv2%2Fcomments&post=640828"}],"version-history":[{"count":0,"href":"https:\/\/www.diarioimagen.net\/index.php?rest_route=\/wp\/v2\/posts\/640828\/revisions"}],"wp:featuredmedia":[{"embeddable":true,"href":"https:\/\/www.diarioimagen.net\/index.php?rest_route=\/wp\/v2\/media\/640901"}],"wp:attachment":[{"href":"https:\/\/www.diarioimagen.net\/index.php?rest_route=%2Fwp%2Fv2%2Fmedia&parent=640828"}],"wp:term":[{"taxonomy":"category","embeddable":true,"href":"https:\/\/www.diarioimagen.net\/index.php?rest_route=%2Fwp%2Fv2%2Fcategories&post=640828"},{"taxonomy":"post_tag","embeddable":true,"href":"https:\/\/www.diarioimagen.net\/index.php?rest_route=%2Fwp%2Fv2%2Ftags&post=640828"}],"curies":[{"name":"wp","href":"https:\/\/api.w.org\/{rel}","templated":true}]}}