{"id":640833,"date":"2024-11-15T00:02:40","date_gmt":"2024-11-15T06:02:40","guid":{"rendered":"https:\/\/www.diarioimagen.net\/?p=640833"},"modified":"2024-11-19T00:01:46","modified_gmt":"2024-11-19T06:01:46","slug":"advierten-de-posible-desabasto-de-gas-lp-en-el-valle-de-mexico","status":"publish","type":"post","link":"https:\/\/www.diarioimagen.net\/?p=640833","title":{"rendered":"Advierten de posible desabasto de gas LP en el Valle\u00a0de\u00a0M\u00e9xico"},"content":{"rendered":"<p>&nbsp;<\/p>\n<h2 style=\"text-align: center;\">Protestan gaseros por falta de ganancias<\/h2>\n<p>&nbsp;<\/p>\n<ul>\n<li><strong><em>Que no se han mantenido condiciones acordadas para operar de manera sostenible<\/em><\/strong><\/li>\n<\/ul>\n<p>&nbsp;<\/p>\n<div id=\"attachment_640906\" style=\"width: 470px\" class=\"wp-caption aligncenter\"><a href=\"https:\/\/www.diarioimagen.net\/?attachment_id=640906\" rel=\"attachment wp-att-640906\"><img loading=\"lazy\" decoding=\"async\" aria-describedby=\"caption-attachment-640906\" class=\"size-full wp-image-640906\" src=\"https:\/\/www.diarioimagen.net\/wp-content\/uploads\/2024\/11\/advierten-de-posible.jpg\" alt=\"\" width=\"460\" height=\"270\" srcset=\"https:\/\/www.diarioimagen.net\/wp-content\/uploads\/2024\/11\/advierten-de-posible.jpg 460w, https:\/\/www.diarioimagen.net\/wp-content\/uploads\/2024\/11\/advierten-de-posible-240x141.jpg 240w\" sizes=\"auto, (max-width: 460px) 100vw, 460px\" \/><\/a><p id=\"caption-attachment-640906\" class=\"wp-caption-text\">Gaseros realizar\u00e1n un paro de labores este viernes en la zona metropolitana de la CDMX por la falta de un margen de ganancia suficiente para solventar sus costos operativos para la distribuci\u00f3n.<\/p><\/div>\n<p>&nbsp;<\/p>\n<p>El Gremio Gasero Nacional (GGN) confirm\u00f3 un paro de labores en el Valle de M\u00e9xico a partir de este viernes 15 de noviembre en protesta por la falta de un margen de ganancia suficiente para solventar sus costos operativos para la distribuci\u00f3n del gas LP.<\/p>\n<p>\u201cNos vemos en la necesidad de manifestarnos de manera pac\u00edfica por la inoperatividad en la que nos encontramos en este momento y nos llevar\u00e1 de manera inminente a un paro de labores que pondr\u00e1 en riesgo el suficiente abasto para la poblaci\u00f3n civil y lo m\u00e1s preocupante, estamos en v\u00edsperas de tiempo invernal y eso agrava la problem\u00e1tica\u201d, denunciaron los gaseros en un comunicado.<\/p>\n<p>El gremio se\u00f1ala que el abastecimiento de gas LP se ha visto afectado por una escasez proveniente de Petr\u00f3leos Mexicanos (Pemex), lo cual agrava a\u00fan m\u00e1s la problem\u00e1tica. El GGN ha reportado que esta situaci\u00f3n ha impactado tanto en la capital como en las \u00e1reas circundantes, afectando diversas plantas de distribuci\u00f3n.<\/p>\n<p>Los gaseros recordaron que hace tres a\u00f1os tambi\u00e9n se fueron a paro por la falta de abasto de Pemex de gas LP y la ausencia de un margen designado para operar la distribuci\u00f3n de este combustible.<\/p>\n<p>Esa situaci\u00f3n llev\u00f3 al entonces presidente Andr\u00e9s Manuel L\u00f3pez Obrador a reconocer la importancia de los comisionistas gaseros para el abasto del combustible y a ofrecer un margen operativo que asegurara una distribuci\u00f3n continua y eficiente. Sin embargo, el gremio denuncia que no se han mantenido las condiciones acordadas para poder operar de manera sostenible.<\/p>\n<p>Indicaron que mediante el oficio 515. DGNH.086\/23 de la subsecretar\u00eda de Hidrocarburos, los gaseros recibieron las garant\u00edas necesarias para llevar a cabo sus actividades, as\u00ed como obtener un margen econ\u00f3mico para operar de manera eficiente. El gremio ha solicitado la intervenci\u00f3n inmediata de las autoridades para que se atiendan sus demandas y se restablezca un margen econ\u00f3mico que les permita continuar con la distribuci\u00f3n de gas LP, pues sin una pronta respuesta, el paro podr\u00eda prolongarse, afectando gravemente a la poblaci\u00f3n y a la industria de la regi\u00f3n.<\/p>\n<p>El GGN representa a alrededor de 8 mil unidades que abastecen la zona metropolitana, y alrededor de 16 mil familias dependen de este negocio.<\/p>\n<p>Antes de que se emitieran precios m\u00e1ximos para el gas L.P., los comisionistas ganaban entre 3 o 4 pesos por litro vendido, pero desde que se implementaron los precios m\u00e1ximos, sus ganancias se han visto reducidas hasta a 20 centavos de comisi\u00f3n por litro, seg\u00fan datos del gremio.<\/p>\n<p style=\"text-align: center;\"><strong>Preocupados por el Plan Nacional de Energ\u00eda de la Sener<\/strong><\/p>\n<p>Apenas el mi\u00e9rcoles pasado, la secretaria de Energ\u00eda, Luz Elena Gonz\u00e1lez, prometi\u00f3 en su presentaci\u00f3n del Plan Nacional de Energ\u00eda en materia de hidrocarburos que no aumentar\u00e1n los precios de los energ\u00e9ticos en t\u00e9rminos reales.<\/p>\n<p>\u201cSe mantendr\u00e1 el control en el precio m\u00e1ximo del gas L.P., las tarifas de transporte y distribuci\u00f3n de gas no se incrementar\u00e1n m\u00e1s all\u00e1 de la inflaci\u00f3n\u201d, indic\u00f3 la funcionaria federal.<\/p>\n","protected":false},"excerpt":{"rendered":"<p>El Gremio Gasero Nacional (GGN) confirm\u00f3 un paro de labores en el Valle de M\u00e9xico a partir de este viernes 15 de noviembre en protesta por la falta de un margen de ganancia suficiente para solventar sus costos operativos para la distribuci\u00f3n del gas LP.<\/p>\n","protected":false},"author":3,"featured_media":640906,"comment_status":"open","ping_status":"open","sticky":false,"template":"","format":"standard","meta":{"_monsterinsights_skip_tracking":false,"_monsterinsights_sitenote_active":false,"_monsterinsights_sitenote_note":"","_monsterinsights_sitenote_category":0,"footnotes":""},"categories":[17,8],"tags":[46596,101226,101227,12784],"class_list":["post-640833","post","type-post","status-publish","format-standard","has-post-thumbnail","hentry","category-especiales","category-finanzas","tag-ganancias","tag-ggn","tag-gremio-gasero-nacional","tag-protesta"],"_links":{"self":[{"href":"https:\/\/www.diarioimagen.net\/index.php?rest_route=\/wp\/v2\/posts\/640833","targetHints":{"allow":["GET"]}}],"collection":[{"href":"https:\/\/www.diarioimagen.net\/index.php?rest_route=\/wp\/v2\/posts"}],"about":[{"href":"https:\/\/www.diarioimagen.net\/index.php?rest_route=\/wp\/v2\/types\/post"}],"author":[{"embeddable":true,"href":"https:\/\/www.diarioimagen.net\/index.php?rest_route=\/wp\/v2\/users\/3"}],"replies":[{"embeddable":true,"href":"https:\/\/www.diarioimagen.net\/index.php?rest_route=%2Fwp%2Fv2%2Fcomments&post=640833"}],"version-history":[{"count":0,"href":"https:\/\/www.diarioimagen.net\/index.php?rest_route=\/wp\/v2\/posts\/640833\/revisions"}],"wp:featuredmedia":[{"embeddable":true,"href":"https:\/\/www.diarioimagen.net\/index.php?rest_route=\/wp\/v2\/media\/640906"}],"wp:attachment":[{"href":"https:\/\/www.diarioimagen.net\/index.php?rest_route=%2Fwp%2Fv2%2Fmedia&parent=640833"}],"wp:term":[{"taxonomy":"category","embeddable":true,"href":"https:\/\/www.diarioimagen.net\/index.php?rest_route=%2Fwp%2Fv2%2Fcategories&post=640833"},{"taxonomy":"post_tag","embeddable":true,"href":"https:\/\/www.diarioimagen.net\/index.php?rest_route=%2Fwp%2Fv2%2Ftags&post=640833"}],"curies":[{"name":"wp","href":"https:\/\/api.w.org\/{rel}","templated":true}]}}