{"id":640835,"date":"2024-11-15T00:02:00","date_gmt":"2024-11-15T06:02:00","guid":{"rendered":"https:\/\/www.diarioimagen.net\/?p=640835"},"modified":"2024-11-19T00:08:13","modified_gmt":"2024-11-19T06:08:13","slug":"fuerzas-armadas-van-contra-arsenales-de-grupos-criminales","status":"publish","type":"post","link":"https:\/\/www.diarioimagen.net\/?p=640835","title":{"rendered":"Fuerzas armadas van contra arsenales de grupos criminales"},"content":{"rendered":"<p>&nbsp;<\/p>\n<ul>\n<li><em><strong>Centran operativos en Sinaloa, Sonora y Acapulco<\/strong><\/em><\/li>\n<\/ul>\n<p>&nbsp;<\/p>\n<div id=\"attachment_640922\" style=\"width: 470px\" class=\"wp-caption aligncenter\"><a href=\"https:\/\/www.diarioimagen.net\/?attachment_id=640922\" rel=\"attachment wp-att-640922\"><img loading=\"lazy\" decoding=\"async\" aria-describedby=\"caption-attachment-640922\" class=\"size-full wp-image-640922\" src=\"https:\/\/www.diarioimagen.net\/wp-content\/uploads\/2024\/11\/fuerzar-armadas.jpg\" alt=\"\" width=\"460\" height=\"270\" srcset=\"https:\/\/www.diarioimagen.net\/wp-content\/uploads\/2024\/11\/fuerzar-armadas.jpg 460w, https:\/\/www.diarioimagen.net\/wp-content\/uploads\/2024\/11\/fuerzar-armadas-240x141.jpg 240w\" sizes=\"auto, (max-width: 460px) 100vw, 460px\" \/><\/a><p id=\"caption-attachment-640922\" class=\"wp-caption-text\">Las fuerzas armadas van contra los dep\u00f3sitos de armas de los grupos criminales para reducir su capacidad de fuego, que genera altos niveles de violencia en varias zonas del pa\u00eds.<\/p><\/div>\n<p>&nbsp;<\/p>\n<p>En el marco de la estrategia de seguridad de los primeros 100 d\u00edas del gobierno de la presidenta Claudia Sheinbaum Pardo, las fuerzas armadas van contra los dep\u00f3sitos de armas de los grupos criminales para reducir su capacidad de fuego, que genera altos niveles de violencia por los ajustes de cuentas, seg\u00fan cifras oficiales.<\/p>\n<p>La Marina (Semar) ha desmantelado centros de armamento en Sinaloa, Sonora y Acapulco, en los que decomis\u00f3 172 armas, 477 cargadores, 33 mil 822 cartuchos, dos granadas, 185 veh\u00edculos y nueve embarcaciones, mientras que el Ej\u00e9rcito mexicano acumula m\u00e1s de 64 armas de alto poder incautadas, as\u00ed como 585 cargadores, 2 mil 826 cartuchos, 70 cajas de cartuchos y chalecos t\u00e1cticos.<\/p>\n<p>La semana pasada, personal de la Armada de M\u00e9xico asegur\u00f3 armamento, cartuchos \u00fatiles de diferentes calibres, cargadores y equipo t\u00e1ctico a la facci\u00f3n de Los Chapitos del C\u00e1rtel de Sinaloa en el municipio de Concordia, Sinaloa, una de las zonas de influencia de los hijos de Joaqu\u00edn El Chapo Guzm\u00e1n Loera.<\/p>\n<p>Actualmente, Sinaloa est\u00e1 inmersa en una ola de violencia por la guerra entre las facciones de Los Chapitos y Los Mayos, que ha dejado m\u00e1s de 400 muertos desde septiembre pasado a la fecha por el control territorial, clave para la producci\u00f3n de drogas sint\u00e9ticas que se trafican a Estados Unidos.<\/p>\n<p>En los enfrentamientos y ajustes de cuentas ambas facciones utilizan su armamento m\u00e1s sofisticado, lo que ha llevado a las fuerzas federales a desmantelar sus almacenes de armas en diversas operaciones. La situaci\u00f3n de seguridad en Culiac\u00e1n, Mazatl\u00e1n, Ahome, Guasave, El Fuerte, El Rosario y San Ignacio, Sinaloa, es cr\u00edtica debido a los constantes choques armados entre \u201cLos chapitos\u201d y \u201cLos mayos\u201d.<\/p>\n<p style=\"text-align: center;\"><strong>Feroz disputa por plazas<\/strong><\/p>\n<p>Desde 2023, la violencia creci\u00f3 por la disputa entre las facciones del C\u00e1rtel de Sinaloa con enfrentamientos en la ciudad y sus alrededores. La operaci\u00f3n contra Los Chapitos en 2023, aunque parcialmente exitosa, mostr\u00f3 la capacidad de resistencia de estas facciones.<\/p>\n<p>Las operaciones de la Marina Armada han sido cruciales para la desarticulaci\u00f3n de laboratorios de fentanilo y la reducci\u00f3n de la violencia en ciertas zonas, aunque la competencia por la plaza sigue siendo feroz.<\/p>\n<p>Aunque personal de la Marina ha intensificado su presencia en la regi\u00f3n, los choques entre los diferentes grupos contin\u00faan con armamento de alto poder.<\/p>\n<p>Guasave y El Fuerte han sido utilizados por \u201cEl Mayo\u201d Zambada para producir fentanilo y otras drogas sint\u00e9ticas, pero tambi\u00e9n se reportan operaciones de Los Chapitos.<\/p>\n<p>La violencia en esta zona se ha disparado debido a los conflictos por el control de las plantaciones de amapola y las rutas de tr\u00e1fico hacia Estados Unidos. A pesar de las incursiones militares, la producci\u00f3n de drogas sigue siendo un factor importante de violencia en estas \u00e1reas rurales.<\/p>\n<p>A pesar de la captura de algunos de sus miembros, el grupo mantiene una estructura bien organizada, con c\u00e9lulas que operan de forma aut\u00f3noma, pero con la misma lealtad.<\/p>\n","protected":false},"excerpt":{"rendered":"<p>En el marco de la estrategia de seguridad de los primeros 100 d\u00edas del gobierno de la presidenta Claudia Sheinbaum Pardo, las fuerzas armadas van contra los dep\u00f3sitos de armas de los grupos criminales para reducir su capacidad de fuego, que genera altos niveles de violencia por los ajustes de cuentas, seg\u00fan cifras oficiales.<\/p>\n","protected":false},"author":3,"featured_media":640922,"comment_status":"open","ping_status":"open","sticky":false,"template":"","format":"standard","meta":{"_monsterinsights_skip_tracking":false,"_monsterinsights_sitenote_active":false,"_monsterinsights_sitenote_note":"","_monsterinsights_sitenote_category":0,"footnotes":""},"categories":[17,7],"tags":[22,101228,1220],"class_list":["post-640835","post","type-post","status-publish","format-standard","has-post-thumbnail","hentry","category-especiales","category-seguridad","tag-fuerzas-armadas","tag-grupos-criminales","tag-narco"],"_links":{"self":[{"href":"https:\/\/www.diarioimagen.net\/index.php?rest_route=\/wp\/v2\/posts\/640835","targetHints":{"allow":["GET"]}}],"collection":[{"href":"https:\/\/www.diarioimagen.net\/index.php?rest_route=\/wp\/v2\/posts"}],"about":[{"href":"https:\/\/www.diarioimagen.net\/index.php?rest_route=\/wp\/v2\/types\/post"}],"author":[{"embeddable":true,"href":"https:\/\/www.diarioimagen.net\/index.php?rest_route=\/wp\/v2\/users\/3"}],"replies":[{"embeddable":true,"href":"https:\/\/www.diarioimagen.net\/index.php?rest_route=%2Fwp%2Fv2%2Fcomments&post=640835"}],"version-history":[{"count":0,"href":"https:\/\/www.diarioimagen.net\/index.php?rest_route=\/wp\/v2\/posts\/640835\/revisions"}],"wp:featuredmedia":[{"embeddable":true,"href":"https:\/\/www.diarioimagen.net\/index.php?rest_route=\/wp\/v2\/media\/640922"}],"wp:attachment":[{"href":"https:\/\/www.diarioimagen.net\/index.php?rest_route=%2Fwp%2Fv2%2Fmedia&parent=640835"}],"wp:term":[{"taxonomy":"category","embeddable":true,"href":"https:\/\/www.diarioimagen.net\/index.php?rest_route=%2Fwp%2Fv2%2Fcategories&post=640835"},{"taxonomy":"post_tag","embeddable":true,"href":"https:\/\/www.diarioimagen.net\/index.php?rest_route=%2Fwp%2Fv2%2Ftags&post=640835"}],"curies":[{"name":"wp","href":"https:\/\/api.w.org\/{rel}","templated":true}]}}