{"id":640843,"date":"2024-11-15T00:01:29","date_gmt":"2024-11-15T06:01:29","guid":{"rendered":"https:\/\/www.diarioimagen.net\/?p=640843"},"modified":"2024-11-18T00:32:17","modified_gmt":"2024-11-18T06:32:17","slug":"apoyan-gobiernos-estatal-y-municipal-a-mas-familias-de-atizapan-de-zaragoza","status":"publish","type":"post","link":"https:\/\/www.diarioimagen.net\/?p=640843","title":{"rendered":"Apoyan gobiernos estatal y municipal a m\u00e1s familias de Atizap\u00e1n de Zaragoza"},"content":{"rendered":"<p>&nbsp;<\/p>\n<ul>\n<li><em><strong>\u201cCaravanas Itinerantes por la Justicia Social\u201d<\/strong><\/em><\/li>\n<\/ul>\n<p>&nbsp;<\/p>\n<div id=\"attachment_640937\" style=\"width: 470px\" class=\"wp-caption aligncenter\"><a href=\"https:\/\/www.diarioimagen.net\/?attachment_id=640937\" rel=\"attachment wp-att-640937\"><img loading=\"lazy\" decoding=\"async\" aria-describedby=\"caption-attachment-640937\" class=\"size-full wp-image-640937\" src=\"https:\/\/www.diarioimagen.net\/wp-content\/uploads\/2024\/11\/apoyan-gobiernos.jpg\" alt=\"\" width=\"460\" height=\"270\" srcset=\"https:\/\/www.diarioimagen.net\/wp-content\/uploads\/2024\/11\/apoyan-gobiernos.jpg 460w, https:\/\/www.diarioimagen.net\/wp-content\/uploads\/2024\/11\/apoyan-gobiernos-240x141.jpg 240w\" sizes=\"auto, (max-width: 460px) 100vw, 460px\" \/><\/a><p id=\"caption-attachment-640937\" class=\"wp-caption-text\">Llegaron a Atizap\u00e1n de Zaragoza las Caravanas Itinerantes por la Justicia Social, que tienen por objetivo acercar tr\u00e1mites y servicios jur\u00eddicos a la comunidad y garantizar el acceso a la justicia.<\/p><\/div>\n<p>&nbsp;<\/p>\n<p><strong>Atizap\u00e1n de Zaragoza, Estado de M\u00e9xico.\u2014<\/strong> Familias atizapenses se ven beneficiadas gracias al trabajo conjunto del presidente municipal Pedro Rodr\u00edguez Villegas con el gobierno del Estado de M\u00e9xico. Esta vez, personal de la administraci\u00f3n estatal acudi\u00f3 a la explanada municipal a realizar tr\u00e1mites gratuitos, como parte de las \u201cCaravanas Itinerantes por la Justicia Social\u201d.<\/p>\n<p>Se trata de un programa del gobierno mexiquense que tendr\u00e1 como sede la Plaza C\u00edvica municipal a partir del 13 y hasta el 17 de noviembre en un horario de 09:00 a 15:00 horas y que tiene por objetivo acercar tr\u00e1mites y servicios jur\u00eddicos a la comunidad -la mayor\u00eda gratuitos o con costo accesible- y garantizar el acceso a la justicia, uniendo esfuerzos para lograr una sociedad con acceso a la justicia.<\/p>\n<p>\u201cDe parte del Licenciado Pedro David Rodr\u00edguez Villegas, Presidente Municipal Constitucional de Atizap\u00e1n de Zaragoza, hacerles del conocimiento que siempre seremos aliados este Gobierno municipal con el gobierno del estado para poder traer los beneficios a nuestros atizapenses\u201d, refiri\u00f3 Sergio Hern\u00e1ndez Olvera, Secretario del Ayuntamiento de Atizap\u00e1n de Zaragoza, quien acudi\u00f3 en representaci\u00f3n del alcalde Pedro Rodr\u00edguez Villegas.<\/p>\n<p>\u201cEs para m\u00ed un verdadero privilegio dar inicio a este programa de las Caravanas Itinerantes por la Justicia Social en Atizap\u00e1n de Zaragoza, lo cual me da mucho gusto porque es un programa que busca acercar la justicia a todas las familias en el Estado de M\u00e9xico, para que puedan regularizar sus documentos, que tengan la certeza jur\u00eddica del patrimonio, de sus propiedades y que puedan realizar distintos tr\u00e1mites que requieran ante varias instancias del Gobierno del Estado de M\u00e9xico y otros \u00f3rdenes de Gobierno\u201d.<\/p>\n<p>En estas Caravanas Itinerantes por la Justicia Social participan m\u00e1s de 100 personas, entre abogados, trabajadores sociales, psic\u00f3logos, notarios, oficiales del Registro Civil, asesores de v\u00edctimas, mediadores, conciliadores, m\u00e9dicos y servidores p\u00fablicos de diversas instituciones estatales.<\/p>\n<p>Por su parte, Jos\u00e9 Castillo Ambriz, Subconsejero Jur\u00eddico, en representaci\u00f3n de Jes\u00fas George Zamora, Consejero Jur\u00eddico y representante de la maestra Delfina G\u00f3mez \u00c1lvarez, gobernadora del Estado de M\u00e9xico, agradeci\u00f3 la anfitrion\u00eda y asegur\u00f3 que se seguir\u00e1 promoviendo la colaboraci\u00f3n conjunta entre ayuntamientos y el Estado de M\u00e9xico.<\/p>\n","protected":false},"excerpt":{"rendered":"<p>Familias atizapenses se ven beneficiadas gracias al trabajo conjunto del presidente municipal Pedro Rodr\u00edguez Villegas con el gobierno del Estado de M\u00e9xico. Esta vez, personal de la administraci\u00f3n estatal acudi\u00f3 a la explanada municipal a realizar tr\u00e1mites gratuitos, como parte de las \u201cCaravanas Itinerantes por la Justicia Social\u201d.<\/p>\n","protected":false},"author":3,"featured_media":640937,"comment_status":"open","ping_status":"open","sticky":false,"template":"","format":"standard","meta":{"_monsterinsights_skip_tracking":false,"_monsterinsights_sitenote_active":false,"_monsterinsights_sitenote_note":"","_monsterinsights_sitenote_category":0,"footnotes":""},"categories":[5],"tags":[3561,43675,80060],"class_list":["post-640843","post","type-post","status-publish","format-standard","has-post-thumbnail","hentry","category-estado-de-mexico","tag-atizapan-de-zaragoza","tag-estado-de-mexico","tag-gobierno-estatal"],"_links":{"self":[{"href":"https:\/\/www.diarioimagen.net\/index.php?rest_route=\/wp\/v2\/posts\/640843","targetHints":{"allow":["GET"]}}],"collection":[{"href":"https:\/\/www.diarioimagen.net\/index.php?rest_route=\/wp\/v2\/posts"}],"about":[{"href":"https:\/\/www.diarioimagen.net\/index.php?rest_route=\/wp\/v2\/types\/post"}],"author":[{"embeddable":true,"href":"https:\/\/www.diarioimagen.net\/index.php?rest_route=\/wp\/v2\/users\/3"}],"replies":[{"embeddable":true,"href":"https:\/\/www.diarioimagen.net\/index.php?rest_route=%2Fwp%2Fv2%2Fcomments&post=640843"}],"version-history":[{"count":0,"href":"https:\/\/www.diarioimagen.net\/index.php?rest_route=\/wp\/v2\/posts\/640843\/revisions"}],"wp:featuredmedia":[{"embeddable":true,"href":"https:\/\/www.diarioimagen.net\/index.php?rest_route=\/wp\/v2\/media\/640937"}],"wp:attachment":[{"href":"https:\/\/www.diarioimagen.net\/index.php?rest_route=%2Fwp%2Fv2%2Fmedia&parent=640843"}],"wp:term":[{"taxonomy":"category","embeddable":true,"href":"https:\/\/www.diarioimagen.net\/index.php?rest_route=%2Fwp%2Fv2%2Fcategories&post=640843"},{"taxonomy":"post_tag","embeddable":true,"href":"https:\/\/www.diarioimagen.net\/index.php?rest_route=%2Fwp%2Fv2%2Ftags&post=640843"}],"curies":[{"name":"wp","href":"https:\/\/api.w.org\/{rel}","templated":true}]}}