{"id":640845,"date":"2024-11-15T00:03:08","date_gmt":"2024-11-15T06:03:08","guid":{"rendered":"https:\/\/www.diarioimagen.net\/?p=640845"},"modified":"2024-11-15T01:48:39","modified_gmt":"2024-11-15T07:48:39","slug":"respaldan-panistas-mexiquenses-expulsion-de-los-yunes-del-partido","status":"publish","type":"post","link":"https:\/\/www.diarioimagen.net\/?p=640845","title":{"rendered":"Respaldan panistas mexiquenses expulsi\u00f3n de los Yunes, del partido"},"content":{"rendered":"<p>&nbsp;<\/p>\n<ul>\n<li><em><strong>Los acusan de traici\u00f3n<\/strong><\/em><\/li>\n<\/ul>\n<p><strong>\u00a0<\/strong><\/p>\n<h6>Arturo Baena<\/h6>\n<p>&nbsp;<\/p>\n<div id=\"attachment_640941\" style=\"width: 470px\" class=\"wp-caption aligncenter\"><a href=\"https:\/\/www.diarioimagen.net\/?attachment_id=640941\" rel=\"attachment wp-att-640941\"><img loading=\"lazy\" decoding=\"async\" aria-describedby=\"caption-attachment-640941\" class=\"size-full wp-image-640941\" src=\"https:\/\/www.diarioimagen.net\/wp-content\/uploads\/2024\/11\/respaldan-panistas.jpg\" alt=\"\" width=\"460\" height=\"270\" srcset=\"https:\/\/www.diarioimagen.net\/wp-content\/uploads\/2024\/11\/respaldan-panistas.jpg 460w, https:\/\/www.diarioimagen.net\/wp-content\/uploads\/2024\/11\/respaldan-panistas-240x141.jpg 240w\" sizes=\"auto, (max-width: 460px) 100vw, 460px\" \/><\/a><p id=\"caption-attachment-640941\" class=\"wp-caption-text\">Panistas del Edomex respaldan la expulsi\u00f3n de Miguel \u00c1ngel Yunes Linares y de Miguel \u00c1ngel Yunes M\u00e1rquez de las filas del PAN.<\/p><\/div>\n<p>&nbsp;<\/p>\n<p><strong>Valle de M\u00e9xico.\u2014<\/strong> Con verdadero benepl\u00e1cito, militantes y simpatizantes del Partido Acci\u00f3n Nacional (PAN) del Estado de M\u00e9xico, vieron la expulsi\u00f3n de los veracruzanos Miguel \u00c1ngel Yunes M\u00e1rquez y Miguel \u00c1ngel Yunes Linares de las filas de ese instituto pol\u00edtico.<\/p>\n<p>\u201cNuestro partido, de ninguna manera y bajo ning\u00fan concepto, puede tolerar la traici\u00f3n de aquellos a quienes les abri\u00f3 las puertas y le fallaron. Su destituci\u00f3n del PAN.\u00a0 fue un acierto\u201d, afirm\u00f3 el regidor Agust\u00edn Belgadere.<\/p>\n<p>Asimismo, los panistas mexiquenses destacaron que \u201clos Yunes (padre e hijo) al apoyar todas las propuestas de Morena, aceptaron que ya no les interesaba seguir los lineamientos de nuestro partido y hoy no hab\u00eda raz\u00f3n de seguir manteni\u00e9ndolos como miembros\u201d.<\/p>\n<p>Insistieron en se\u00f1alar que \u201cla expulsi\u00f3n se basa en la necesidad de mantener la integridad y los valores que caracterizan a Acci\u00f3n Nacional\u201d.<\/p>\n<p>Como se recordar\u00e1, esta instituci\u00f3n pol\u00edtica ya hab\u00eda anunciado esta medida, luego de que el legislador votara a favor de la pol\u00e9mica reforma al Poder Judicial.<\/p>\n<p>En un comunicado, se inform\u00f3 que la Comisi\u00f3n de Orden del PAN, por decisi\u00f3n un\u00e1nime de sus integrantes, decidi\u00f3 que el legislador y el ex gobernador de Veracruz ya no formen parte del partido.<\/p>\n","protected":false},"excerpt":{"rendered":"<p>Con verdadero benepl\u00e1cito, militantes y simpatizantes del Partido Acci\u00f3n Nacional (PAN) del Estado de M\u00e9xico, vieron la expulsi\u00f3n de los veracruzanos Miguel \u00c1ngel Yunes M\u00e1rquez y Miguel \u00c1ngel Yunes Linares de las filas de ese instituto pol\u00edtico.<\/p>\n","protected":false},"author":3,"featured_media":640941,"comment_status":"open","ping_status":"open","sticky":false,"template":"","format":"standard","meta":{"_monsterinsights_skip_tracking":false,"_monsterinsights_sitenote_active":false,"_monsterinsights_sitenote_note":"","_monsterinsights_sitenote_category":0,"footnotes":""},"categories":[5],"tags":[101231,904,101232,6992],"class_list":["post-640845","post","type-post","status-publish","format-standard","has-post-thumbnail","hentry","category-estado-de-mexico","tag-mesiquense","tag-miguel-angel-yunes-linares","tag-miguel-angel-yunes-marquez","tag-panista"],"_links":{"self":[{"href":"https:\/\/www.diarioimagen.net\/index.php?rest_route=\/wp\/v2\/posts\/640845","targetHints":{"allow":["GET"]}}],"collection":[{"href":"https:\/\/www.diarioimagen.net\/index.php?rest_route=\/wp\/v2\/posts"}],"about":[{"href":"https:\/\/www.diarioimagen.net\/index.php?rest_route=\/wp\/v2\/types\/post"}],"author":[{"embeddable":true,"href":"https:\/\/www.diarioimagen.net\/index.php?rest_route=\/wp\/v2\/users\/3"}],"replies":[{"embeddable":true,"href":"https:\/\/www.diarioimagen.net\/index.php?rest_route=%2Fwp%2Fv2%2Fcomments&post=640845"}],"version-history":[{"count":0,"href":"https:\/\/www.diarioimagen.net\/index.php?rest_route=\/wp\/v2\/posts\/640845\/revisions"}],"wp:featuredmedia":[{"embeddable":true,"href":"https:\/\/www.diarioimagen.net\/index.php?rest_route=\/wp\/v2\/media\/640941"}],"wp:attachment":[{"href":"https:\/\/www.diarioimagen.net\/index.php?rest_route=%2Fwp%2Fv2%2Fmedia&parent=640845"}],"wp:term":[{"taxonomy":"category","embeddable":true,"href":"https:\/\/www.diarioimagen.net\/index.php?rest_route=%2Fwp%2Fv2%2Fcategories&post=640845"},{"taxonomy":"post_tag","embeddable":true,"href":"https:\/\/www.diarioimagen.net\/index.php?rest_route=%2Fwp%2Fv2%2Ftags&post=640845"}],"curies":[{"name":"wp","href":"https:\/\/api.w.org\/{rel}","templated":true}]}}