{"id":640847,"date":"2024-11-15T00:04:08","date_gmt":"2024-11-15T06:04:08","guid":{"rendered":"https:\/\/www.diarioimagen.net\/?p=640847"},"modified":"2024-11-19T00:15:44","modified_gmt":"2024-11-19T06:15:44","slug":"aplauden-iniciativa-en-favor-de-servidores-publicos-del-edomex","status":"publish","type":"post","link":"https:\/\/www.diarioimagen.net\/?p=640847","title":{"rendered":"Aplauden iniciativa en favor de servidores p\u00fablicos del\u00a0Edomex"},"content":{"rendered":"<p>&nbsp;<\/p>\n<ul>\n<li><em><strong>Vigencia de prestaciones<\/strong><\/em><\/li>\n<\/ul>\n<p><strong>\u00a0<\/strong><\/p>\n<h6>Arturo Baena<\/h6>\n<p>&nbsp;<\/p>\n<div id=\"attachment_640943\" style=\"width: 470px\" class=\"wp-caption aligncenter\"><a href=\"https:\/\/www.diarioimagen.net\/?attachment_id=640943\" rel=\"attachment wp-att-640943\"><img loading=\"lazy\" decoding=\"async\" aria-describedby=\"caption-attachment-640943\" class=\"size-full wp-image-640943\" src=\"https:\/\/www.diarioimagen.net\/wp-content\/uploads\/2024\/11\/aplauden-iniciativa.jpg\" alt=\"\" width=\"460\" height=\"270\" srcset=\"https:\/\/www.diarioimagen.net\/wp-content\/uploads\/2024\/11\/aplauden-iniciativa.jpg 460w, https:\/\/www.diarioimagen.net\/wp-content\/uploads\/2024\/11\/aplauden-iniciativa-240x141.jpg 240w\" sizes=\"auto, (max-width: 460px) 100vw, 460px\" \/><\/a><p id=\"caption-attachment-640943\" class=\"wp-caption-text\">Diputados panistas proponen mantener prestaciones y el servicio de salud a servidores p\u00fablicos, aunque hayan sido dados de baja de algunas \u00e1reas de gobierno.<\/p><\/div>\n<p>&nbsp;<\/p>\n<p><strong>Valle de M\u00e9xico.\u2014<\/strong> Servidores p\u00fablicos, que son derechohabientes del ISSEMyM, aplaudieron la iniciativa del grupo parlamentario del PAN en el Congreso mexiquense, que evitar\u00eda el perder sus prestaciones y el servicio de salud, aunque estos hayan sido dados de baja de algunas \u00e1reas de gobierno.<\/p>\n<p>\u201cHay que reconocer a los legisladores de Acci\u00f3n Nacional\u00a0 por presentar esta iniciativa que beneficiar\u00e1 a miles de empleados de diversos sindicatos como son el SUTEyM, el de maestros y de los 125 municipios que conforman el Estado de M\u00e9xico\u201d, afirmaron.<\/p>\n<p>Dicha iniciativa fue autor\u00eda de los diputados Pablo Fern\u00e1ndez de Cevallos y Anuar Azar Figueroa, la cual pretende garantizar la manutenci\u00f3n de las personas al llegar a la edad en que puedan jubilarse, por lo que tambi\u00e9n contempla que, a pesar de que sean dadas de baja, por la falta del pago correspondiente, puedan ingresar nuevamente.<\/p>\n<p>La propuesta, que reformar\u00eda la Ley de Seguridad Social para los Servidores P\u00fablicos del Estado de M\u00e9xico y Municipios, a la se adhiri\u00f3 el Grupo Parlamentario de MC, destaca que esta figura ya aplica en el Instituto Mexicano del Seguro Social (IMSS) y el Instituto de Seguridad y Servicios Sociales de los Trabajadores del Estado (ISSSTE).<\/p>\n<p>Para mantener el seguro de salud se requerir\u00eda que la persona trabajadora acredite haber laborado, cuando menos, tres a\u00f1os en alguna instituci\u00f3n p\u00fablica, solicitar la \u201ccontinuaci\u00f3n voluntaria\u201d por escrito al ISSEMyM dentro de los 12 meses siguientes a la fecha de la baja del empleo, adem\u00e1s del pago de las cuotas y aportaciones de manera bimestral o por anualidades.<\/p>\n<p>En ese sentido, el diputado Anuar Azar Figueroa, expuso que \u201cel ISSEMyM es la tercera instituci\u00f3n social m\u00e1s grande del pa\u00eds, con una poblaci\u00f3n derechohabiente de 838 mil 457 personas, de las cuales 380 mil 795 (45.41 por ciento) son servidoras p\u00fablicas activas, 380 mil 824 (45.41 por ciento) dependientes econ\u00f3micas y 76 mil 838 (9.16 por ciento) pensionadas, de acuerdo al informe anual 2023 de este organismo\u201d, afirm\u00f3.<\/p>\n<p>Y es que, de acuerdo con la Subsecretar\u00eda de Empleo y Productividad Laboral de la Secretar\u00eda del Trabajo y Previsi\u00f3n Social, de las ocho millones 440 mil 917 personas econ\u00f3micamente activas, el 4.1 por ciento se encuentran en el sector gobierno.<\/p>\n","protected":false},"excerpt":{"rendered":"<p>Servidores p\u00fablicos, que son derechohabientes del ISSEMyM, aplaudieron la iniciativa del grupo parlamentario del PAN en el Congreso mexiquense, que evitar\u00eda el perder sus prestaciones y el servicio de salud, aunque estos hayan sido dados de baja de algunas \u00e1reas de gobierno.<\/p>\n","protected":false},"author":3,"featured_media":640943,"comment_status":"open","ping_status":"open","sticky":false,"template":"","format":"standard","meta":{"_monsterinsights_skip_tracking":false,"_monsterinsights_sitenote_active":false,"_monsterinsights_sitenote_note":"","_monsterinsights_sitenote_category":0,"footnotes":""},"categories":[5],"tags":[68,699,2575],"class_list":["post-640847","post","type-post","status-publish","format-standard","has-post-thumbnail","hentry","category-estado-de-mexico","tag-edomex","tag-issemym","tag-servidores-publicos"],"_links":{"self":[{"href":"https:\/\/www.diarioimagen.net\/index.php?rest_route=\/wp\/v2\/posts\/640847","targetHints":{"allow":["GET"]}}],"collection":[{"href":"https:\/\/www.diarioimagen.net\/index.php?rest_route=\/wp\/v2\/posts"}],"about":[{"href":"https:\/\/www.diarioimagen.net\/index.php?rest_route=\/wp\/v2\/types\/post"}],"author":[{"embeddable":true,"href":"https:\/\/www.diarioimagen.net\/index.php?rest_route=\/wp\/v2\/users\/3"}],"replies":[{"embeddable":true,"href":"https:\/\/www.diarioimagen.net\/index.php?rest_route=%2Fwp%2Fv2%2Fcomments&post=640847"}],"version-history":[{"count":0,"href":"https:\/\/www.diarioimagen.net\/index.php?rest_route=\/wp\/v2\/posts\/640847\/revisions"}],"wp:featuredmedia":[{"embeddable":true,"href":"https:\/\/www.diarioimagen.net\/index.php?rest_route=\/wp\/v2\/media\/640943"}],"wp:attachment":[{"href":"https:\/\/www.diarioimagen.net\/index.php?rest_route=%2Fwp%2Fv2%2Fmedia&parent=640847"}],"wp:term":[{"taxonomy":"category","embeddable":true,"href":"https:\/\/www.diarioimagen.net\/index.php?rest_route=%2Fwp%2Fv2%2Fcategories&post=640847"},{"taxonomy":"post_tag","embeddable":true,"href":"https:\/\/www.diarioimagen.net\/index.php?rest_route=%2Fwp%2Fv2%2Ftags&post=640847"}],"curies":[{"name":"wp","href":"https:\/\/api.w.org\/{rel}","templated":true}]}}