{"id":640849,"date":"2024-11-15T00:02:33","date_gmt":"2024-11-15T06:02:33","guid":{"rendered":"https:\/\/www.diarioimagen.net\/?p=640849"},"modified":"2024-11-19T00:16:07","modified_gmt":"2024-11-19T06:16:07","slug":"garantizado-el-abasto-de-agua-en-el-fraccionamiento-el-cortijo-opdm","status":"publish","type":"post","link":"https:\/\/www.diarioimagen.net\/?p=640849","title":{"rendered":"Garantizado, el abasto de agua en el fraccionamiento El\u00a0Cortijo: OPDM"},"content":{"rendered":"<p>&nbsp;<\/p>\n<p><a href=\"https:\/\/www.diarioimagen.net\/?attachment_id=640939\" rel=\"attachment wp-att-640939\"><img loading=\"lazy\" decoding=\"async\" class=\"aligncenter size-full wp-image-640939\" src=\"https:\/\/www.diarioimagen.net\/wp-content\/uploads\/2024\/11\/garantizado-abasto.jpg\" alt=\"\" width=\"460\" height=\"270\" srcset=\"https:\/\/www.diarioimagen.net\/wp-content\/uploads\/2024\/11\/garantizado-abasto.jpg 460w, https:\/\/www.diarioimagen.net\/wp-content\/uploads\/2024\/11\/garantizado-abasto-240x141.jpg 240w\" sizes=\"auto, (max-width: 460px) 100vw, 460px\" \/><\/a><\/p>\n<p>&nbsp;<\/p>\n<p><strong>Tlalnepantla, Estado de M\u00e9xico.\u2014 <\/strong>El Organismo P\u00fablico Descentralizado para la Prestaci\u00f3n de los Servicios de Agua Potable, Alcantarillado y Saneamiento (OPDM) informa que el abasto de agua en el Fraccionamiento El Cortijo se encuentra garantizado, pese a que el abasto del vital l\u00edquido en los \u00faltimos dos d\u00edas se ha visto afectado a consecuencia de la falta de operaci\u00f3n de sus cisternas y bombas de rebombeo porque los vecinos no han hecho un contrato con la Comisi\u00f3n Federal de Electricidad (CFE).<\/p>\n<p>El OPDM record\u00f3 que, por instrucciones del presidente municipal, Marco Antonio Rodr\u00edguez Hurtado las cisternas y bombas de rebombeo de la unidad habitacional El Cortijo fueron rehabilitadas para garantizar que los cond\u00f3minos de los niveles altos contaran con un abasto de agua suficiente.<\/p>\n","protected":false},"excerpt":{"rendered":"<p>l Organismo P\u00fablico Descentralizado para la Prestaci\u00f3n de los Servicios de Agua Potable, Alcantarillado y Saneamiento (OPDM) informa que el abasto de agua en el Fraccionamiento El Cortijo se encuentra garantizado, pese a que el abasto del vital l\u00edquido en los \u00faltimos dos d\u00edas se ha visto afectado a consecuencia de la falta de operaci\u00f3n de sus cisternas y bombas de rebombeo porque los vecinos no han hecho un contrato con la Comisi\u00f3n Federal de Electricidad (CFE).<\/p>\n","protected":false},"author":3,"featured_media":640939,"comment_status":"open","ping_status":"open","sticky":false,"template":"","format":"standard","meta":{"_monsterinsights_skip_tracking":false,"_monsterinsights_sitenote_active":false,"_monsterinsights_sitenote_note":"","_monsterinsights_sitenote_category":0,"footnotes":""},"categories":[5],"tags":[101233,92276],"class_list":["post-640849","post","type-post","status-publish","format-standard","has-post-thumbnail","hentry","category-estado-de-mexico","tag-el-cortijo","tag-opdm"],"_links":{"self":[{"href":"https:\/\/www.diarioimagen.net\/index.php?rest_route=\/wp\/v2\/posts\/640849","targetHints":{"allow":["GET"]}}],"collection":[{"href":"https:\/\/www.diarioimagen.net\/index.php?rest_route=\/wp\/v2\/posts"}],"about":[{"href":"https:\/\/www.diarioimagen.net\/index.php?rest_route=\/wp\/v2\/types\/post"}],"author":[{"embeddable":true,"href":"https:\/\/www.diarioimagen.net\/index.php?rest_route=\/wp\/v2\/users\/3"}],"replies":[{"embeddable":true,"href":"https:\/\/www.diarioimagen.net\/index.php?rest_route=%2Fwp%2Fv2%2Fcomments&post=640849"}],"version-history":[{"count":0,"href":"https:\/\/www.diarioimagen.net\/index.php?rest_route=\/wp\/v2\/posts\/640849\/revisions"}],"wp:featuredmedia":[{"embeddable":true,"href":"https:\/\/www.diarioimagen.net\/index.php?rest_route=\/wp\/v2\/media\/640939"}],"wp:attachment":[{"href":"https:\/\/www.diarioimagen.net\/index.php?rest_route=%2Fwp%2Fv2%2Fmedia&parent=640849"}],"wp:term":[{"taxonomy":"category","embeddable":true,"href":"https:\/\/www.diarioimagen.net\/index.php?rest_route=%2Fwp%2Fv2%2Fcategories&post=640849"},{"taxonomy":"post_tag","embeddable":true,"href":"https:\/\/www.diarioimagen.net\/index.php?rest_route=%2Fwp%2Fv2%2Ftags&post=640849"}],"curies":[{"name":"wp","href":"https:\/\/api.w.org\/{rel}","templated":true}]}}