{"id":640870,"date":"2024-11-15T00:01:33","date_gmt":"2024-11-15T06:01:33","guid":{"rendered":"https:\/\/www.diarioimagen.net\/?p=640870"},"modified":"2024-11-18T00:36:23","modified_gmt":"2024-11-18T06:36:23","slug":"banxico-baja-por-tercera-vez-tasa-de-interes-clave-a-10-25","status":"publish","type":"post","link":"https:\/\/www.diarioimagen.net\/?p=640870","title":{"rendered":"Banxico baja por tercera vez\u00a0tasa de inter\u00e9s clave a\u00a010.25 por ciento"},"content":{"rendered":"<p>&nbsp;<\/p>\n<h2 style=\"text-align: center;\">Posibilidad de m\u00e1s ajustes<\/h2>\n<p>&nbsp;<\/p>\n<ul>\n<li><strong><em>El panorama inflacionario a\u00fan ameritaba una postura restrictiva<\/em><\/strong><\/li>\n<\/ul>\n<p>&nbsp;<\/p>\n<div id=\"attachment_640903\" style=\"width: 470px\" class=\"wp-caption aligncenter\"><a href=\"https:\/\/www.diarioimagen.net\/?attachment_id=640903\" rel=\"attachment wp-att-640903\"><img loading=\"lazy\" decoding=\"async\" aria-describedby=\"caption-attachment-640903\" class=\"size-full wp-image-640903\" src=\"https:\/\/www.diarioimagen.net\/wp-content\/uploads\/2024\/11\/banxico-baja-por-tercera.jpg\" alt=\"\" width=\"460\" height=\"270\" srcset=\"https:\/\/www.diarioimagen.net\/wp-content\/uploads\/2024\/11\/banxico-baja-por-tercera.jpg 460w, https:\/\/www.diarioimagen.net\/wp-content\/uploads\/2024\/11\/banxico-baja-por-tercera-240x141.jpg 240w\" sizes=\"auto, (max-width: 460px) 100vw, 460px\" \/><\/a><p id=\"caption-attachment-640903\" class=\"wp-caption-text\">El Banco de M\u00e9xico redujo por tercera vez consecutiva la tasa de inter\u00e9s de referencia a 10.25%.<\/p><\/div>\n<p>&nbsp;<\/p>\n<p>Pese a un repunte de la inflaci\u00f3n en octubre, el Banco de M\u00e9xico (Banxico) recort\u00f3 este jueves, por tercera vez consecutiva, la tasa de inter\u00e9s en 25 puntos base hasta el 10.25%.<\/p>\n<p>En su anuncio, dentro de las expectativas del mercado, el banco central argument\u00f3 que, \u201csi bien el panorama inflacionario a\u00fan amerita una postura restrictiva, la evoluci\u00f3n que ha presentado implica que es adecuado reducir el grado de apretamiento monetario\u201d.<\/p>\n<p>La decisi\u00f3n, aprobada por unanimidad, es el tercer recorte consecutivo y el cuarto en el a\u00f1o desde la reuni\u00f3n del 21 de marzo, cuando la Junta de Gobierno redujo la tasa en 25 puntos base hasta un 11%, el primer ajuste desde el 30 de marzo de 2023 ante mejores expectativas de la inflaci\u00f3n, en ese entonces.<\/p>\n<p>Banxico hab\u00eda abierto la posibilidad de hacer m\u00e1s ajustes a la baja de su tasa clave dependiendo del panorama inflacionario y aunque la inflaci\u00f3n general aceler\u00f3 en octubre a un 4.76%, el \u00edndice subyacente descendi\u00f3 por vig\u00e9simo primer mes consecutivo a un 3.8%, su menor nivel desde noviembre de 2020.<\/p>\n<p>Analistas esperaban esta resoluci\u00f3n de Banxico, pese a difundirse la semana pasada que la inflaci\u00f3n general de M\u00e9xico repunt\u00f3 al 4.76% en octubre despu\u00e9s de haber ca\u00eddo al 4.58% en septiembre, cuando hilaba dos meses a la baja tras haber alcanzado un 5.57% en julio, su mayor nivel desde mayo de 2023.<\/p>\n<p>Sobre los pron\u00f3sticos de inflaci\u00f3n, Banxico elev\u00f3 las expectativas para el cuarto trimestre de este a\u00f1o a 4.7% y mantuvo casi sin cambios los pron\u00f3sticos de 2025.<\/p>\n<p style=\"text-align: center;\"><strong>Siguiendo el ejemplo de la Fed<\/strong><\/p>\n<p>La medida de banxico estuvo en sinton\u00eda con la Reserva Federal de Estados Unidos (Fed), que la semana pasada recort\u00f3 por segunda vez consecutiva los tipos de inter\u00e9s en 0,25 puntos a un rango del 4.5% al 4.75%.<\/p>\n<p>La semana pasada, la Reserva Federal tambi\u00e9n baj\u00f3 la tasa de inter\u00e9s en 25 puntos base dej\u00e1ndola en un intervalo 4.50%-4.75%.<\/p>\n<p>La Fed emiti\u00f3 un comunicado que daba se\u00f1ales de cautela y los analistas esperan que no haya ajustes a la tasa en diciembre pr\u00f3ximo.<\/p>\n<p>\u201cPara 2025, la tasa terminal se podr\u00eda ubicar en 3.50%, lo que refleja un escenario de incertidumbre ante las decisiones de pol\u00edtica econ\u00f3mica que tome el nuevo gobierno de Trump. Esto se debe a que la victoria de los republicanos tambi\u00e9n implica tener mayor\u00eda en ambas c\u00e1maras y sin contrapesos. La pol\u00edtica econ\u00f3mica puede exacerbar los riesgos para inflaci\u00f3n, as\u00ed como por el lado fiscal\u201d, destac\u00f3 Invex en un reporte.<\/p>\n","protected":false},"excerpt":{"rendered":"<p>Pese a un repunte de la inflaci\u00f3n en octubre, el Banco de M\u00e9xico (Banxico) recort\u00f3 este jueves, por tercera vez consecutiva, la tasa de inter\u00e9s en 25 puntos base hasta el 10.25%.<\/p>\n","protected":false},"author":3,"featured_media":640903,"comment_status":"open","ping_status":"open","sticky":false,"template":"","format":"standard","meta":{"_monsterinsights_skip_tracking":false,"_monsterinsights_sitenote_active":false,"_monsterinsights_sitenote_note":"","_monsterinsights_sitenote_category":0,"footnotes":""},"categories":[17,8],"tags":[1519,77038,43682,48442,78870],"class_list":["post-640870","post","type-post","status-publish","format-standard","has-post-thumbnail","hentry","category-especiales","category-finanzas","tag-banxico","tag-clave","tag-espectaculos","tag-interes","tag-tasa"],"_links":{"self":[{"href":"https:\/\/www.diarioimagen.net\/index.php?rest_route=\/wp\/v2\/posts\/640870","targetHints":{"allow":["GET"]}}],"collection":[{"href":"https:\/\/www.diarioimagen.net\/index.php?rest_route=\/wp\/v2\/posts"}],"about":[{"href":"https:\/\/www.diarioimagen.net\/index.php?rest_route=\/wp\/v2\/types\/post"}],"author":[{"embeddable":true,"href":"https:\/\/www.diarioimagen.net\/index.php?rest_route=\/wp\/v2\/users\/3"}],"replies":[{"embeddable":true,"href":"https:\/\/www.diarioimagen.net\/index.php?rest_route=%2Fwp%2Fv2%2Fcomments&post=640870"}],"version-history":[{"count":0,"href":"https:\/\/www.diarioimagen.net\/index.php?rest_route=\/wp\/v2\/posts\/640870\/revisions"}],"wp:featuredmedia":[{"embeddable":true,"href":"https:\/\/www.diarioimagen.net\/index.php?rest_route=\/wp\/v2\/media\/640903"}],"wp:attachment":[{"href":"https:\/\/www.diarioimagen.net\/index.php?rest_route=%2Fwp%2Fv2%2Fmedia&parent=640870"}],"wp:term":[{"taxonomy":"category","embeddable":true,"href":"https:\/\/www.diarioimagen.net\/index.php?rest_route=%2Fwp%2Fv2%2Fcategories&post=640870"},{"taxonomy":"post_tag","embeddable":true,"href":"https:\/\/www.diarioimagen.net\/index.php?rest_route=%2Fwp%2Fv2%2Ftags&post=640870"}],"curies":[{"name":"wp","href":"https:\/\/api.w.org\/{rel}","templated":true}]}}