{"id":640872,"date":"2024-11-15T00:01:49","date_gmt":"2024-11-15T06:01:49","guid":{"rendered":"https:\/\/www.diarioimagen.net\/?p=640872"},"modified":"2024-11-19T00:08:23","modified_gmt":"2024-11-19T06:08:23","slug":"moya-rocha-y-la-crisis-fuera-de-control-en-sinaloa","status":"publish","type":"post","link":"https:\/\/www.diarioimagen.net\/?p=640872","title":{"rendered":"Moya Rocha y la crisis fuera de control en Sinaloa"},"content":{"rendered":"<p>&nbsp;<\/p>\n<ul>\n<li><strong><em>El secuestro de \u201cEl Mayo\u201d Zambada y su involucramiento en el narco lo neutralizan como autoridad<\/em><\/strong><\/li>\n<\/ul>\n<p>&nbsp;<\/p>\n<h4>Jos\u00e9 Luis Monta\u00f1ez<\/h4>\n<p>&nbsp;<\/p>\n<p><a href=\"https:\/\/www.diarioimagen.net\/?attachment_id=640892\" rel=\"attachment wp-att-640892\"><img loading=\"lazy\" decoding=\"async\" class=\"aligncenter size-full wp-image-640892\" src=\"https:\/\/www.diarioimagen.net\/wp-content\/uploads\/2024\/11\/moya.jpg\" alt=\"\" width=\"460\" height=\"270\" srcset=\"https:\/\/www.diarioimagen.net\/wp-content\/uploads\/2024\/11\/moya.jpg 460w, https:\/\/www.diarioimagen.net\/wp-content\/uploads\/2024\/11\/moya-240x141.jpg 240w\" sizes=\"auto, (max-width: 460px) 100vw, 460px\" \/><\/a><\/p>\n<p>&nbsp;<\/p>\n<p>La guerra a muerte que libran <em>mayos<\/em> y <em>chapitos<\/em> en Sinaloa, por el control de la producci\u00f3n y distribuci\u00f3n de drogas, sobre todo el mort\u00edfero fentanilo, ha puesto al gobernador Rub\u00e9n Rocha Moya en un serio predicamento.<\/p>\n<p>En ocasiones, parece que se va a caer o que el mismo va a tirar la toalla, pero del centro del pa\u00eds, el gobierno federal, le dice que aguante vara, que las cosas pronto estar\u00e1n en calma.<\/p>\n<p>Pero el d\u00eda d\u00eda en Culiac\u00e1n y la pila de muertos que lleva ya la guerra de <em>mayos<\/em> y <em>chapitos<\/em> parece no tener fin y s\u00ed, en cambio, arreciar.<\/p>\n<p>El gobierno de Estados Unidos acaba de pedir a sus ciudadanos no viajar a Culiac\u00e1n ni a Mazatl\u00e1n por el tema de la seguridad, que se encuentra fuera de control.<\/p>\n<p>Seguramente, el pr\u00f3ximo presidente de Estados Unidos, Donald Trump, y su equipo de seguridad estar\u00e1n ya pensando en un plan para presionar a M\u00e9xico y evitar que la droga que se produce en Sinaloa siga matando a miles de j\u00f3venes norteamericanos, sobre todo, con el mortal fentanilo.<\/p>\n","protected":false},"excerpt":{"rendered":"<p>La guerra a muerte que libran <em>mayos<\/em> y <em>chapitos<\/em> en Sinaloa, por el control de la producci\u00f3n y distribuci\u00f3n de drogas, sobre todo el mort\u00edfero fentanilo, ha puesto al gobernador Rub\u00e9n Rocha Moya en un serio predicamento.<\/p>\n","protected":false},"author":3,"featured_media":640892,"comment_status":"open","ping_status":"open","sticky":false,"template":"","format":"standard","meta":{"_monsterinsights_skip_tracking":false,"_monsterinsights_sitenote_active":false,"_monsterinsights_sitenote_note":"","_monsterinsights_sitenote_category":0,"footnotes":""},"categories":[17,7],"tags":[66398,1220,101241,831],"class_list":["post-640872","post","type-post","status-publish","format-standard","has-post-thumbnail","hentry","category-especiales","category-seguridad","tag-fuera","tag-narco","tag-ruben-rocha-moyam-control","tag-sinaloa"],"_links":{"self":[{"href":"https:\/\/www.diarioimagen.net\/index.php?rest_route=\/wp\/v2\/posts\/640872","targetHints":{"allow":["GET"]}}],"collection":[{"href":"https:\/\/www.diarioimagen.net\/index.php?rest_route=\/wp\/v2\/posts"}],"about":[{"href":"https:\/\/www.diarioimagen.net\/index.php?rest_route=\/wp\/v2\/types\/post"}],"author":[{"embeddable":true,"href":"https:\/\/www.diarioimagen.net\/index.php?rest_route=\/wp\/v2\/users\/3"}],"replies":[{"embeddable":true,"href":"https:\/\/www.diarioimagen.net\/index.php?rest_route=%2Fwp%2Fv2%2Fcomments&post=640872"}],"version-history":[{"count":0,"href":"https:\/\/www.diarioimagen.net\/index.php?rest_route=\/wp\/v2\/posts\/640872\/revisions"}],"wp:featuredmedia":[{"embeddable":true,"href":"https:\/\/www.diarioimagen.net\/index.php?rest_route=\/wp\/v2\/media\/640892"}],"wp:attachment":[{"href":"https:\/\/www.diarioimagen.net\/index.php?rest_route=%2Fwp%2Fv2%2Fmedia&parent=640872"}],"wp:term":[{"taxonomy":"category","embeddable":true,"href":"https:\/\/www.diarioimagen.net\/index.php?rest_route=%2Fwp%2Fv2%2Fcategories&post=640872"},{"taxonomy":"post_tag","embeddable":true,"href":"https:\/\/www.diarioimagen.net\/index.php?rest_route=%2Fwp%2Fv2%2Ftags&post=640872"}],"curies":[{"name":"wp","href":"https:\/\/api.w.org\/{rel}","templated":true}]}}