{"id":640882,"date":"2024-11-15T00:10:53","date_gmt":"2024-11-15T06:10:53","guid":{"rendered":"https:\/\/www.diarioimagen.net\/?p=640882"},"modified":"2024-11-18T00:29:27","modified_gmt":"2024-11-18T06:29:27","slug":"se-va-cuitlahuac-y-llega-rocio","status":"publish","type":"post","link":"https:\/\/www.diarioimagen.net\/?p=640882","title":{"rendered":"Se va Cuitl\u00e1huac y\u00a0llega\u00a0Roc\u00edo"},"content":{"rendered":"<h2>De frente y de perfil<\/h2>\n<h5>Ram\u00f3n Zurita Sahag\u00fan<\/h5>\n<p>&nbsp;<\/p>\n<p>La esperanza est\u00e1 centrada en ella. Roc\u00edo Nahle ser\u00e1 la primera mujer en gobernar Veracruz y le espera un reto grande.<\/p>\n<p>Roc\u00edo hereda la administraci\u00f3n de un estado sumamente rico, pero sumido en conflictos de todo tipo. La presencia de grupos delincuenciales es enorme. La violencia se concentra en las \u00e1reas del sur y el norte, siendo el centro de la entidad el que menos problem\u00e1tica tiene, aunque s\u00ed la hay.<\/p>\n<p>Para ella no fue f\u00e1cil empatizar con los ciudadanos, ya que fue v\u00edctima de una campa\u00f1a negra, propiciada por un personaje que se convirti\u00f3 en aliado de su partido.<\/p>\n<p>Roc\u00edo naci\u00f3 en Zacatecas, pero los 30 a\u00f1os que tiene de vivir en el estado le hicieron posible ser candidata al gobierno estatal, donde su elecci\u00f3n la gan\u00f3 con una amplia ventaja.<\/p>\n<p>Ahora le tocar\u00e1 demostrar el por qu\u00e9 fue una buena elecci\u00f3n de los votantes el sufragar por ella, respondiendo a las necesidades de los habitantes y cumpliendo con los compromisos asumidos en campa\u00f1a.<\/p>\n<p>El escenario no es para nada halag\u00fce\u00f1o, ya que el gobernador saliente, Cuitl\u00e1huac Garc\u00eda deja un tiradero, destac\u00e1ndose su desprecio por la administraci\u00f3n p\u00fablica y su aprecio por el baile.<\/p>\n<p>Todos en Veracruz saben que su gobernador es un estupendo bailar\u00edn de salsa y le gusta mostrar sus dotes, con todo y coreograf\u00eda.<\/p>\n<p>Cuitl\u00e1huac asumi\u00f3 el gobierno estatal, en su segundo intento por gobernar el estado, luego de que los primos Yunes lo enviaron al tercer lugar en los comicios de 2016.<\/p>\n<p>Ilusionado con el triunfo presidencial de Claudia Sheinbaum, Cuitl\u00e1huac se sinti\u00f3 en los cueros de la luna y avent\u00f3 su resto en busca de la CFE, la que le fue adjudicada a otra persona.<\/p>\n<p>Ahora espera que, en los pr\u00f3ximos d\u00edas, la Presidenta de M\u00e9xico le diga a qu\u00e9 \u00e1rea de su gobierno ser\u00e1 invitado. Porque hasta el momento Sheinbaum Pardo ha cumplido con los gobernadores de su partido que dejan de serlo.<\/p>\n<p>Cuauht\u00e9moc Blanco fue invitado como diputado federal; Carlos M. Merino, es director de ASA, y Salom\u00f3n C\u00e9spedes, de Puebla, que dejar\u00e1 de serlo en un mes ya fue designado para coordinar la migraci\u00f3n.<\/p>\n<p>Para Cuitl\u00e1huac ser\u00eda un premio sumarse al equipo del gobierno federal, especialmente por el pobre desempe\u00f1o obtenido en sus seis a\u00f1os de administraci\u00f3n.<\/p>\n<p>Sus fallidas declaraciones una y otra vez, su desprecio por la seguridad de sus gobernados, el poco trabajo realizado en favor de los habitantes de Veracruz, no son buenas cartas de recomendaci\u00f3n, por lo que ser\u00e1 dif\u00edcil verlo en una cartera de importancia.<\/p>\n<p>Ahora vendr\u00e1 lo m\u00e1s dif\u00edcil y ese papel le toca jugarlo a Roc\u00edo Nahle, quien asumir\u00e1 el gobierno de la entidad el 1 de diciembre. Y es que el estado se ha visto gobernado por p\u00e9simos pol\u00edticos en la \u00faltima d\u00e9cada.<\/p>\n<p>Javier Duarte fue un desastre y sus conflictos lo tienen todav\u00eda en prisi\u00f3n, Miguel \u00c1ngel Yunes Linares se gan\u00f3 el repudio de todos, desde antes de que ejecutar\u00e1 su traici\u00f3n al partido que ahora lo declara expulsado y para cerrar el ciclo, Cuitl\u00e1huac que su vida ser\u00eda esplendorosa si se hubiese dedicado al baile.<\/p>\n<p>Tal vez ahora que termine su periodo la presidenta Sheinbaum Pardo decide invitarlo como encargado del ballet folkl\u00f3rico de M\u00e9xico u organizador de los conciertos que se dan con alguna frecuencia en el Z\u00f3calo de la CDMX.<\/p>\n<p style=\"text-align: center;\"><strong>********<\/strong><\/p>\n<p>Gran pol\u00e9mica arm\u00f3 el gobernador de Tabasco, Javier May, quien est\u00e1 decidido a no dejar que su administraci\u00f3n caiga en manos de los grupos delincuenciales. El mandatario se fue encima de quien fuese un poderoso encargado de la seguridad p\u00fablica desde los tiempos de Manuel Gurr\u00eda Ord\u00f3\u00f1ez (1991-94), Hern\u00e1n Berm\u00fadez, al que acus\u00f3 de ser el capit\u00e1n de la organizaci\u00f3n criminal conocida como la \u201cBarredora\u201d y es la que asola a ese estado, donde han crecido la extorsi\u00f3n, la quema de veh\u00edculos y los muertos, v\u00edctimas de la violencia. Berm\u00fadez fue jefe de la polic\u00eda hasta principios de 2024 casi todo el sexenio compartido por Ad\u00e1n Augusto L\u00f3pez y Carlos M. Merino.<\/p>\n<p><em><a href=\"mailto:ramonzurita44@hotmail.com\" target=\"_blank\" rel=\"noopener noreferrer\">ramonzurita44@hotmail.com<\/a><br \/>\n<a href=\"mailto:ramonzurita44@gmail.com\" target=\"_blank\" rel=\"noopener\">ramonzurita44@gmail.com<\/a><\/em><\/p>\n","protected":false},"excerpt":{"rendered":"<p><span style=\"color: #005497;\"><strong>Ram\u00f3n Zurita Sahag\u00fan<\/strong><\/span><\/p>\n","protected":false},"author":3,"featured_media":0,"comment_status":"open","ping_status":"open","sticky":false,"template":"","format":"standard","meta":{"_monsterinsights_skip_tracking":false,"_monsterinsights_sitenote_active":false,"_monsterinsights_sitenote_note":"","_monsterinsights_sitenote_category":0,"footnotes":""},"categories":[234],"tags":[304,43674,43687],"class_list":["post-640882","post","type-post","status-publish","format-standard","hentry","category-ramon-zurita-sahagun","tag-de-frente-y-de-perfil","tag-opinion","tag-ramon-zurita-sahagun"],"_links":{"self":[{"href":"https:\/\/www.diarioimagen.net\/index.php?rest_route=\/wp\/v2\/posts\/640882","targetHints":{"allow":["GET"]}}],"collection":[{"href":"https:\/\/www.diarioimagen.net\/index.php?rest_route=\/wp\/v2\/posts"}],"about":[{"href":"https:\/\/www.diarioimagen.net\/index.php?rest_route=\/wp\/v2\/types\/post"}],"author":[{"embeddable":true,"href":"https:\/\/www.diarioimagen.net\/index.php?rest_route=\/wp\/v2\/users\/3"}],"replies":[{"embeddable":true,"href":"https:\/\/www.diarioimagen.net\/index.php?rest_route=%2Fwp%2Fv2%2Fcomments&post=640882"}],"version-history":[{"count":0,"href":"https:\/\/www.diarioimagen.net\/index.php?rest_route=\/wp\/v2\/posts\/640882\/revisions"}],"wp:attachment":[{"href":"https:\/\/www.diarioimagen.net\/index.php?rest_route=%2Fwp%2Fv2%2Fmedia&parent=640882"}],"wp:term":[{"taxonomy":"category","embeddable":true,"href":"https:\/\/www.diarioimagen.net\/index.php?rest_route=%2Fwp%2Fv2%2Fcategories&post=640882"},{"taxonomy":"post_tag","embeddable":true,"href":"https:\/\/www.diarioimagen.net\/index.php?rest_route=%2Fwp%2Fv2%2Ftags&post=640882"}],"curies":[{"name":"wp","href":"https:\/\/api.w.org\/{rel}","templated":true}]}}